{"id":8017,"date":"2021-10-29T21:55:41","date_gmt":"2021-10-29T19:55:41","guid":{"rendered":"http:\/\/soriapasoapaso.es\/?p=8017"},"modified":"2021-10-29T21:55:58","modified_gmt":"2021-10-29T19:55:58","slug":"otono-en-el-parque-natural-del-moncayo","status":"publish","type":"post","link":"https:\/\/soriapasoapaso.es\/?p=8017","title":{"rendered":"OTO\u00d1O EN EL PARQUE NATURAL DEL MONCAYO  \u00a0"},"content":{"rendered":"<p><strong>&nbsp;<\/strong><\/p>\n<p>Soria, 23 Octubre 2021<\/p>\n<p>&nbsp;<\/p>\n<p>Cita recurrente en estas fechas. Ya lo hab\u00edamos hecho en a\u00f1os anteriores: por esta \u00e9poca es obligada la visita &nbsp;a alguno de los hayedos pr\u00f3ximos a nuestra tierra. Y hoy la hemos dedicado a patear el parque natural del Moncayo por su vertiente zaragozana. La emblem\u00e1tica monta\u00f1a, mitad soriana, mitad aragonesa, nos contempla desde su hier\u00e1tica elevaci\u00f3n, aunque en esta ocasi\u00f3n no es su erguida figura, ondulada y puntiaguda en sus cumbres, la que nos atrae, sino las estribaciones inferiores que&nbsp; rinden tributo a su majestuosa silueta. Y, en concreto, &nbsp;la \u201cpoblaci\u00f3n\u201d vegetal, nutrida de numerosas especies arb\u00f3reas que dan vida al entorno de una&nbsp; naturaleza pr\u00f3diga y generosa, constituye el motivo de &nbsp;nuestro paseo oto\u00f1al por este esperado encuentro con el hayedo del Moncayo.&nbsp; La &nbsp;variedad crom\u00e1tica que exhiben las hojas todav\u00eda florecientes &nbsp;con la ya caducas, adem\u00e1s del contraste con otros espec\u00edmenes arb\u00f3reos, forman el caleidoscopio de un bosque encantado para disfrute del visitante.<\/p>\n<p><img loading=\"lazy\" decoding=\"async\" class=\"alignnone size-medium wp-image-8018\" src=\"http:\/\/soriapasoapaso.es\/wp-content\/uploads\/2021\/10\/IMG20211023091902-300x225.jpg\" alt=\"\" width=\"300\" height=\"225\" srcset=\"https:\/\/soriapasoapaso.es\/wp-content\/uploads\/2021\/10\/IMG20211023091902-300x225.jpg 300w, https:\/\/soriapasoapaso.es\/wp-content\/uploads\/2021\/10\/IMG20211023091902-1024x768.jpg 1024w, https:\/\/soriapasoapaso.es\/wp-content\/uploads\/2021\/10\/IMG20211023091902-768x576.jpg 768w, https:\/\/soriapasoapaso.es\/wp-content\/uploads\/2021\/10\/IMG20211023091902-1536x1152.jpg 1536w, https:\/\/soriapasoapaso.es\/wp-content\/uploads\/2021\/10\/IMG20211023091902-2048x1536.jpg 2048w\" sizes=\"auto, (max-width: 300px) 100vw, 300px\" \/> <img loading=\"lazy\" decoding=\"async\" class=\"alignnone size-medium wp-image-8019\" src=\"http:\/\/soriapasoapaso.es\/wp-content\/uploads\/2021\/10\/IMG20211023094557-300x225.jpg\" alt=\"\" width=\"300\" height=\"225\" srcset=\"https:\/\/soriapasoapaso.es\/wp-content\/uploads\/2021\/10\/IMG20211023094557-300x225.jpg 300w, https:\/\/soriapasoapaso.es\/wp-content\/uploads\/2021\/10\/IMG20211023094557-1024x768.jpg 1024w, https:\/\/soriapasoapaso.es\/wp-content\/uploads\/2021\/10\/IMG20211023094557-768x576.jpg 768w, https:\/\/soriapasoapaso.es\/wp-content\/uploads\/2021\/10\/IMG20211023094557-1536x1152.jpg 1536w, https:\/\/soriapasoapaso.es\/wp-content\/uploads\/2021\/10\/IMG20211023094557-2048x1536.jpg 2048w\" sizes=\"auto, (max-width: 300px) 100vw, 300px\" \/><\/p>\n<p>Nos hemos dado cita a las 8,30 en Agreda, en las proximidades del conocido establecimiento hostelero \u201cDo\u00f1a Juana\u201d, para salir desde aqu\u00ed&nbsp; al punto de arranque de nuestra ruta, la Fuente del Sacrist\u00e1n. Buena decisi\u00f3n de nuestros sherpas este lugar de encuentro, ya que nos separan todav\u00eda algunos Kms. hasta la citada fuente y poco conocido ( o nada) su enclave para la mayor\u00eda de &nbsp;voluntariosos que all\u00ed nos presentamos. A modo de an\u00e9cdota, comentamos que en esta ocasi\u00f3n los varones superamos en n\u00famero a las mujeres, situaci\u00f3n infrecuente en otras&nbsp; jornadas senderistas.<\/p>\n<p>Hecha la comprobaci\u00f3n de que estamos todos los que ten\u00edamos que estar, emprendemos viaje en direcci\u00f3n Vozmediano, localidad conocida por el nacimiento&nbsp; del r\u00edo Queiles, cuyo manantial es considerado el segundo m\u00e1s copioso de Europa, con un caudal que suministra una aportaci\u00f3n media de 1500 litros por segundo. Atravesamos este municipio &nbsp;y, tras dejar la provincia de Soria,&nbsp; nos adentramos&nbsp;&nbsp; en &nbsp;la vertiente aragonesa hasta el origen de la ruta.<\/p>\n<p>La ma\u00f1ana se presenta soleada y agradable, circunstancia que nos augura un paseo tranquilo y en excelentes condiciones &nbsp;para recrearnos &nbsp;en los parajes que iremos conociendo.<\/p>\n<p><img loading=\"lazy\" decoding=\"async\" class=\"alignnone size-medium wp-image-8020\" src=\"http:\/\/soriapasoapaso.es\/wp-content\/uploads\/2021\/10\/IMG20211023095112-300x225.jpg\" alt=\"\" width=\"300\" height=\"225\" srcset=\"https:\/\/soriapasoapaso.es\/wp-content\/uploads\/2021\/10\/IMG20211023095112-300x225.jpg 300w, https:\/\/soriapasoapaso.es\/wp-content\/uploads\/2021\/10\/IMG20211023095112-1024x768.jpg 1024w, https:\/\/soriapasoapaso.es\/wp-content\/uploads\/2021\/10\/IMG20211023095112-768x576.jpg 768w, https:\/\/soriapasoapaso.es\/wp-content\/uploads\/2021\/10\/IMG20211023095112-1536x1152.jpg 1536w, https:\/\/soriapasoapaso.es\/wp-content\/uploads\/2021\/10\/IMG20211023095112-2048x1536.jpg 2048w\" sizes=\"auto, (max-width: 300px) 100vw, 300px\" \/> <img loading=\"lazy\" decoding=\"async\" class=\"alignnone size-medium wp-image-8021\" src=\"http:\/\/soriapasoapaso.es\/wp-content\/uploads\/2021\/10\/IMG20211023095658-300x225.jpg\" alt=\"\" width=\"300\" height=\"225\" srcset=\"https:\/\/soriapasoapaso.es\/wp-content\/uploads\/2021\/10\/IMG20211023095658-300x225.jpg 300w, https:\/\/soriapasoapaso.es\/wp-content\/uploads\/2021\/10\/IMG20211023095658-1024x768.jpg 1024w, https:\/\/soriapasoapaso.es\/wp-content\/uploads\/2021\/10\/IMG20211023095658-768x576.jpg 768w, https:\/\/soriapasoapaso.es\/wp-content\/uploads\/2021\/10\/IMG20211023095658-1536x1152.jpg 1536w, https:\/\/soriapasoapaso.es\/wp-content\/uploads\/2021\/10\/IMG20211023095658-2048x1536.jpg 2048w\" sizes=\"auto, (max-width: 300px) 100vw, 300px\" \/><\/p>\n<p>Hemos llegado a la citada fuente y dejamos los coches en los pocos aparcamientos \u201cecol\u00f3gicamente\u201d se\u00f1alados (vamos a llamarlos as\u00ed), escasez debida a la necesidad de &nbsp;preservar la pureza del entorno y evitar el uso masivo de veh\u00edculos en el lugar. Hay que advertir que este punto es&nbsp; tanto origen como llegada de las muchas&nbsp; rutas que atraviesan la sierra. Nuestros sherpas la han elegido como arranque y desde ah\u00ed comenzamos nuestra andadura para cubrir los 12 Km., aproximadamente, que marcan hoy nuestro objetivo.<\/p>\n<p>El parque natural del Moncayo, adem\u00e1s de acoger la cima m\u00e1s alta que comparten Soria y Zaragoza, es un amplio territorio que se extiende a lo largo de la sierra del mismo nombre y que abarca parte de tres comarcas zaragozanas. Su cara norte es m\u00e1s conocida (una sucesi\u00f3n estratificada&nbsp; de diferentes vegetaciones y ecosistemas: los encinares y cascajares van dando paso a robledales, pinares y abedulares), pero existe otra cara sur muy diferente y no por ello menos esencial. El encanto de sus bosques, glaciares y barrancos hechiza por su sorprendente&nbsp; belleza y el mudar de las estaciones sorprende a los que creen haberlo visto todo.<\/p>\n<p><img loading=\"lazy\" decoding=\"async\" class=\"alignnone size-medium wp-image-8022\" src=\"http:\/\/soriapasoapaso.es\/wp-content\/uploads\/2021\/10\/IMG20211023100649-300x225.jpg\" alt=\"\" width=\"300\" height=\"225\" srcset=\"https:\/\/soriapasoapaso.es\/wp-content\/uploads\/2021\/10\/IMG20211023100649-300x225.jpg 300w, https:\/\/soriapasoapaso.es\/wp-content\/uploads\/2021\/10\/IMG20211023100649-1024x768.jpg 1024w, https:\/\/soriapasoapaso.es\/wp-content\/uploads\/2021\/10\/IMG20211023100649-768x576.jpg 768w, https:\/\/soriapasoapaso.es\/wp-content\/uploads\/2021\/10\/IMG20211023100649-1536x1152.jpg 1536w, https:\/\/soriapasoapaso.es\/wp-content\/uploads\/2021\/10\/IMG20211023100649-2048x1536.jpg 2048w\" sizes=\"auto, (max-width: 300px) 100vw, 300px\" \/> <img loading=\"lazy\" decoding=\"async\" class=\"alignnone size-medium wp-image-8023\" src=\"http:\/\/soriapasoapaso.es\/wp-content\/uploads\/2021\/10\/IMG20211023102059-300x225.jpg\" alt=\"\" width=\"300\" height=\"225\" srcset=\"https:\/\/soriapasoapaso.es\/wp-content\/uploads\/2021\/10\/IMG20211023102059-300x225.jpg 300w, https:\/\/soriapasoapaso.es\/wp-content\/uploads\/2021\/10\/IMG20211023102059-1024x768.jpg 1024w, https:\/\/soriapasoapaso.es\/wp-content\/uploads\/2021\/10\/IMG20211023102059-768x576.jpg 768w, https:\/\/soriapasoapaso.es\/wp-content\/uploads\/2021\/10\/IMG20211023102059-1536x1152.jpg 1536w, https:\/\/soriapasoapaso.es\/wp-content\/uploads\/2021\/10\/IMG20211023102059-2048x1536.jpg 2048w\" sizes=\"auto, (max-width: 300px) 100vw, 300px\" \/><\/p>\n<p>Pronto empezamos a apreciar la diversidad ecol\u00f3gica que el paisaje presenta. Enfilamos por una marcada senda, que atraviesa en varias ocasiones la pista rodada que conduce hasta el santuario del Moncayo, y advertimos ya que el haya, especie dominante de la zona, se hermana con otras especies arb\u00f3reas que ofrece la ecodiversidad de este sistema. Es una ruta ascendente, pero muy soportable por el esfuerzo requerido, mientras caminamos a la sombra de este ed\u00e9n natural que conforman pinos silvestres, algunos abetos, densos brezales, brillantes acebos, aislados avellanos, llamativos serbales, enhiestas hayas&nbsp; &nbsp;y otros arbustos que saludan nuestra presencia. Y mientras admiramos su porte, preguntamos a nuestro siempre dispuesto Alberto por su nombre o nos quedamos observando su anatom\u00eda, altura, ropaje vegetal , etc.<\/p>\n<p><img loading=\"lazy\" decoding=\"async\" class=\"alignnone size-medium wp-image-8024\" src=\"http:\/\/soriapasoapaso.es\/wp-content\/uploads\/2021\/10\/IMG-20211023-WA0019-300x169.jpg\" alt=\"\" width=\"300\" height=\"169\" srcset=\"https:\/\/soriapasoapaso.es\/wp-content\/uploads\/2021\/10\/IMG-20211023-WA0019-300x169.jpg 300w, https:\/\/soriapasoapaso.es\/wp-content\/uploads\/2021\/10\/IMG-20211023-WA0019-1024x576.jpg 1024w, https:\/\/soriapasoapaso.es\/wp-content\/uploads\/2021\/10\/IMG-20211023-WA0019-768x432.jpg 768w, https:\/\/soriapasoapaso.es\/wp-content\/uploads\/2021\/10\/IMG-20211023-WA0019-1536x864.jpg 1536w, https:\/\/soriapasoapaso.es\/wp-content\/uploads\/2021\/10\/IMG-20211023-WA0019.jpg 1600w\" sizes=\"auto, (max-width: 300px) 100vw, 300px\" \/> <img loading=\"lazy\" decoding=\"async\" class=\"alignnone size-medium wp-image-8025\" src=\"http:\/\/soriapasoapaso.es\/wp-content\/uploads\/2021\/10\/IMG-20211023-WA0022-300x169.jpg\" alt=\"\" width=\"300\" height=\"169\" srcset=\"https:\/\/soriapasoapaso.es\/wp-content\/uploads\/2021\/10\/IMG-20211023-WA0022-300x169.jpg 300w, https:\/\/soriapasoapaso.es\/wp-content\/uploads\/2021\/10\/IMG-20211023-WA0022-1024x576.jpg 1024w, https:\/\/soriapasoapaso.es\/wp-content\/uploads\/2021\/10\/IMG-20211023-WA0022-768x432.jpg 768w, https:\/\/soriapasoapaso.es\/wp-content\/uploads\/2021\/10\/IMG-20211023-WA0022-1536x864.jpg 1536w, https:\/\/soriapasoapaso.es\/wp-content\/uploads\/2021\/10\/IMG-20211023-WA0022.jpg 1600w\" sizes=\"auto, (max-width: 300px) 100vw, 300px\" \/><\/p>\n<p>En este primer tramo no son las hojas caducas de las hayas las que rinden tributo de humildad a nuestros paso, sino las ac\u00edculas u hojas del pino silvestre, tambi\u00e9n llamadas pinochas, las que alfombran el terreno que pisamos. Constituyen el tejido epid\u00e9rmico de esta familia arb\u00f3rea, y como todo ser viviente muda tambi\u00e9n su piel para regenerar la&nbsp; vida que&nbsp; permite su desarrollo.<\/p>\n<p>Seguimos subiendo y en el paraje conocido como \u201cPrado de Santa Luc\u00eda\u201d nos topamos con un nevero o pozo de nieve, que viene a constituir el antepasado natural, no industrial, de los modernos frigor\u00edficos, por su uso, finalidad y utilidad para la conservaci\u00f3n y refrigeraci\u00f3n de los alimentos. El panel explicativo junto al mismo ofrece toda clase de detalles sobre estos recursos naturales que los lugare\u00f1os supieron transformar para satisfacer necesidades primarias que hoy cubrimos con elementos m\u00e1s sofisticados, acordes con el desarrollo tecnol\u00f3gico.<\/p>\n<p>Por el camino, vamos comentando &nbsp;las semejanzas&nbsp; y diferencias de esta subida con la que hicimos no hace muchos meses hacia la cumbre m\u00e1gica del Moncayo. Sin duda son m\u00e1s las diferencias que las semejanzas en lo que a pendiente, esfuerzo, terreno y vivencias se sienten en esta zona.<\/p>\n<p><img loading=\"lazy\" decoding=\"async\" class=\"alignnone size-medium wp-image-8026\" src=\"http:\/\/soriapasoapaso.es\/wp-content\/uploads\/2021\/10\/IMG-20211023-WA0032-300x169.jpg\" alt=\"\" width=\"300\" height=\"169\" srcset=\"https:\/\/soriapasoapaso.es\/wp-content\/uploads\/2021\/10\/IMG-20211023-WA0032-300x169.jpg 300w, https:\/\/soriapasoapaso.es\/wp-content\/uploads\/2021\/10\/IMG-20211023-WA0032-1024x576.jpg 1024w, https:\/\/soriapasoapaso.es\/wp-content\/uploads\/2021\/10\/IMG-20211023-WA0032-768x432.jpg 768w, https:\/\/soriapasoapaso.es\/wp-content\/uploads\/2021\/10\/IMG-20211023-WA0032-1536x864.jpg 1536w, https:\/\/soriapasoapaso.es\/wp-content\/uploads\/2021\/10\/IMG-20211023-WA0032.jpg 1600w\" sizes=\"auto, (max-width: 300px) 100vw, 300px\" \/> <img loading=\"lazy\" decoding=\"async\" class=\"alignnone size-medium wp-image-8027\" src=\"http:\/\/soriapasoapaso.es\/wp-content\/uploads\/2021\/10\/IMG-20211023-WA0035-300x169.jpg\" alt=\"\" width=\"300\" height=\"169\" srcset=\"https:\/\/soriapasoapaso.es\/wp-content\/uploads\/2021\/10\/IMG-20211023-WA0035-300x169.jpg 300w, https:\/\/soriapasoapaso.es\/wp-content\/uploads\/2021\/10\/IMG-20211023-WA0035-1024x576.jpg 1024w, https:\/\/soriapasoapaso.es\/wp-content\/uploads\/2021\/10\/IMG-20211023-WA0035-768x432.jpg 768w, https:\/\/soriapasoapaso.es\/wp-content\/uploads\/2021\/10\/IMG-20211023-WA0035-1536x864.jpg 1536w, https:\/\/soriapasoapaso.es\/wp-content\/uploads\/2021\/10\/IMG-20211023-WA0035.jpg 1600w\" sizes=\"auto, (max-width: 300px) 100vw, 300px\" \/><\/p>\n<p>Continuamos por una marcada senda que coincide en parte con un marcado GR-90. No es nuestra intenci\u00f3n seguir este largo trayecto, sino alcanzar una meseta elevada (ser\u00e1 la m\u00e1xima altitud de&nbsp; nuestra ruta) situada a espaldas del Santuario del Moncayo. Lo de santuario tiene su origen, como el nombre indica, en un supuesto hecho religioso, ya que el documento m\u00e1s antiguo que se conoce de este lugar data del siglo XIII, con motivo de la aparici\u00f3n de la imagen de la Virgen de Ntra. Sra. del Moncayo.<\/p>\n<p>Los sucesivos tramos del terreno &nbsp;ofrecen la rica variedad de especies que acoge este vergel bot\u00e1nico que conforma el id\u00edlico parque del Moncayo. El camino es agradable, la temperatura invita a&nbsp; desprenderse de la ropa de abrigo y la conversaci\u00f3n con nuestro bien informado Alberto en materia arb\u00f3reo-forestal resulta siempre amena, did\u00e1ctica y enriquecedora.<\/p>\n<p>Hemos llegado hasta el citado santuario, enclavado en una explanada a mitad del monte (1620 metros de altitud) y al abrigo de una enorme pe\u00f1a negruzca, llamada Cuchar\u00f3n, cuyo edificio est\u00e1 integrado por la Iglesia , en el centro, y dos amplias casas, una a la cabeza y otra a los pies del templo. Actualmente este conjunto arquitect\u00f3nico, excepto la Iglesia, est\u00e1 dedicado a la hosteler\u00eda, que gestiona una empresa privada y cuyo restaurante permanece abierto todo el a\u00f1o. En tanto que su uso religioso apenas tiene actividad una vez al a\u00f1o.&nbsp; Podr\u00edamos hablar, seg\u00fan el uso al que se destina, de un santuario a la hosteler\u00eda\u2026.para deleite y solaz de los excursionistas que por aqu\u00ed se acercan. Hay que destacar&nbsp; el f\u00e1cil acceso en autom\u00f3vil hasta las proximidades del mismo.<\/p>\n<p>Ni la instalaci\u00f3n hostelera, ni la iglesia (cerrada al culto habitualmente) constituyen el objeto de nuestra visita, sino la ya citada&nbsp; explanada a espaldas de este conjunto arquitect\u00f3nico, formada por una peque\u00f1a llanura donde se elevan moles de piedra a modo de miradores naturales. Este ser\u00e1 nuestro punto de descanso obligado para disfrutar el rato de asueto y momento&nbsp; gastron\u00f3mico que toda ruta exige. Y ah\u00ed &nbsp;nos dirigimos, no sin antes atravesar alg\u00fan angosto&nbsp; ( y corto) camino entre piedras para tener la mejor posici\u00f3n de descanso y observaci\u00f3n entre los pe\u00f1ascos.<\/p>\n<p><img loading=\"lazy\" decoding=\"async\" class=\"alignnone size-medium wp-image-8028\" src=\"http:\/\/soriapasoapaso.es\/wp-content\/uploads\/2021\/10\/IMG-20211023-WA0018-300x169.jpg\" alt=\"\" width=\"300\" height=\"169\" srcset=\"https:\/\/soriapasoapaso.es\/wp-content\/uploads\/2021\/10\/IMG-20211023-WA0018-300x169.jpg 300w, https:\/\/soriapasoapaso.es\/wp-content\/uploads\/2021\/10\/IMG-20211023-WA0018-1024x576.jpg 1024w, https:\/\/soriapasoapaso.es\/wp-content\/uploads\/2021\/10\/IMG-20211023-WA0018-768x432.jpg 768w, https:\/\/soriapasoapaso.es\/wp-content\/uploads\/2021\/10\/IMG-20211023-WA0018-1536x864.jpg 1536w, https:\/\/soriapasoapaso.es\/wp-content\/uploads\/2021\/10\/IMG-20211023-WA0018.jpg 1600w\" sizes=\"auto, (max-width: 300px) 100vw, 300px\" \/> <img loading=\"lazy\" decoding=\"async\" class=\"alignnone size-medium wp-image-8029\" src=\"http:\/\/soriapasoapaso.es\/wp-content\/uploads\/2021\/10\/IMG-20211023-WA0020-300x169.jpg\" alt=\"\" width=\"300\" height=\"169\" srcset=\"https:\/\/soriapasoapaso.es\/wp-content\/uploads\/2021\/10\/IMG-20211023-WA0020-300x169.jpg 300w, https:\/\/soriapasoapaso.es\/wp-content\/uploads\/2021\/10\/IMG-20211023-WA0020-1024x576.jpg 1024w, https:\/\/soriapasoapaso.es\/wp-content\/uploads\/2021\/10\/IMG-20211023-WA0020-768x432.jpg 768w, https:\/\/soriapasoapaso.es\/wp-content\/uploads\/2021\/10\/IMG-20211023-WA0020-1536x864.jpg 1536w, https:\/\/soriapasoapaso.es\/wp-content\/uploads\/2021\/10\/IMG-20211023-WA0020.jpg 1600w\" sizes=\"auto, (max-width: 300px) 100vw, 300px\" \/><\/p>\n<p>Y antes de sacudir las mochilas para dar cuenta del deseado bocadillo, no podemos por menos de admirar las vistas que se &nbsp;ofrecen a nuestra mirada en el pr\u00f3ximo y m\u00e1s lejano horizonte. Desde aqu\u00ed podemos ver los n\u00facleos de poblaci\u00f3n m\u00e1s cercanos de esta comarca zaragozana. Tarazona ocupa un lugar central en nuestro observatorio paisaj\u00edstico, mientras &nbsp;otros pueblos m\u00e1s peque\u00f1os, como&nbsp; San Mart\u00edn de la Virgen del Moncayo o Santa Cruz del Moncayo, se nos muestran m\u00e1s pr\u00f3ximos y bien definidos sus contornos, as\u00ed como peque\u00f1os embalses en las cercan\u00edas de estos municipios que recogen las aguas del Moncayo, emulando peque\u00f1os espejos flotando en un mar de \u00e1rboles. Porque ese es el paisaje que se ofrece bajo nuestra mirada: una masa arb\u00f3rea que conserva el verde intenso de su ramaje, retiene el agua que le brinda la monta\u00f1a y dota de riqueza material y ambiental &nbsp;a sus habitantes m\u00e1s cercanos. Y un poco m\u00e1s alejada, pero perfectamente delineada, se reconoce la cadena p\u00e9trea, en tonos ocres y gris\u00e1ceos, que protege&nbsp; un barranco por donde fluyen &nbsp;&nbsp;las aguas del ca\u00f1\u00f3n del Val, entre otras corrientes acu\u00edferas, que vierten al embalse de Los Fayos. Pero no solamente&nbsp; apreciamos&nbsp; la parte aragonesa: un poco m\u00e1s hacia el este podemos observar &nbsp;los dominios&nbsp; sorianos que constituyen la comarca de Agreda, el perfil de la autov\u00eda que circunvala el municipio y los tonos plateados que presentan los elementos almacenados al aire libre de lo que luego se convertir\u00e1n en las piezas de los \u201cmolinillos\u201d e\u00f3licos que abundan en los montes y colinas de la geograf\u00eda espa\u00f1ola.&nbsp; No tan alejado de nosotros, en direcci\u00f3n sureste, se puede apreciar un altivo serbal que exhibe con elegancia todav\u00eda sus hojas doradas, a modo de est\u00e1tico estandarte en medio &nbsp;de la alternancia crom\u00e1tica y frondosidad del bosque que emerge. Y la vista todav\u00eda nos alcanza un poco m\u00e1s: en el horizonte m\u00e1s alejado y lejano podemos observar las altas cumbres de los Pirineos, frontera natural, por el norte, del valle del Ebro y punto de confluencia que cierra el ciclo visual desde nuestra perspectiva entre el azul celeste y la tierra.<\/p>\n<p><img loading=\"lazy\" decoding=\"async\" class=\"alignnone size-medium wp-image-8030\" src=\"http:\/\/soriapasoapaso.es\/wp-content\/uploads\/2021\/10\/IMG-20211023-WA0039-300x169.jpg\" alt=\"\" width=\"300\" height=\"169\" srcset=\"https:\/\/soriapasoapaso.es\/wp-content\/uploads\/2021\/10\/IMG-20211023-WA0039-300x169.jpg 300w, https:\/\/soriapasoapaso.es\/wp-content\/uploads\/2021\/10\/IMG-20211023-WA0039-1024x576.jpg 1024w, https:\/\/soriapasoapaso.es\/wp-content\/uploads\/2021\/10\/IMG-20211023-WA0039-768x432.jpg 768w, https:\/\/soriapasoapaso.es\/wp-content\/uploads\/2021\/10\/IMG-20211023-WA0039-1536x864.jpg 1536w, https:\/\/soriapasoapaso.es\/wp-content\/uploads\/2021\/10\/IMG-20211023-WA0039.jpg 2048w\" sizes=\"auto, (max-width: 300px) 100vw, 300px\" \/> <img loading=\"lazy\" decoding=\"async\" class=\"alignnone size-medium wp-image-8031\" src=\"http:\/\/soriapasoapaso.es\/wp-content\/uploads\/2021\/10\/IMG-20211023-WA0043-300x169.jpg\" alt=\"\" width=\"300\" height=\"169\" srcset=\"https:\/\/soriapasoapaso.es\/wp-content\/uploads\/2021\/10\/IMG-20211023-WA0043-300x169.jpg 300w, https:\/\/soriapasoapaso.es\/wp-content\/uploads\/2021\/10\/IMG-20211023-WA0043-1024x576.jpg 1024w, https:\/\/soriapasoapaso.es\/wp-content\/uploads\/2021\/10\/IMG-20211023-WA0043-768x432.jpg 768w, https:\/\/soriapasoapaso.es\/wp-content\/uploads\/2021\/10\/IMG-20211023-WA0043-1536x864.jpg 1536w, https:\/\/soriapasoapaso.es\/wp-content\/uploads\/2021\/10\/IMG-20211023-WA0043.jpg 2048w\" sizes=\"auto, (max-width: 300px) 100vw, 300px\" \/><\/p>\n<p>Hemos tenido tiempo de &nbsp;disfrutar del paisaje en toda su amplitud y recuperar fuerzas para la segunda parte del trayecto, que en su recorrido &nbsp;se nos presenta m\u00e1s amble y suave, porque iniciamos el descenso desde los algo m\u00e1s de los 1600 metros de altitud en la que nos encontramos.<\/p>\n<p>La ruta ahora es una marcada senda preparada para el caminante, flanqueada por el extenso e inmenso hayedo de Pe\u00f1a Roya. Este bosque de hayas es uno de los m\u00e1s meridionales de Arag\u00f3n y se distribuye entre los 1200 y 1600 metros de altitud. Una mayor pluviosidad&nbsp; y las nieblas que se agarran al Moncayo hacen que tenga la humedad necesaria para desarrollarse. Sus hojas, de color verde intenso en primavera y verano, ahora en &nbsp;tonos dorados, parecen monedas que cuelgan sobre nuestras cabezas y tintinean con el sol. Se tornar\u00e1n rojizas en poco tiempo y acabar\u00e1n cayendo formando parte del mullido colch\u00f3n de hojas que alfombran el camino. Esto por lo que se refiere a su aspecto m\u00e1s ornamental, pero en otro orden de valores hay que destacar que el haya es una especie muy valiosa para la selvicultura, ya que puede crecer en ambientes muy diversos donde la humedad ambiental sea muy elevada, am\u00e9n de la riqueza que proporciona su madera y los usos que de ella se hacen.<\/p>\n<p><img loading=\"lazy\" decoding=\"async\" class=\"alignnone size-medium wp-image-8032\" src=\"http:\/\/soriapasoapaso.es\/wp-content\/uploads\/2021\/10\/IMG-20211023-WA0055-300x169.jpg\" alt=\"\" width=\"300\" height=\"169\" srcset=\"https:\/\/soriapasoapaso.es\/wp-content\/uploads\/2021\/10\/IMG-20211023-WA0055-300x169.jpg 300w, https:\/\/soriapasoapaso.es\/wp-content\/uploads\/2021\/10\/IMG-20211023-WA0055-1024x576.jpg 1024w, https:\/\/soriapasoapaso.es\/wp-content\/uploads\/2021\/10\/IMG-20211023-WA0055-768x432.jpg 768w, https:\/\/soriapasoapaso.es\/wp-content\/uploads\/2021\/10\/IMG-20211023-WA0055-1536x864.jpg 1536w, https:\/\/soriapasoapaso.es\/wp-content\/uploads\/2021\/10\/IMG-20211023-WA0055.jpg 2048w\" sizes=\"auto, (max-width: 300px) 100vw, 300px\" \/> <img loading=\"lazy\" decoding=\"async\" class=\"alignnone size-medium wp-image-8033\" src=\"http:\/\/soriapasoapaso.es\/wp-content\/uploads\/2021\/10\/IMG-20211023-WA0057-300x169.jpg\" alt=\"\" width=\"300\" height=\"169\" srcset=\"https:\/\/soriapasoapaso.es\/wp-content\/uploads\/2021\/10\/IMG-20211023-WA0057-300x169.jpg 300w, https:\/\/soriapasoapaso.es\/wp-content\/uploads\/2021\/10\/IMG-20211023-WA0057-1024x576.jpg 1024w, https:\/\/soriapasoapaso.es\/wp-content\/uploads\/2021\/10\/IMG-20211023-WA0057-768x432.jpg 768w, https:\/\/soriapasoapaso.es\/wp-content\/uploads\/2021\/10\/IMG-20211023-WA0057-1536x864.jpg 1536w, https:\/\/soriapasoapaso.es\/wp-content\/uploads\/2021\/10\/IMG-20211023-WA0057.jpg 2048w\" sizes=\"auto, (max-width: 300px) 100vw, 300px\" \/><\/p>\n<p>El camino por el hayedo est\u00e1 muy concurrido. Alguien comenta en tono jocoso que \u201cesto parece El Collado\u201d. Y ciertamente no son pocos los grupos que nos hemos dado cita por estos parajes para rendir tributo a la belleza oto\u00f1al que presentan. Hay quienes transitan por aqu\u00ed camino de la cima.&nbsp; Un grupo de chicas j\u00f3venes van en esa direcci\u00f3n, aunque tuve la sensaci\u00f3n, al hablar con ellas, que desconoc\u00edan la dureza del ascenso. Apelo a su juventud y fortaleza para motivar su decisi\u00f3n y resaltarles la belleza que encontrar\u00e1n en lo m\u00e1s alto de la cumbre.<\/p>\n<p>Descendemos por la c\u00f3moda senda, mientras sorteamos no pocos arroyuelos que hablan de la humedad que fecunda esta tierra y da origen a la masa de altivas hayas.<\/p>\n<p>Nos encontramos tambi\u00e9n con otro grupo de chicos\/as, (vienen de Tauste, nos dicen) que van provistos de su cestita para la recolecci\u00f3n de los productos micol\u00f3gicos. Parece que no saben diferenciar todav\u00eda las distintas especies que recolectan, porque nos preguntan qu\u00e9 especies son comestibles y cu\u00e1les no&nbsp; de los&nbsp; variados ejemplares que han echado&nbsp; a la cesta: alg\u00fan boletus&nbsp; y dos o tres especies de distintas variedades&nbsp; micol\u00f3gicas. Les aclaramos sus dudas y les advertimos de la necesidad de disponer de la correspondiente licencia de recolecci\u00f3n. Todo esto les suena a nuevo\u2026.<\/p>\n<p><img loading=\"lazy\" decoding=\"async\" class=\"alignnone size-medium wp-image-8034\" src=\"http:\/\/soriapasoapaso.es\/wp-content\/uploads\/2021\/10\/IMG20211023115522-300x225.jpg\" alt=\"\" width=\"300\" height=\"225\" srcset=\"https:\/\/soriapasoapaso.es\/wp-content\/uploads\/2021\/10\/IMG20211023115522-300x225.jpg 300w, https:\/\/soriapasoapaso.es\/wp-content\/uploads\/2021\/10\/IMG20211023115522-1024x768.jpg 1024w, https:\/\/soriapasoapaso.es\/wp-content\/uploads\/2021\/10\/IMG20211023115522-768x576.jpg 768w, https:\/\/soriapasoapaso.es\/wp-content\/uploads\/2021\/10\/IMG20211023115522-1536x1152.jpg 1536w, https:\/\/soriapasoapaso.es\/wp-content\/uploads\/2021\/10\/IMG20211023115522-2048x1536.jpg 2048w\" sizes=\"auto, (max-width: 300px) 100vw, 300px\" \/> <img loading=\"lazy\" decoding=\"async\" class=\"alignnone size-medium wp-image-8035\" src=\"http:\/\/soriapasoapaso.es\/wp-content\/uploads\/2021\/10\/IMG20211023122856-300x225.jpg\" alt=\"\" width=\"300\" height=\"225\" srcset=\"https:\/\/soriapasoapaso.es\/wp-content\/uploads\/2021\/10\/IMG20211023122856-300x225.jpg 300w, https:\/\/soriapasoapaso.es\/wp-content\/uploads\/2021\/10\/IMG20211023122856-1024x768.jpg 1024w, https:\/\/soriapasoapaso.es\/wp-content\/uploads\/2021\/10\/IMG20211023122856-768x576.jpg 768w, https:\/\/soriapasoapaso.es\/wp-content\/uploads\/2021\/10\/IMG20211023122856-1536x1152.jpg 1536w, https:\/\/soriapasoapaso.es\/wp-content\/uploads\/2021\/10\/IMG20211023122856-2048x1536.jpg 2048w\" sizes=\"auto, (max-width: 300px) 100vw, 300px\" \/><\/p>\n<p>Y as\u00ed, paso a paso, nos vamos acercando hasta el lugar de partida, la citada \u201cFuente del Sacrist\u00e1n\u201d, mientras no dejamos de admirar la frondosidad que inunda este&nbsp; paisaje de erguidas hayas, que parecen desafiar al sol, dejando que se filtre solo&nbsp; por los huecos alineados de su arquitectura bot\u00e1nica, en tanto que ellas mismas lo buscan desde lo m\u00e1s alto de su corteza.<\/p>\n<p>Y acabamos donde empezamos la ma\u00f1ana: en la terraza de la cafeter\u00eda \u201cDo\u00f1a Juana\u201d de Agreda, degustando una refrescante y merecida cerveza, como es de rigor en todos los finales de etapa, o un estimulante&nbsp; vino que nos ponga el \u00faltimo sabor agradable de la jornada<\/p>\n<p>&nbsp;<\/p>\n<p><strong>Agnelo Yubero&nbsp;&nbsp;&nbsp; &nbsp;&nbsp;&nbsp;&nbsp;<\/strong><\/p>\n<p>&nbsp;<\/p>\n","protected":false},"excerpt":{"rendered":"<p>&nbsp; Soria, 23 Octubre 2021 &nbsp; Cita recurrente en estas fechas. Ya lo hab\u00edamos hecho en a\u00f1os anteriores: por esta \u00e9poca es obligada la visita &nbsp;a alguno de los hayedos pr\u00f3ximos a nuestra tierra. Y hoy la hemos dedicado a patear el parque natural del Moncayo por su vertiente zaragozana. <\/p>\n<p><a class=\"read-more\" href=\"https:\/\/soriapasoapaso.es\/?p=8017\">Read More<\/a><\/p>\n","protected":false},"author":1,"featured_media":8036,"comment_status":"open","ping_status":"open","sticky":false,"template":"","format":"standard","meta":{"footnotes":""},"categories":[21],"tags":[],"class_list":["post-8017","post","type-post","status-publish","format-standard","has-post-thumbnail","hentry","category-rutas"],"_links":{"self":[{"href":"https:\/\/soriapasoapaso.es\/index.php?rest_route=\/wp\/v2\/posts\/8017","targetHints":{"allow":["GET"]}}],"collection":[{"href":"https:\/\/soriapasoapaso.es\/index.php?rest_route=\/wp\/v2\/posts"}],"about":[{"href":"https:\/\/soriapasoapaso.es\/index.php?rest_route=\/wp\/v2\/types\/post"}],"author":[{"embeddable":true,"href":"https:\/\/soriapasoapaso.es\/index.php?rest_route=\/wp\/v2\/users\/1"}],"replies":[{"embeddable":true,"href":"https:\/\/soriapasoapaso.es\/index.php?rest_route=%2Fwp%2Fv2%2Fcomments&post=8017"}],"version-history":[{"count":2,"href":"https:\/\/soriapasoapaso.es\/index.php?rest_route=\/wp\/v2\/posts\/8017\/revisions"}],"predecessor-version":[{"id":8038,"href":"https:\/\/soriapasoapaso.es\/index.php?rest_route=\/wp\/v2\/posts\/8017\/revisions\/8038"}],"wp:featuredmedia":[{"embeddable":true,"href":"https:\/\/soriapasoapaso.es\/index.php?rest_route=\/wp\/v2\/media\/8036"}],"wp:attachment":[{"href":"https:\/\/soriapasoapaso.es\/index.php?rest_route=%2Fwp%2Fv2%2Fmedia&parent=8017"}],"wp:term":[{"taxonomy":"category","embeddable":true,"href":"https:\/\/soriapasoapaso.es\/index.php?rest_route=%2Fwp%2Fv2%2Fcategories&post=8017"},{"taxonomy":"post_tag","embeddable":true,"href":"https:\/\/soriapasoapaso.es\/index.php?rest_route=%2Fwp%2Fv2%2Ftags&post=8017"}],"curies":[{"name":"wp","href":"https:\/\/api.w.org\/{rel}","templated":true}]}}