{"id":7228,"date":"2021-05-09T21:51:10","date_gmt":"2021-05-09T19:51:10","guid":{"rendered":"http:\/\/soriapasoapaso.es\/?p=7228"},"modified":"2021-05-09T21:51:10","modified_gmt":"2021-05-09T19:51:10","slug":"ruta-por-tiermes-24-04-2021","status":"publish","type":"post","link":"https:\/\/soriapasoapaso.es\/?p=7228","title":{"rendered":"Ruta por Tiermes.  24\/04\/2021"},"content":{"rendered":"<p>&nbsp;<\/p>\n<p>Hoy nos vamos en busca de un peque\u00f1o pueblo, donde nace un peque\u00f1o r\u00edo y ambos, pueblo y r\u00edo, comparten el mismo nombre: PEDRO.<\/p>\n<p>Nos vamos a tierras deshabitadas tambi\u00e9n como la semana pasada, pero hoy nuestros coches circulan hacia al Suroeste de Soria, hacia tierras rayanas con Segovia y Guadalajara, a terreno llano de buena calidad que produce grano y pastos para la ganader\u00eda y que hoy lo vemos como una gran alfombra amarilla por la floraci\u00f3n de la colza. En esta desamparada zona existe un lugar en el que se han hallado restos de antiqu\u00edsimas civilizaciones, unos sobre otros, un yacimiento arqueol\u00f3gico de gran valor que ha sido considerado la Pompeya Espa\u00f1ola por algunos autores y que hoy es el centro de nuestra ruta senderista: Tiermes<\/p>\n<p><img loading=\"lazy\" decoding=\"async\" class=\"aligncenter size-large wp-image-7229\" src=\"http:\/\/soriapasoapaso.es\/wp-content\/uploads\/2021\/05\/IMG_20210424_094250-1024x473.jpg\" alt=\"\" width=\"880\" height=\"406\" srcset=\"https:\/\/soriapasoapaso.es\/wp-content\/uploads\/2021\/05\/IMG_20210424_094250-1024x473.jpg 1024w, https:\/\/soriapasoapaso.es\/wp-content\/uploads\/2021\/05\/IMG_20210424_094250-300x139.jpg 300w, https:\/\/soriapasoapaso.es\/wp-content\/uploads\/2021\/05\/IMG_20210424_094250-768x355.jpg 768w, https:\/\/soriapasoapaso.es\/wp-content\/uploads\/2021\/05\/IMG_20210424_094250-1536x709.jpg 1536w, https:\/\/soriapasoapaso.es\/wp-content\/uploads\/2021\/05\/IMG_20210424_094250-2048x946.jpg 2048w\" sizes=\"auto, (max-width: 880px) 100vw, 880px\" \/><\/p>\n<p>Seguimos con suerte meteorol\u00f3gicamente hablando porque este fin de semana la borrasca Lola aplaza su llegada hasta el Domingo y nos permite disfrutar de nuestra ma\u00f1ana semanal de relajaci\u00f3n y bienestar andar\u00edn.<\/p>\n<p>Damos la espalda a las ruinas celt\u00edbero-romanas desde su parking para comenzar campo a trav\u00e9s, con un viento fuerte, fresco y racheado que hace que nos protejamos con gorros y pa\u00f1uelos<\/p>\n<p><img loading=\"lazy\" decoding=\"async\" class=\"aligncenter size-large wp-image-7230\" src=\"http:\/\/soriapasoapaso.es\/wp-content\/uploads\/2021\/05\/IMG_20210424_095402-1024x576.jpg\" alt=\"\" width=\"880\" height=\"495\" srcset=\"https:\/\/soriapasoapaso.es\/wp-content\/uploads\/2021\/05\/IMG_20210424_095402-1024x576.jpg 1024w, https:\/\/soriapasoapaso.es\/wp-content\/uploads\/2021\/05\/IMG_20210424_095402-300x169.jpg 300w, https:\/\/soriapasoapaso.es\/wp-content\/uploads\/2021\/05\/IMG_20210424_095402-768x432.jpg 768w, https:\/\/soriapasoapaso.es\/wp-content\/uploads\/2021\/05\/IMG_20210424_095402-1536x864.jpg 1536w, https:\/\/soriapasoapaso.es\/wp-content\/uploads\/2021\/05\/IMG_20210424_095402-2048x1152.jpg 2048w\" sizes=\"auto, (max-width: 880px) 100vw, 880px\" \/><\/p>\n<p>El primer sentido estimulado esta ma\u00f1ana es el olfato, olores de tomillos, espliegos y otras plantas arom\u00e1ticas impregnan un campo ya primaveral, ligeramente verde, nuestra vista tambi\u00e9n se impresiona porque aparece en el paisaje \u00a0un color al que no estamos acostumbrados a ver en la naturaleza, un color potente que da personalidad a estas tierras, el rojo, roquedos con tonos bermejos y grises que son conjuntos formados por arcillas\u00a0 y \u00a0areniscas, modelados por la erosi\u00f3n; esta caracter\u00edstica de f\u00e1cil modelaci\u00f3n tambi\u00e9n fue aprovechada por los romanos para construir sus calzadas.<\/p>\n<p><img loading=\"lazy\" decoding=\"async\" class=\"aligncenter size-large wp-image-7231\" src=\"http:\/\/soriapasoapaso.es\/wp-content\/uploads\/2021\/05\/IMG_20210424_101442-1024x473.jpg\" alt=\"\" width=\"880\" height=\"406\" srcset=\"https:\/\/soriapasoapaso.es\/wp-content\/uploads\/2021\/05\/IMG_20210424_101442-1024x473.jpg 1024w, https:\/\/soriapasoapaso.es\/wp-content\/uploads\/2021\/05\/IMG_20210424_101442-300x139.jpg 300w, https:\/\/soriapasoapaso.es\/wp-content\/uploads\/2021\/05\/IMG_20210424_101442-768x355.jpg 768w, https:\/\/soriapasoapaso.es\/wp-content\/uploads\/2021\/05\/IMG_20210424_101442-1536x709.jpg 1536w, https:\/\/soriapasoapaso.es\/wp-content\/uploads\/2021\/05\/IMG_20210424_101442-2048x946.jpg 2048w\" sizes=\"auto, (max-width: 880px) 100vw, 880px\" \/><\/p>\n<p>Pronto tenemos la suerte de caminar por una de ellas, probablemente por un tramo de la calzada Romana de Uxama \u2013Tiermes &#8211; Segontia (Sig\u00fcenza), conocida como Camino Real. Los Romanos crearon estas v\u00edas sobre otras anteriores, sus trazos segu\u00edan recorridos lo m\u00e1s rectos posibles y siempre sobre posiciones elevadas, siguiendo altozanos o laderas con buenas vistas ante posibles enemigos; as\u00ed lo podemos comprobar mientras transitamos por ella y vamos descendiendo hacia un valle donde el viento nos azota de nuevo, pero antes tambi\u00e9n hemos podido ver\u00a0 peque\u00f1as cascadas de agua y grabados en las rocas coloradas que suponemos pertenecen a diferentes \u00e9pocas y con varios motivos pict\u00f3ricos que son el motivo de bromas.<\/p>\n<p><img loading=\"lazy\" decoding=\"async\" class=\"aligncenter size-large wp-image-7232\" src=\"http:\/\/soriapasoapaso.es\/wp-content\/uploads\/2021\/05\/IMG_20210424_104106-1024x472.jpg\" alt=\"\" width=\"880\" height=\"406\" srcset=\"https:\/\/soriapasoapaso.es\/wp-content\/uploads\/2021\/05\/IMG_20210424_104106-1024x472.jpg 1024w, https:\/\/soriapasoapaso.es\/wp-content\/uploads\/2021\/05\/IMG_20210424_104106-300x138.jpg 300w, https:\/\/soriapasoapaso.es\/wp-content\/uploads\/2021\/05\/IMG_20210424_104106-768x354.jpg 768w, https:\/\/soriapasoapaso.es\/wp-content\/uploads\/2021\/05\/IMG_20210424_104106-1536x707.jpg 1536w, https:\/\/soriapasoapaso.es\/wp-content\/uploads\/2021\/05\/IMG_20210424_104106-2048x943.jpg 2048w\" sizes=\"auto, (max-width: 880px) 100vw, 880px\" \/><\/p>\n<p>La jara es la pobladora principal de la planicie que pronto se convierte en monta\u00f1a suave, peque\u00f1os pinos tambi\u00e9n se cruzan en nuestros pasos y en el ascenso pasamos por varios puestos de caza y escondido entre la vegetaci\u00f3n adivinamos un viejo talbot abandonado.<\/p>\n<p><img loading=\"lazy\" decoding=\"async\" class=\"aligncenter size-large wp-image-7233\" src=\"http:\/\/soriapasoapaso.es\/wp-content\/uploads\/2021\/05\/IMG_20210424_110255-1024x472.jpg\" alt=\"\" width=\"880\" height=\"406\" srcset=\"https:\/\/soriapasoapaso.es\/wp-content\/uploads\/2021\/05\/IMG_20210424_110255-1024x472.jpg 1024w, https:\/\/soriapasoapaso.es\/wp-content\/uploads\/2021\/05\/IMG_20210424_110255-300x138.jpg 300w, https:\/\/soriapasoapaso.es\/wp-content\/uploads\/2021\/05\/IMG_20210424_110255-768x354.jpg 768w, https:\/\/soriapasoapaso.es\/wp-content\/uploads\/2021\/05\/IMG_20210424_110255-1536x707.jpg 1536w, https:\/\/soriapasoapaso.es\/wp-content\/uploads\/2021\/05\/IMG_20210424_110255-2048x943.jpg 2048w\" sizes=\"auto, (max-width: 880px) 100vw, 880px\" \/><\/p>\n<p>Desde la cima vemos la Sierra de Pela llena de aerogeneradores y en el fondo del valle distinguimos el pueblo de Pedro, solo nos separa de \u00e9l una espectacular bajada por un camino de arena y piedras que nos va sumergiendo en un paisaje m\u00e1s verde, frondoso y florido. Los perros ganaderos enseguida se dan cuenta de nuestra presencia y sus ladridos nos acompa\u00f1an un buen rato hasta que cogemos un encantador camino entre huertas para llegar a un paraje muy cuidado por el que desciende ya el R\u00edo Pedro desde el pueblo, en cascada, se trata del Molino de Quintana<\/p>\n<p><img loading=\"lazy\" decoding=\"async\" class=\"aligncenter size-large wp-image-7234\" src=\"http:\/\/soriapasoapaso.es\/wp-content\/uploads\/2021\/05\/IMG_20210424_113021-1024x472.jpg\" alt=\"\" width=\"880\" height=\"406\" srcset=\"https:\/\/soriapasoapaso.es\/wp-content\/uploads\/2021\/05\/IMG_20210424_113021-1024x472.jpg 1024w, https:\/\/soriapasoapaso.es\/wp-content\/uploads\/2021\/05\/IMG_20210424_113021-300x138.jpg 300w, https:\/\/soriapasoapaso.es\/wp-content\/uploads\/2021\/05\/IMG_20210424_113021-768x354.jpg 768w, https:\/\/soriapasoapaso.es\/wp-content\/uploads\/2021\/05\/IMG_20210424_113021-1536x707.jpg 1536w, https:\/\/soriapasoapaso.es\/wp-content\/uploads\/2021\/05\/IMG_20210424_113021-2048x943.jpg 2048w\" sizes=\"auto, (max-width: 880px) 100vw, 880px\" \/><\/p>\n<p>Junto al molino podemos admirar una joya arquitect\u00f3nica visigoda del S VII que es \u00a0la Ermita de la Virgen del Val, una humilde construcci\u00f3n de sillarejo y mamposter\u00eda con \u00a0un \u00a0p\u00f3rtico en cuyo interior hay tambi\u00e9n una sencilla portada. En su muro occidental hay una puerta cegada y canecillos rom\u00e1nicos en alguno de sus aleros, lo que quiere decir que hay dos momentos constructivos diferentes. Fue declarada \u201cmonumento\u201d en el a\u00f1o 2000<\/p>\n<p><img loading=\"lazy\" decoding=\"async\" class=\"aligncenter size-large wp-image-7235\" src=\"http:\/\/soriapasoapaso.es\/wp-content\/uploads\/2021\/05\/IMG_20210424_113704-1024x473.jpg\" alt=\"\" width=\"880\" height=\"406\" srcset=\"https:\/\/soriapasoapaso.es\/wp-content\/uploads\/2021\/05\/IMG_20210424_113704-1024x473.jpg 1024w, https:\/\/soriapasoapaso.es\/wp-content\/uploads\/2021\/05\/IMG_20210424_113704-300x139.jpg 300w, https:\/\/soriapasoapaso.es\/wp-content\/uploads\/2021\/05\/IMG_20210424_113704-768x355.jpg 768w, https:\/\/soriapasoapaso.es\/wp-content\/uploads\/2021\/05\/IMG_20210424_113704-1536x709.jpg 1536w, https:\/\/soriapasoapaso.es\/wp-content\/uploads\/2021\/05\/IMG_20210424_113704-2048x946.jpg 2048w\" sizes=\"auto, (max-width: 880px) 100vw, 880px\" \/><\/p>\n<p>Subimos a Pedro por un camino que rodea el Molino y tras pasar por la Iglesia de San Pedro, nos paseamos por sus calles vac\u00edas; el pueblo est\u00e1 lind\u00edsimo, incluso elegante, calles perfectamente adoquinadas y limpias y tiestos en el centro de la plaza d\u00f3nde se recuerda al que imaginamos un alcalde muy querido llamado Felipe Gonz\u00e1lez Varas. Si no fuera porque la mayor\u00eda de las casas se encuentran bien protegidas con verjas y cerramientos, dir\u00edamos que Pedro tiene alegr\u00eda y vida; en verano todos estos hogares se abrir\u00e1n con gente de la ciudad. \u00a0Tomamos nuestro descanso y tentempi\u00e9 en el \u201cEl Manadero\u201d del R\u00edo Pedro, al pie de la Sierra Pela que separa las dos castillas y de la cual manan otros acu\u00edferos que alegran y enriquecen este \u00e1rido territorio. Disfrutamos del descanso, del sol, del bocata y del sonido del agua del arroyo porque, como nos tenemos que distanciar no podemos conversar y se echan de menos nuestras charlas.<\/p>\n<p><img loading=\"lazy\" decoding=\"async\" class=\"aligncenter size-large wp-image-7236\" src=\"http:\/\/soriapasoapaso.es\/wp-content\/uploads\/2021\/05\/IMG_20210424_115052-1024x473.jpg\" alt=\"\" width=\"880\" height=\"406\" srcset=\"https:\/\/soriapasoapaso.es\/wp-content\/uploads\/2021\/05\/IMG_20210424_115052-1024x473.jpg 1024w, https:\/\/soriapasoapaso.es\/wp-content\/uploads\/2021\/05\/IMG_20210424_115052-300x139.jpg 300w, https:\/\/soriapasoapaso.es\/wp-content\/uploads\/2021\/05\/IMG_20210424_115052-768x355.jpg 768w, https:\/\/soriapasoapaso.es\/wp-content\/uploads\/2021\/05\/IMG_20210424_115052-1536x709.jpg 1536w, https:\/\/soriapasoapaso.es\/wp-content\/uploads\/2021\/05\/IMG_20210424_115052-2048x946.jpg 2048w\" sizes=\"auto, (max-width: 880px) 100vw, 880px\" \/> <img loading=\"lazy\" decoding=\"async\" class=\"aligncenter size-large wp-image-7237\" src=\"http:\/\/soriapasoapaso.es\/wp-content\/uploads\/2021\/05\/IMG_20210424_121648-1024x473.jpg\" alt=\"\" width=\"880\" height=\"406\" srcset=\"https:\/\/soriapasoapaso.es\/wp-content\/uploads\/2021\/05\/IMG_20210424_121648-1024x473.jpg 1024w, https:\/\/soriapasoapaso.es\/wp-content\/uploads\/2021\/05\/IMG_20210424_121648-300x139.jpg 300w, https:\/\/soriapasoapaso.es\/wp-content\/uploads\/2021\/05\/IMG_20210424_121648-768x355.jpg 768w, https:\/\/soriapasoapaso.es\/wp-content\/uploads\/2021\/05\/IMG_20210424_121648-1536x709.jpg 1536w, https:\/\/soriapasoapaso.es\/wp-content\/uploads\/2021\/05\/IMG_20210424_121648-2048x946.jpg 2048w\" sizes=\"auto, (max-width: 880px) 100vw, 880px\" \/><\/p>\n<p>Al salir del pueblo nos cruzamos con un gran reba\u00f1o de cabras y ovejas junto a otro reba\u00f1o de perros acompa\u00f1\u00e1ndolas, nos alegramos de que el pastor escolte a todos los animales.\u00a0 Caminamos sin perder de vista a la Pela hasta llegar a un altozano en el que se encuentra el despoblado de Sotillos de Caracena, donde las viviendas son ya una ruina, junto a su Iglesia de San Miguel; nos limitamos a cruzarlo y verlo desde el camino que lo atraviesa. Del altozano bajamos a la vaguada donde est\u00e1 el Arroyo de la Mata rodeado de grandes y vetustos chopos y fresnos gigantescos cuyas ramas se han resquebrajado por su mismo peso, alg\u00fan gran ejemplar reposa junto al agua, desarraigado. La temperatura se templa en este cobijo, pero el aire sigue atizando en el siguiente altiplano tras dejar atr\u00e1s el despoblado. Nos resta poco trayecto entre jaras nuevamente y quejigos j\u00f3venes para salir a una gran llanura desde la que atisbamos la antigua ciudad desenterrada nuevamente y entramos por ella por su zona suroeste, viendo el grader\u00edo tallado<\/p>\n<p><img loading=\"lazy\" decoding=\"async\" class=\"aligncenter size-large wp-image-7238\" src=\"http:\/\/soriapasoapaso.es\/wp-content\/uploads\/2021\/05\/IMG_20210424_125218-1024x473.jpg\" alt=\"\" width=\"880\" height=\"406\" srcset=\"https:\/\/soriapasoapaso.es\/wp-content\/uploads\/2021\/05\/IMG_20210424_125218-1024x473.jpg 1024w, https:\/\/soriapasoapaso.es\/wp-content\/uploads\/2021\/05\/IMG_20210424_125218-300x139.jpg 300w, https:\/\/soriapasoapaso.es\/wp-content\/uploads\/2021\/05\/IMG_20210424_125218-768x355.jpg 768w, https:\/\/soriapasoapaso.es\/wp-content\/uploads\/2021\/05\/IMG_20210424_125218-1536x709.jpg 1536w, https:\/\/soriapasoapaso.es\/wp-content\/uploads\/2021\/05\/IMG_20210424_125218-2048x946.jpg 2048w\" sizes=\"auto, (max-width: 880px) 100vw, 880px\" \/><\/p>\n<p>directamente en la arenisca y que era una zona p\u00fablica para actividades l\u00fadicas, mercantiles y religiosas; subimos por la puerta del sol para reunirnos con otros compa\u00f1eros del grupo que nos acompa\u00f1an desde este momento.<\/p>\n<p>Hoy comemos en ruta rodeados de historia junto a la Ermita de Sta. Mar\u00eda de Tiermes, rom\u00e1nica del S. XII, con un p\u00f3rtico, una planta y \u00e1bside semicircular. Los vanos de su galer\u00eda porticada nos sirven de aposento frente al sol pero los que prefieren protecci\u00f3n del aire se acomodan entre otras dos construcciones cercanas para hacer un segundo descanso y comer antes de visitar el yacimiento.<\/p>\n<p><img loading=\"lazy\" decoding=\"async\" class=\"aligncenter size-large wp-image-7239\" src=\"http:\/\/soriapasoapaso.es\/wp-content\/uploads\/2021\/05\/IMG_20210424_140129-1024x473.jpg\" alt=\"\" width=\"880\" height=\"406\" srcset=\"https:\/\/soriapasoapaso.es\/wp-content\/uploads\/2021\/05\/IMG_20210424_140129-1024x473.jpg 1024w, https:\/\/soriapasoapaso.es\/wp-content\/uploads\/2021\/05\/IMG_20210424_140129-300x139.jpg 300w, https:\/\/soriapasoapaso.es\/wp-content\/uploads\/2021\/05\/IMG_20210424_140129-768x355.jpg 768w, https:\/\/soriapasoapaso.es\/wp-content\/uploads\/2021\/05\/IMG_20210424_140129-1536x709.jpg 1536w, https:\/\/soriapasoapaso.es\/wp-content\/uploads\/2021\/05\/IMG_20210424_140129-2048x946.jpg 2048w\" sizes=\"auto, (max-width: 880px) 100vw, 880px\" \/><\/p>\n<p>Vamos descendiendo en el tiempo y de la edad media que representa la ermita nos dirigimos hacia al municipium Romano de Termes donde se adivina gracias a las indicaciones una parte importante y rica de la ciudad con el foro, casas, unas peque\u00f1as y otras que debieron ser impresionantes como la del acueducto, impluviums donde se recog\u00eda el agua y canalizaciones de \u00e9sta a trav\u00e9s de toda la ciudad que serv\u00edan tanto para recoger el agua como para desechar las residuales. Atravesamos el t\u00fanel del acueducto sur a pesar de que hoy tiene bastante agua y bajamos a la parte m\u00e1s pobre de la ciudad Romana donde se encuentran parte de edificios colectivos de viviendas. Otro profundo acueducto tallado en roca est\u00e1 frente a la puerta del Oeste, por la que pasamos tambi\u00e9n hasta llegar a una habitaci\u00f3n con cabecera semicircular y en la parte m\u00e1s alta restos del templo para volver a la zona del foro.<\/p>\n<p><img loading=\"lazy\" decoding=\"async\" class=\"aligncenter size-large wp-image-7240\" src=\"http:\/\/soriapasoapaso.es\/wp-content\/uploads\/2021\/05\/IMG_20210424_134704-1024x473.jpg\" alt=\"\" width=\"880\" height=\"406\" srcset=\"https:\/\/soriapasoapaso.es\/wp-content\/uploads\/2021\/05\/IMG_20210424_134704-1024x473.jpg 1024w, https:\/\/soriapasoapaso.es\/wp-content\/uploads\/2021\/05\/IMG_20210424_134704-300x139.jpg 300w, https:\/\/soriapasoapaso.es\/wp-content\/uploads\/2021\/05\/IMG_20210424_134704-768x355.jpg 768w, https:\/\/soriapasoapaso.es\/wp-content\/uploads\/2021\/05\/IMG_20210424_134704-1536x709.jpg 1536w, https:\/\/soriapasoapaso.es\/wp-content\/uploads\/2021\/05\/IMG_20210424_134704-2048x946.jpg 2048w\" sizes=\"auto, (max-width: 880px) 100vw, 880px\" \/><\/p>\n<p>Pero esta ciudad Romana fue construida sobre el oppidum de Termes, es decir sobre una ciudad celt\u00edbera Ar\u00e9vaca, escavada en la roca tambi\u00e9n y que junto con los Numantinos lucharon contra los Romanos. La necr\u00f3polis de Carratiermes es la prueba de ello.<\/p>\n<p>Termes, Termancia, Tiermes, un mismo lugar en el que se han encontrado restos de la humanidad desde el Neol\u00edtico y edad de hierro pasando por la Celtiberia y Roma, pero tambi\u00e9n despu\u00e9s llegaron los\u00a0 Moz\u00e1rabes y en la Edad media fue lugar destacado\u00a0 porque la hoy ermita fue importante Monasterio y posteriormente iglesia; fue tambi\u00e9n terreno fronterizo entre cristianos y \u00e1rabes y los \u00faltimos pobladores de este asombroso lugar datan del S.XVI, cuando la Iglesia de Sta. Mar\u00eda de Tiermes pas\u00f3 a ser ermita y otras poblaciones de alrededor como Caracena le empezaron a quitar protagonismo.<\/p>\n<p><img loading=\"lazy\" decoding=\"async\" class=\"aligncenter size-large wp-image-7241\" src=\"http:\/\/soriapasoapaso.es\/wp-content\/uploads\/2021\/05\/IMG_20210424_160335-1024x473.jpg\" alt=\"\" width=\"880\" height=\"406\" srcset=\"https:\/\/soriapasoapaso.es\/wp-content\/uploads\/2021\/05\/IMG_20210424_160335-1024x473.jpg 1024w, https:\/\/soriapasoapaso.es\/wp-content\/uploads\/2021\/05\/IMG_20210424_160335-300x139.jpg 300w, https:\/\/soriapasoapaso.es\/wp-content\/uploads\/2021\/05\/IMG_20210424_160335-768x355.jpg 768w, https:\/\/soriapasoapaso.es\/wp-content\/uploads\/2021\/05\/IMG_20210424_160335-1536x709.jpg 1536w, https:\/\/soriapasoapaso.es\/wp-content\/uploads\/2021\/05\/IMG_20210424_160335-2048x946.jpg 2048w\" sizes=\"auto, (max-width: 880px) 100vw, 880px\" \/><\/p>\n<p>Semanalmente disfrutamos de la gran riqueza natural de Soria, pero hoy adem\u00e1s nos hemos concienciado del gran patrimonio hist\u00f3rico que tiene nuestra provincia, despu\u00e9s de recorrer este enclave m\u00e1gico y misterioso escogido por el hombre durante tantos siglos como asentamiento y en el que las investigaciones contin\u00faan.<\/p>\n<p>&nbsp;<\/p>\n<p>Emi<\/p>\n<p>&nbsp;<\/p>\n","protected":false},"excerpt":{"rendered":"<p>&nbsp; Hoy nos vamos en busca de un peque\u00f1o pueblo, donde nace un peque\u00f1o r\u00edo y ambos, pueblo y r\u00edo, comparten el mismo nombre: PEDRO. Nos vamos a tierras deshabitadas tambi\u00e9n como la semana pasada, pero hoy nuestros coches circulan hacia al Suroeste de Soria, hacia tierras rayanas con Segovia <\/p>\n<p><a class=\"read-more\" href=\"https:\/\/soriapasoapaso.es\/?p=7228\">Read More<\/a><\/p>\n","protected":false},"author":1,"featured_media":7242,"comment_status":"open","ping_status":"open","sticky":false,"template":"","format":"standard","meta":{"footnotes":""},"categories":[21],"tags":[],"class_list":["post-7228","post","type-post","status-publish","format-standard","has-post-thumbnail","hentry","category-rutas"],"_links":{"self":[{"href":"https:\/\/soriapasoapaso.es\/index.php?rest_route=\/wp\/v2\/posts\/7228","targetHints":{"allow":["GET"]}}],"collection":[{"href":"https:\/\/soriapasoapaso.es\/index.php?rest_route=\/wp\/v2\/posts"}],"about":[{"href":"https:\/\/soriapasoapaso.es\/index.php?rest_route=\/wp\/v2\/types\/post"}],"author":[{"embeddable":true,"href":"https:\/\/soriapasoapaso.es\/index.php?rest_route=\/wp\/v2\/users\/1"}],"replies":[{"embeddable":true,"href":"https:\/\/soriapasoapaso.es\/index.php?rest_route=%2Fwp%2Fv2%2Fcomments&post=7228"}],"version-history":[{"count":1,"href":"https:\/\/soriapasoapaso.es\/index.php?rest_route=\/wp\/v2\/posts\/7228\/revisions"}],"predecessor-version":[{"id":7243,"href":"https:\/\/soriapasoapaso.es\/index.php?rest_route=\/wp\/v2\/posts\/7228\/revisions\/7243"}],"wp:featuredmedia":[{"embeddable":true,"href":"https:\/\/soriapasoapaso.es\/index.php?rest_route=\/wp\/v2\/media\/7242"}],"wp:attachment":[{"href":"https:\/\/soriapasoapaso.es\/index.php?rest_route=%2Fwp%2Fv2%2Fmedia&parent=7228"}],"wp:term":[{"taxonomy":"category","embeddable":true,"href":"https:\/\/soriapasoapaso.es\/index.php?rest_route=%2Fwp%2Fv2%2Fcategories&post=7228"},{"taxonomy":"post_tag","embeddable":true,"href":"https:\/\/soriapasoapaso.es\/index.php?rest_route=%2Fwp%2Fv2%2Ftags&post=7228"}],"curies":[{"name":"wp","href":"https:\/\/api.w.org\/{rel}","templated":true}]}}