{"id":72,"date":"2015-11-14T20:50:00","date_gmt":"2015-11-14T19:50:00","guid":{"rendered":"http:\/\/soriapasoapaso.es\/?p=72"},"modified":"2018-12-26T13:23:25","modified_gmt":"2018-12-26T12:23:25","slug":"acebal-de-garagueta-2","status":"publish","type":"post","link":"https:\/\/soriapasoapaso.es\/?p=72","title":{"rendered":"ACEBAL DE GARAG\u00dcETA"},"content":{"rendered":"<p>&nbsp;<\/p>\n<div class=\"separator\" style=\"clear: both; text-align: center;\"><a style=\"clear: left; float: left; margin-bottom: 1em; margin-right: 1em;\" href=\"https:\/\/1.bp.blogspot.com\/-nkV7RX97e5Q\/WAU3PdzD0wI\/AAAAAAAAC_s\/_MPxuxKnDtsqUPWZ-83A_-xp_oT3I-kvgCLcB\/s1600\/CIMG9058.JPG\"><img loading=\"lazy\" decoding=\"async\" src=\"http:\/\/soriapasoapaso.es\/wp-content\/uploads\/2016\/10\/CIMG9058.jpg\" width=\"200\" height=\"150\" border=\"0\" \/><\/a><\/div>\n<div class=\"MsoNormal\" style=\"margin: 0cm 0cm 0pt;\">Partimos de nuestro lugar de encuentro habitual Ana de la Hoz, Ana M\u00aa,Rosi y Lucas, Maribel, Leli ,Julia, Tom\u00e1s y Conchi y este d\u00eda con tres personas nuevas Angel y su esposa Ana y Gema.<\/div>\n<div class=\"MsoNormal\" style=\"margin: 0cm 0cm 0pt;\">Una ma\u00f1ana espl\u00e9ndida para ser Noviembre por lo que el d\u00eda promet\u00eda.<\/div>\n<div class=\"MsoNormal\" style=\"margin: 0cm 0cm 0pt;\">Llegamos a AR\u00c9VALO DE LA SIERRA y la primera actividad de la ma\u00f1ana fue una\u00a0 explicaci\u00f3n en La Casa del\u00a0Parque por parte de la que iba a ser nuestra magn\u00edfica gu\u00eda por el Bosque de\u00a0acebos. Adem\u00e1s de explicarnos sobre el paisaje, geolog\u00eda, flora y ganader\u00eda nos\u00a0habl\u00f3 de un Erudito de la zona llamado Juli\u00e1n Sanz del R\u00edo, natural de\u00a0TORREAR\u00c9VALO y que fue fil\u00f3sofo, profesor y un pedagogo importante del siglo\u00a0XIX que defend\u00eda la innovaci\u00f3n y la europeizaci\u00f3n de la f\u00e9rrea ense\u00f1anza de la\u00a0\u00e9poca.<\/div>\n<div class=\"MsoNormal\" style=\"margin: 0cm 0cm 0pt;\"><\/div>\n<div class=\"separator\" style=\"clear: both; text-align: center;\"><a style=\"margin-left: 1em; margin-right: 1em;\" href=\"https:\/\/3.bp.blogspot.com\/-66AK7XkUgBk\/WAU3Z4uTfYI\/AAAAAAAAC_w\/a7tgnRus9yo7KcqnYThE4n7-8uHv7LGmwCEw\/s1600\/CIMG1220.jpg\"><img loading=\"lazy\" decoding=\"async\" src=\"http:\/\/soriapasoapaso.es\/wp-content\/uploads\/2016\/10\/CIMG1220.jpg\" width=\"320\" height=\"180\" border=\"0\" \/><\/a><\/div>\n<div class=\"MsoNormal\" style=\"margin: 0cm 0cm 0pt;\">\u00a0Estos viejos pupitres recordaron\u00a0a algun@s compa\u00f1er@s sus d\u00edas de escuela(Para otr@s eran demasiado antiguos).<\/div>\n<div class=\"MsoNormal\" style=\"margin: 0cm 0cm 0pt;\">\n<div class=\"separator\" style=\"clear: both; text-align: center;\"><a style=\"clear: right; float: right; margin-bottom: 1em; margin-left: 1em;\" href=\"https:\/\/3.bp.blogspot.com\/-1dIZ0pktLnM\/WAU3tBeA6xI\/AAAAAAAAC_0\/F4IfMCGxIhguGn1ZccYEZg9_MSK2gWejQCLcB\/s1600\/CIMG9056.JPG\"><img loading=\"lazy\" decoding=\"async\" src=\"http:\/\/soriapasoapaso.es\/wp-content\/uploads\/2016\/10\/CIMG9056.jpg\" width=\"320\" height=\"240\" border=\"0\" \/><\/a><\/div>\n<\/div>\n<p>&nbsp;<\/p>\n<div class=\"MsoNormal\" style=\"margin: 0cm 0cm 0pt;\"><\/div>\n<div class=\"MsoNormal\" style=\"margin: 0cm 0cm 0pt;\"><\/div>\n<div class=\"MsoNormal\" style=\"margin: 0cm 0cm 0pt;\"><\/div>\n<div class=\"MsoNormal\" style=\"margin: 0cm 0cm 0pt;\">De Ar\u00e9valo de la Sierra al\u00a0acebal fuimos con los coches detr\u00e1s de nuestra gu\u00eda por un camino que part\u00eda de\u00a0Torrear\u00e9valo bastante empedrado, donde los autos \u00a0se llevaron alg\u00fan golpe en los bajos. Alguna\u00a0conductora se despist\u00f3 de la gu\u00eda y subi\u00f3 al mirador del acebal por un camino\u00a0a\u00fan peor.<\/div>\n<div class=\"MsoNormal\" style=\"margin: 0cm 0cm 0pt;\"><\/div>\n<div class=\"MsoNormal\" style=\"margin: 0cm 0cm 0pt;\"><\/div>\n<div class=\"MsoNormal\" style=\"margin: 0cm 0cm 0pt;\"><\/div>\n<div class=\"MsoNormal\" style=\"margin: 0cm 0cm 0pt;\">Llegamos al Mirador: Fabulosa\u00a0vista del acebal y del\u00a0 gran valle.<\/div>\n<div class=\"MsoNormal\" style=\"margin: 0cm 0cm 0pt;\">\n<p>&nbsp;<\/p>\n<div class=\"separator\" style=\"clear: both; text-align: center;\"><a style=\"margin-left: 1em; margin-right: 1em;\" href=\"https:\/\/1.bp.blogspot.com\/-9yyO8A03Wmg\/WAU4W7dJuiI\/AAAAAAAAC_4\/ImKgFoDYKKcq824gIfiwC7QvY_nC9NLpQCLcB\/s1600\/CIMG9084.JPG\"><img loading=\"lazy\" decoding=\"async\" src=\"http:\/\/soriapasoapaso.es\/wp-content\/uploads\/2016\/10\/CIMG9084.jpg\" width=\"320\" height=\"240\" border=\"0\" \/><\/a><\/div>\n<p><span style=\"font-size: 14px;\">Comenzamos \u00a0a caminar y lo primero que hicimos fue entrar\u00a0<\/span><span style=\"font-size: 14px;\">en un sestil d\u00f3nde nuestra gu\u00eda nos explic\u00f3 c\u00f3mo y por qu\u00e9 se forman. El d\u00eda\u00a0<\/span><span style=\"font-size: 14px;\">era caluroso y dentro la temperatura era m\u00e1s fresca. Escuch\u00e1bamos atentamente,\u00a0<\/span><span style=\"font-size: 14px;\">explicaba muy bien: Aqu\u00ed dentro hay un microclima.<\/span><\/p>\n<\/div>\n<div class=\"MsoNormal\" style=\"margin: 0cm 0cm 0pt;\">\n<p>&nbsp;<\/p>\n<div class=\"separator\" style=\"clear: both; text-align: center;\"><a style=\"margin-left: 1em; margin-right: 1em;\" href=\"https:\/\/1.bp.blogspot.com\/-J2PQYoCAKWc\/WAU4fR8vyLI\/AAAAAAAAC_8\/qXbEcS4oH1g_cnORuCjClKgqVPK2vBl5ACLcB\/s1600\/CIMG9061.JPG\"><img loading=\"lazy\" decoding=\"async\" src=\"http:\/\/soriapasoapaso.es\/wp-content\/uploads\/2016\/10\/CIMG9061.jpg\" width=\"320\" height=\"240\" border=\"0\" \/><\/a><\/div>\n<p>&nbsp;<\/p>\n<\/div>\n<p>Continuamos nuestro camino por la parte superior del acebal que este\u00a0a\u00f1o\u00a0 ten\u00edan poco fruto por lo que no vimospaisaje\u00a0 rojo sino diferentes tonos de\u00a0verde<\/p>\n<div class=\"MsoNormal\" style=\"margin: 0cm 0cm 0pt;\"><\/div>\n<div class=\"separator\" style=\"clear: both; text-align: center;\"><a style=\"margin-left: 1em; margin-right: 1em;\" href=\"https:\/\/1.bp.blogspot.com\/-SUkPNYBAbi8\/WAU4p6EZdOI\/AAAAAAAADAA\/L6cJf_knfBs4I0LCiIHB-R0Fuj1VTyWMQCLcB\/s1600\/CIMG9055.JPG\"><img loading=\"lazy\" decoding=\"async\" src=\"http:\/\/soriapasoapaso.es\/wp-content\/uploads\/2016\/10\/CIMG9055.jpg\" width=\"320\" height=\"240\" border=\"0\" \/><\/a><\/div>\n<div class=\"MsoNormal\" style=\"margin: 0cm 0cm 0pt;\"><\/div>\n<div class=\"MsoNormal\" style=\"margin: 0cm 0cm 0pt;\">\u00a0Magn\u00edficas vistas miraras hacia donde miraras,\u00a0 a lo lejos se distingu\u00eda hasta el Pico\u00a0Frentes.<\/div>\n<div class=\"MsoNormal\" style=\"margin: 0cm 0cm 0pt;\"><\/div>\n<div class=\"separator\" style=\"clear: both; text-align: center;\"><a style=\"margin-left: 1em; margin-right: 1em;\" href=\"https:\/\/3.bp.blogspot.com\/-89E4d6PTT4w\/WAU41YzgdqI\/AAAAAAAADAE\/evUKIEmoS3o0UHwiX8bo-JBaxCVzELU5ACLcB\/s1600\/CIMG9131.JPG\"><img loading=\"lazy\" decoding=\"async\" src=\"http:\/\/soriapasoapaso.es\/wp-content\/uploads\/2016\/10\/CIMG9131.jpg\" width=\"320\" height=\"240\" border=\"0\" \/><\/a><\/div>\n<div class=\"MsoNormal\" style=\"margin: 0cm 0cm 0pt;\">Refugios de pastores y chozos,\u00a0Garag\u00fceta ha sido un importante estibadero de la caba\u00f1a ganadera de la\u00a0zona. En este uso ganadero se encuentra el origen del acebal y en \u00e9l radica su\u00a0conservaci\u00f3n hasta nuestros d\u00edas.<\/div>\n<div class=\"MsoNormal\" style=\"margin: 0cm 0cm 0pt;\">\u00a0Setas, nuestra gu\u00eda era una experta en la materia\u00a0tambi\u00e9n<\/div>\n<div class=\"MsoNormal\" style=\"margin: 0cm 0cm 0pt;\">\n<p>&nbsp;<\/p>\n<div class=\"separator\" style=\"clear: both; text-align: center;\"><a style=\"margin-left: 1em; margin-right: 1em;\" href=\"https:\/\/3.bp.blogspot.com\/-5MCISxZ8LAk\/WAU5Cxg-ImI\/AAAAAAAADAI\/FWtX6v5uoHM1JBZuENQNPvA8epfrI6BSQCEw\/s1600\/CIMG9124.JPG\"><img loading=\"lazy\" decoding=\"async\" src=\"http:\/\/soriapasoapaso.es\/wp-content\/uploads\/2016\/10\/CIMG9124.jpg\" width=\"320\" height=\"240\" border=\"0\" \/><\/a><\/div>\n<p>&nbsp;<\/p>\n<div class=\"MsoNormal\" style=\"margin: 0cm 0cm 0pt;\">Canchales \u00a0de origen glaciar, fusi\u00f3n e interacci\u00f3n en la\u00a0Naturaleza<\/div>\n<div class=\"MsoNormal\" style=\"margin: 0cm 0cm 0pt;\"><\/div>\n<div class=\"separator\" style=\"clear: both; text-align: center;\"><a style=\"margin-left: 1em; margin-right: 1em;\" href=\"https:\/\/3.bp.blogspot.com\/-TECybHNKE5g\/WAU5TjuPFKI\/AAAAAAAADAQ\/qOgCCI1DAo4bjT3xokJjt-tPfWgCwcXOwCLcB\/s1600\/CIMG9139.JPG\"><img loading=\"lazy\" decoding=\"async\" src=\"http:\/\/soriapasoapaso.es\/wp-content\/uploads\/2016\/10\/CIMG9139.jpg\" width=\"240\" height=\"320\" border=\"0\" \/><\/a><\/div>\n<div class=\"MsoNormal\" style=\"margin: 0cm 0cm 0pt;\">Diferentes especies animales\u00a0y vegetales conviven\u00a0 para un beneficio\u00a0mutuo. Entre los acebos emergen sa\u00facos, arces, maguillos, majuelos, espinos, endrinos\u00a0y rosales. Nos explicaron como el espino protege al acebo cu\u00e1ndo \u00e9ste es muy\u00a0joven de que se lo coman los animales.<\/div>\n<div class=\"MsoNormal\" style=\"margin: 0cm 0cm 0pt;\"><\/div>\n<div class=\"separator\" style=\"clear: both; text-align: center;\"><a style=\"margin-left: 1em; margin-right: 1em;\" href=\"https:\/\/3.bp.blogspot.com\/-bsVl3qEqO-Q\/WAU5dbpldMI\/AAAAAAAADAU\/OBzWxqk6OGg5B4Tu90AKp1vGozhm_7YCgCLcB\/s1600\/CIMG9147.jpg\"><img loading=\"lazy\" decoding=\"async\" src=\"http:\/\/soriapasoapaso.es\/wp-content\/uploads\/2016\/10\/CIMG9147.jpg\" width=\"320\" height=\"110\" border=\"0\" \/><\/a><\/div>\n<div class=\"MsoNormal\" style=\"margin: 0cm 0cm 0pt;\">Fauna muy variada tiene su\u00a0refugio tambi\u00e9n en estos bosques : reptiles, rapaces, zorros, jabal\u00edes,\u00a0ciervos\u2026.pero hay que destacar la labor del zorzal que con sus excrementos\u00a0contribuye directamente en la expansi\u00f3n del acebal.<\/div>\n<div class=\"MsoNormal\" style=\"margin: 0cm 0cm 0pt;\">\u00a0No nos acordamos ni de\u00a0comernos el bocata, caminamos, tomamos el sol, aprendimos lecciones b\u00e1sicas que\u00a0nos da la naturaleza y nos gust\u00f3 como en el caso de este Parque Natural\u00a0protegido, el hombre ha sido capaz de \u00a0explotarlo de forma \u00a0sostenible, respetando sus ciclos y\u00a0priorizando su conservaci\u00f3n con podas y cortas de baja intensidad.<\/div>\n<div class=\"MsoNormal\" style=\"margin: 0cm 0cm 0pt;\"><\/div>\n<div class=\"separator\" style=\"clear: both; text-align: center;\"><a style=\"margin-left: 1em; margin-right: 1em;\" href=\"https:\/\/3.bp.blogspot.com\/-bjNvUw9rKUY\/WAU5paxQTqI\/AAAAAAAADAY\/CjjexGzJ3HkRLfvk4KxXe4BvVvioLWbTwCLcB\/s1600\/CIMG9054.JPG\"><img loading=\"lazy\" decoding=\"async\" src=\"http:\/\/soriapasoapaso.es\/wp-content\/uploads\/2016\/10\/CIMG9054.jpg\" width=\"320\" height=\"240\" border=\"0\" \/><\/a><\/div>\n<p>&nbsp;<\/p>\n<div class=\"MsoNormal\" style=\"margin: 0cm 0cm 0pt;\">Acabamos \u00a0tom\u00e1ndonos una ca\u00f1ita junto al bocata ya en el\u00a0pueblo nuevamente. Maravilloso d\u00eda, Soria paso a paso caminando (esta vez pocos\u00a0Kil\u00f3metros) disfrutando del sol, de buena compa\u00f1\u00eda de paisajes incre\u00edbles y\u00a0para colmo aprendiendo.<\/div>\n<p>Esta fue la primera ruta de\u00a0Angel y Ana con nosotros, este d\u00eda pens\u00e1bamos que no cumpl\u00edamos sus expectativas\u00a0porque Angel quer\u00eda un grupo para caminar todos los d\u00edas. Nos alegramos mucho\u00a0de que contin\u00faen con nosotros!.\u00a0 BIENVENIDOS!.<\/p>\n<div class=\"MsoNormal\" style=\"margin: 0cm 0cm 0pt;\"><\/div>\n<div class=\"MsoNormal\" style=\"margin: 0cm 0cm 0pt;\"><\/div>\n<div class=\"MsoNormal\" style=\"margin: 0cm 0cm 0pt;\">EMI<\/div>\n<\/div>\n","protected":false},"excerpt":{"rendered":"<p>&nbsp; Partimos de nuestro lugar de encuentro habitual Ana de la Hoz, Ana M\u00aa,Rosi y Lucas, Maribel, Leli ,Julia, Tom\u00e1s y Conchi y este d\u00eda con tres personas nuevas Angel y su esposa Ana y Gema. Una ma\u00f1ana espl\u00e9ndida para ser Noviembre por lo que el d\u00eda promet\u00eda. Llegamos a <\/p>\n<p><a class=\"read-more\" href=\"https:\/\/soriapasoapaso.es\/?p=72\">Read More<\/a><\/p>\n","protected":false},"author":1,"featured_media":614,"comment_status":"open","ping_status":"open","sticky":false,"template":"","format":"standard","meta":{"footnotes":""},"categories":[21,1],"tags":[],"class_list":["post-72","post","type-post","status-publish","format-standard","has-post-thumbnail","hentry","category-rutas","category-uncategorized"],"_links":{"self":[{"href":"https:\/\/soriapasoapaso.es\/index.php?rest_route=\/wp\/v2\/posts\/72","targetHints":{"allow":["GET"]}}],"collection":[{"href":"https:\/\/soriapasoapaso.es\/index.php?rest_route=\/wp\/v2\/posts"}],"about":[{"href":"https:\/\/soriapasoapaso.es\/index.php?rest_route=\/wp\/v2\/types\/post"}],"author":[{"embeddable":true,"href":"https:\/\/soriapasoapaso.es\/index.php?rest_route=\/wp\/v2\/users\/1"}],"replies":[{"embeddable":true,"href":"https:\/\/soriapasoapaso.es\/index.php?rest_route=%2Fwp%2Fv2%2Fcomments&post=72"}],"version-history":[{"count":5,"href":"https:\/\/soriapasoapaso.es\/index.php?rest_route=\/wp\/v2\/posts\/72\/revisions"}],"predecessor-version":[{"id":1471,"href":"https:\/\/soriapasoapaso.es\/index.php?rest_route=\/wp\/v2\/posts\/72\/revisions\/1471"}],"wp:featuredmedia":[{"embeddable":true,"href":"https:\/\/soriapasoapaso.es\/index.php?rest_route=\/wp\/v2\/media\/614"}],"wp:attachment":[{"href":"https:\/\/soriapasoapaso.es\/index.php?rest_route=%2Fwp%2Fv2%2Fmedia&parent=72"}],"wp:term":[{"taxonomy":"category","embeddable":true,"href":"https:\/\/soriapasoapaso.es\/index.php?rest_route=%2Fwp%2Fv2%2Fcategories&post=72"},{"taxonomy":"post_tag","embeddable":true,"href":"https:\/\/soriapasoapaso.es\/index.php?rest_route=%2Fwp%2Fv2%2Ftags&post=72"}],"curies":[{"name":"wp","href":"https:\/\/api.w.org\/{rel}","templated":true}]}}