{"id":6906,"date":"2021-03-11T10:17:46","date_gmt":"2021-03-11T09:17:46","guid":{"rendered":"http:\/\/soriapasoapaso.es\/?p=6906"},"modified":"2021-03-11T10:18:32","modified_gmt":"2021-03-11T09:18:32","slug":"manantiales-de-villaciervos","status":"publish","type":"post","link":"https:\/\/soriapasoapaso.es\/?p=6906","title":{"rendered":"MANANTIALES DE VILLACIERVOS."},"content":{"rendered":"<p>&nbsp;<\/p>\n<p>Un sencillo y corto recorrido de 9.88 km para reanudar la actividad de Soria paso a paso tras la \u00faltima ola pand\u00e9mica.<\/p>\n<p>Comenzamos nuestra ansiada andanza en Villaciervos, a \u00e9l llegamos tras recorrer 13km por la N-122 direcci\u00f3n Valladolid y al reencontrarnos de nuevo, nos saludamos todos con gran alegr\u00eda porque est\u00e1bamos deseando quedar para caminar nuevamente. A la cita hemos acudido bastantes senderistas por lo que se insiste en las medidas anti-covid que ya todos tan bien conocemos.<\/p>\n<p>El sol est\u00e1 presidiendo un cielo azul y lo recibimos tambi\u00e9n con gran regocijo porque a estas alturas del invierno, nuestra Vitamina D debe estar en niveles muy bajos y creemos que va a ser una ma\u00f1ana ideal para reponerla.<\/p>\n<p><img loading=\"lazy\" decoding=\"async\" class=\"aligncenter size-large wp-image-6907\" src=\"http:\/\/soriapasoapaso.es\/wp-content\/uploads\/2021\/03\/MG_7737-2-1024x683.jpg\" alt=\"\" width=\"880\" height=\"587\" srcset=\"https:\/\/soriapasoapaso.es\/wp-content\/uploads\/2021\/03\/MG_7737-2-1024x683.jpg 1024w, https:\/\/soriapasoapaso.es\/wp-content\/uploads\/2021\/03\/MG_7737-2-300x200.jpg 300w, https:\/\/soriapasoapaso.es\/wp-content\/uploads\/2021\/03\/MG_7737-2-768x512.jpg 768w, https:\/\/soriapasoapaso.es\/wp-content\/uploads\/2021\/03\/MG_7737-2-600x400.jpg 600w, https:\/\/soriapasoapaso.es\/wp-content\/uploads\/2021\/03\/MG_7737-2-1536x1024.jpg 1536w, https:\/\/soriapasoapaso.es\/wp-content\/uploads\/2021\/03\/MG_7737-2-2048x1365.jpg 2048w, https:\/\/soriapasoapaso.es\/wp-content\/uploads\/2021\/03\/MG_7737-2-272x182.jpg 272w\" sizes=\"auto, (max-width: 880px) 100vw, 880px\" \/><\/p>\n<p>Salimos del pueblo y un camino delimitado entre campos de labranza escarchados dirige nuestros pasos, nuestro ritmo es ligero incluso subimos la primera costana sin disminuirlo; llegamos a territorio algo m\u00e1s accidentado entre un conjunto de rocas para ver el manantial de los Pozos<\/p>\n<p><img loading=\"lazy\" decoding=\"async\" class=\"aligncenter size-large wp-image-6908\" src=\"http:\/\/soriapasoapaso.es\/wp-content\/uploads\/2021\/03\/IMG_20210227_093228-1024x472.jpg\" alt=\"\" width=\"880\" height=\"406\" srcset=\"https:\/\/soriapasoapaso.es\/wp-content\/uploads\/2021\/03\/IMG_20210227_093228-1024x472.jpg 1024w, https:\/\/soriapasoapaso.es\/wp-content\/uploads\/2021\/03\/IMG_20210227_093228-300x138.jpg 300w, https:\/\/soriapasoapaso.es\/wp-content\/uploads\/2021\/03\/IMG_20210227_093228-768x354.jpg 768w, https:\/\/soriapasoapaso.es\/wp-content\/uploads\/2021\/03\/IMG_20210227_093228-1536x707.jpg 1536w, https:\/\/soriapasoapaso.es\/wp-content\/uploads\/2021\/03\/IMG_20210227_093228-2048x943.jpg 2048w\" sizes=\"auto, (max-width: 880px) 100vw, 880px\" \/><\/p>\n<p>que surge directamente del subsuelo K\u00e1rstico dando lugar a un peque\u00f1o estanque lleno de vegetaci\u00f3n; hacemos una peque\u00f1a parada para disfrutar de este entorno y seguimos el curso del agua hasta que enfilamos otra subida por una ladera en la que van aumentando nuestros compa\u00f1eros verticales que hoy son las sabinas.<\/p>\n<p><img loading=\"lazy\" decoding=\"async\" class=\"aligncenter size-large wp-image-6909\" src=\"http:\/\/soriapasoapaso.es\/wp-content\/uploads\/2021\/03\/IMG_20210227_094804-1024x473.jpg\" alt=\"\" width=\"880\" height=\"406\" srcset=\"https:\/\/soriapasoapaso.es\/wp-content\/uploads\/2021\/03\/IMG_20210227_094804-1024x473.jpg 1024w, https:\/\/soriapasoapaso.es\/wp-content\/uploads\/2021\/03\/IMG_20210227_094804-300x139.jpg 300w, https:\/\/soriapasoapaso.es\/wp-content\/uploads\/2021\/03\/IMG_20210227_094804-768x355.jpg 768w, https:\/\/soriapasoapaso.es\/wp-content\/uploads\/2021\/03\/IMG_20210227_094804-1536x709.jpg 1536w, https:\/\/soriapasoapaso.es\/wp-content\/uploads\/2021\/03\/IMG_20210227_094804-2048x946.jpg 2048w\" sizes=\"auto, (max-width: 880px) 100vw, 880px\" \/><\/p>\n<p>Ya en la cima escuchamos potentes ladridos por los que sentimos un gran respeto y nos imaginamos que estamos cerca de ganado con guardianes infalibles, al poco nuestra intuici\u00f3n se hace realidad en un inmenso reba\u00f1o ovino dirigido por sus perros y por su pastor. El grupo de retaguardia pasamos un rato apurado porque no sabemos para d\u00f3nde dirigir nuestros pasos puesto que no queremos interrumpir el curso del ganado, pero es tan numeroso que no conseguimos adivinar hacia donde se dirige. Finalmente optamos por quedarnos quietos y que nos circunden los animales y pasen por donde quieran. Este encuentro con este gran reba\u00f1o que hoy es excepcional hace a\u00f1os era muy habitual en este territorio, el ganado ovino y el oficio de pastor era uno de los m\u00e1s comunes y productivos. Hay unos antiguos y famosos dibujos pintados por Valeriano B\u00e9cquer en 1868 en los que se representan a los pastores de Villaciervos con capas blancas.<\/p>\n<p><img loading=\"lazy\" decoding=\"async\" class=\"aligncenter size-large wp-image-6910\" src=\"http:\/\/soriapasoapaso.es\/wp-content\/uploads\/2021\/03\/MG_7742-2-1024x683.jpg\" alt=\"\" width=\"880\" height=\"587\" srcset=\"https:\/\/soriapasoapaso.es\/wp-content\/uploads\/2021\/03\/MG_7742-2-1024x683.jpg 1024w, https:\/\/soriapasoapaso.es\/wp-content\/uploads\/2021\/03\/MG_7742-2-300x200.jpg 300w, https:\/\/soriapasoapaso.es\/wp-content\/uploads\/2021\/03\/MG_7742-2-768x512.jpg 768w, https:\/\/soriapasoapaso.es\/wp-content\/uploads\/2021\/03\/MG_7742-2-600x400.jpg 600w, https:\/\/soriapasoapaso.es\/wp-content\/uploads\/2021\/03\/MG_7742-2-1536x1024.jpg 1536w, https:\/\/soriapasoapaso.es\/wp-content\/uploads\/2021\/03\/MG_7742-2-2048x1365.jpg 2048w, https:\/\/soriapasoapaso.es\/wp-content\/uploads\/2021\/03\/MG_7742-2-272x182.jpg 272w\" sizes=\"auto, (max-width: 880px) 100vw, 880px\" \/><\/p>\n<p>Otra muestra del pasado ganadero de esta comarca la tenemos un poco m\u00e1s hacia adelante, cuando llegamos a las Majadas del Frontal que son un conjunto de edificaciones construidas en piedra que hoy se est\u00e1n desmoronando.<\/p>\n<p><img loading=\"lazy\" decoding=\"async\" class=\"aligncenter size-large wp-image-6911\" src=\"http:\/\/soriapasoapaso.es\/wp-content\/uploads\/2021\/03\/IMG_20210227_095344-1024x473.jpg\" alt=\"\" width=\"880\" height=\"406\" srcset=\"https:\/\/soriapasoapaso.es\/wp-content\/uploads\/2021\/03\/IMG_20210227_095344-1024x473.jpg 1024w, https:\/\/soriapasoapaso.es\/wp-content\/uploads\/2021\/03\/IMG_20210227_095344-300x139.jpg 300w, https:\/\/soriapasoapaso.es\/wp-content\/uploads\/2021\/03\/IMG_20210227_095344-768x355.jpg 768w, https:\/\/soriapasoapaso.es\/wp-content\/uploads\/2021\/03\/IMG_20210227_095344-1536x709.jpg 1536w, https:\/\/soriapasoapaso.es\/wp-content\/uploads\/2021\/03\/IMG_20210227_095344-2048x946.jpg 2048w\" sizes=\"auto, (max-width: 880px) 100vw, 880px\" \/><\/p>\n<p>Seguimos caminando en esta luminosa ma\u00f1ana por los campos calizos de la parte sur de la Sierra de Cabrejas hasta llegar al siguiente acu\u00edfero surgido de las entra\u00f1as calc\u00e1reas como el anterior, este se llama el Manantial de las Fuentes y siguiendo su curso llegamos a una extraordinaria y extensa pradera con un c\u00edrculo de piedras blancas cuyo significado se nos escapa.<\/p>\n<p><img loading=\"lazy\" decoding=\"async\" class=\"aligncenter size-large wp-image-6912\" src=\"http:\/\/soriapasoapaso.es\/wp-content\/uploads\/2021\/03\/IMG_20210227_100130-1024x473.jpg\" alt=\"\" width=\"880\" height=\"406\" srcset=\"https:\/\/soriapasoapaso.es\/wp-content\/uploads\/2021\/03\/IMG_20210227_100130-1024x473.jpg 1024w, https:\/\/soriapasoapaso.es\/wp-content\/uploads\/2021\/03\/IMG_20210227_100130-300x139.jpg 300w, https:\/\/soriapasoapaso.es\/wp-content\/uploads\/2021\/03\/IMG_20210227_100130-768x355.jpg 768w, https:\/\/soriapasoapaso.es\/wp-content\/uploads\/2021\/03\/IMG_20210227_100130-1536x709.jpg 1536w, https:\/\/soriapasoapaso.es\/wp-content\/uploads\/2021\/03\/IMG_20210227_100130-2048x946.jpg 2048w\" sizes=\"auto, (max-width: 880px) 100vw, 880px\" \/><\/p>\n<p>Este es el lugar ideal para cumplir las medidas covid en el momento de mayor riesgo de contagio que es cuando nos quitamos las mascarillas para almorzar. Sembramos toda la pradera de casacas azules para tomar el almuerzo, el sol nos inunda ahora y algunos escogemos un lugar cerca del agua para disfrutar tambi\u00e9n de su curso sereno y su l\u00edmpido contenido.<\/p>\n<p>De nuevo en el camino, encontramos una vez m\u00e1s una zona de majadas, \u00e9stas llamadas de las Carrasquillas en el mismo estado ruinoso que las anteriores.<\/p>\n<p><img loading=\"lazy\" decoding=\"async\" class=\"aligncenter size-large wp-image-6913\" src=\"http:\/\/soriapasoapaso.es\/wp-content\/uploads\/2021\/03\/IMG_20210227_101120-1024x472.jpg\" alt=\"\" width=\"880\" height=\"406\" srcset=\"https:\/\/soriapasoapaso.es\/wp-content\/uploads\/2021\/03\/IMG_20210227_101120-1024x472.jpg 1024w, https:\/\/soriapasoapaso.es\/wp-content\/uploads\/2021\/03\/IMG_20210227_101120-300x138.jpg 300w, https:\/\/soriapasoapaso.es\/wp-content\/uploads\/2021\/03\/IMG_20210227_101120-768x354.jpg 768w, https:\/\/soriapasoapaso.es\/wp-content\/uploads\/2021\/03\/IMG_20210227_101120-1536x707.jpg 1536w, https:\/\/soriapasoapaso.es\/wp-content\/uploads\/2021\/03\/IMG_20210227_101120-2048x943.jpg 2048w\" sizes=\"auto, (max-width: 880px) 100vw, 880px\" \/><\/p>\n<p>Abordamos la subida m\u00e1s importante de la ruta hasta llegar al alto del cabezo El Santo, donde se encuentra una peque\u00f1a y r\u00fastica ermita de planta cuadrada dedicada a San Crist\u00f3bal y aunque solo podemos ver el exterior porque el peque\u00f1o santuario est\u00e1 cerrado, un ratoncito que se cuela por todos los sitios consigue una imagen del protagonista en su altar.<\/p>\n<p>Desde la puerta de la ermita nuestra vista llega hasta la inmensidad en esta clara ma\u00f1ana, una topograf\u00eda llana donde contrastan las tierras dedicadas al cereal con el sabinar arb\u00f3reo continuo y denso rodeado de los p\u00e1ramos calizos que se extienden por el sur hasta la sierra de Inodejo.<\/p>\n<p><img loading=\"lazy\" decoding=\"async\" class=\"aligncenter size-large wp-image-6914\" src=\"http:\/\/soriapasoapaso.es\/wp-content\/uploads\/2021\/03\/IMG_20210227_105104-1024x473.jpg\" alt=\"\" width=\"880\" height=\"406\" srcset=\"https:\/\/soriapasoapaso.es\/wp-content\/uploads\/2021\/03\/IMG_20210227_105104-1024x473.jpg 1024w, https:\/\/soriapasoapaso.es\/wp-content\/uploads\/2021\/03\/IMG_20210227_105104-300x139.jpg 300w, https:\/\/soriapasoapaso.es\/wp-content\/uploads\/2021\/03\/IMG_20210227_105104-768x355.jpg 768w, https:\/\/soriapasoapaso.es\/wp-content\/uploads\/2021\/03\/IMG_20210227_105104-1536x709.jpg 1536w, https:\/\/soriapasoapaso.es\/wp-content\/uploads\/2021\/03\/IMG_20210227_105104-2048x946.jpg 2048w\" sizes=\"auto, (max-width: 880px) 100vw, 880px\" \/><\/p>\n<p>Unos pocos metros de bajada empinada y deslizante entre sabinas nos lleva de nuevo a un camino que serpentea entre campos ligeramente verdes ya, que nos hacen pensar en la inmediata primavera y al fondo de la escena destaca la torre de la Iglesia de S. Blas que nos marca la situaci\u00f3n de Villaciervos, nos dirigimos hacia ella&nbsp; y ya de vuelta con la ruta finalizada&nbsp; nos fijamos en la &nbsp;arquitectura de casas bajas de piedra con chimeneas c\u00f3nicas cuya forma facilitaba la curaci\u00f3n de la matanza, pero quiz\u00e1 la m\u00e1s famosa edificaci\u00f3n &nbsp;de este pueblo Soriano es la Torre del Reloj construida en 1884 y cuya finalidad era la de orientar a ganaderos y agricultores con sus campanadas.<\/p>\n<p><img loading=\"lazy\" decoding=\"async\" class=\"aligncenter size-large wp-image-6915\" src=\"http:\/\/soriapasoapaso.es\/wp-content\/uploads\/2021\/03\/IMG_20210227_121424-1024x472.jpg\" alt=\"\" width=\"880\" height=\"406\" srcset=\"https:\/\/soriapasoapaso.es\/wp-content\/uploads\/2021\/03\/IMG_20210227_121424-1024x472.jpg 1024w, https:\/\/soriapasoapaso.es\/wp-content\/uploads\/2021\/03\/IMG_20210227_121424-300x138.jpg 300w, https:\/\/soriapasoapaso.es\/wp-content\/uploads\/2021\/03\/IMG_20210227_121424-768x354.jpg 768w, https:\/\/soriapasoapaso.es\/wp-content\/uploads\/2021\/03\/IMG_20210227_121424-1536x707.jpg 1536w, https:\/\/soriapasoapaso.es\/wp-content\/uploads\/2021\/03\/IMG_20210227_121424-2048x943.jpg 2048w\" sizes=\"auto, (max-width: 880px) 100vw, 880px\" \/><\/p>\n<p>Ruta de reiniciaci\u00f3n que nos ha sabido a gloria y en la que adem\u00e1s de los beneficios que cada uno de nosotros encuentra en el caminar hemos sentido que la primavera la tenemos pr\u00f3xima y hemos cumplido las medidas de protecci\u00f3n contra el virus de forma rigurosa.<\/p>\n<p>Gracias a Tod@s<\/p>\n<p>Soria, 27 de febrero 2021<\/p>\n<p>&nbsp;<\/p>\n<p>Emi<\/p>\n","protected":false},"excerpt":{"rendered":"<p>&nbsp; Un sencillo y corto recorrido de 9.88 km para reanudar la actividad de Soria paso a paso tras la \u00faltima ola pand\u00e9mica. Comenzamos nuestra ansiada andanza en Villaciervos, a \u00e9l llegamos tras recorrer 13km por la N-122 direcci\u00f3n Valladolid y al reencontrarnos de nuevo, nos saludamos todos con gran <\/p>\n<p><a class=\"read-more\" href=\"https:\/\/soriapasoapaso.es\/?p=6906\">Read More<\/a><\/p>\n","protected":false},"author":1,"featured_media":6916,"comment_status":"open","ping_status":"open","sticky":false,"template":"","format":"standard","meta":{"footnotes":""},"categories":[21],"tags":[],"class_list":["post-6906","post","type-post","status-publish","format-standard","has-post-thumbnail","hentry","category-rutas"],"_links":{"self":[{"href":"https:\/\/soriapasoapaso.es\/index.php?rest_route=\/wp\/v2\/posts\/6906","targetHints":{"allow":["GET"]}}],"collection":[{"href":"https:\/\/soriapasoapaso.es\/index.php?rest_route=\/wp\/v2\/posts"}],"about":[{"href":"https:\/\/soriapasoapaso.es\/index.php?rest_route=\/wp\/v2\/types\/post"}],"author":[{"embeddable":true,"href":"https:\/\/soriapasoapaso.es\/index.php?rest_route=\/wp\/v2\/users\/1"}],"replies":[{"embeddable":true,"href":"https:\/\/soriapasoapaso.es\/index.php?rest_route=%2Fwp%2Fv2%2Fcomments&post=6906"}],"version-history":[{"count":2,"href":"https:\/\/soriapasoapaso.es\/index.php?rest_route=\/wp\/v2\/posts\/6906\/revisions"}],"predecessor-version":[{"id":6918,"href":"https:\/\/soriapasoapaso.es\/index.php?rest_route=\/wp\/v2\/posts\/6906\/revisions\/6918"}],"wp:featuredmedia":[{"embeddable":true,"href":"https:\/\/soriapasoapaso.es\/index.php?rest_route=\/wp\/v2\/media\/6916"}],"wp:attachment":[{"href":"https:\/\/soriapasoapaso.es\/index.php?rest_route=%2Fwp%2Fv2%2Fmedia&parent=6906"}],"wp:term":[{"taxonomy":"category","embeddable":true,"href":"https:\/\/soriapasoapaso.es\/index.php?rest_route=%2Fwp%2Fv2%2Fcategories&post=6906"},{"taxonomy":"post_tag","embeddable":true,"href":"https:\/\/soriapasoapaso.es\/index.php?rest_route=%2Fwp%2Fv2%2Ftags&post=6906"}],"curies":[{"name":"wp","href":"https:\/\/api.w.org\/{rel}","templated":true}]}}