{"id":6764,"date":"2020-12-28T15:39:56","date_gmt":"2020-12-28T14:39:56","guid":{"rendered":"http:\/\/soriapasoapaso.es\/?p=6764"},"modified":"2020-12-28T15:39:56","modified_gmt":"2020-12-28T14:39:56","slug":"abejar-y-sus-manantiales","status":"publish","type":"post","link":"https:\/\/soriapasoapaso.es\/?p=6764","title":{"rendered":"\u00a0 ABEJAR Y SUS MANANTIALES"},"content":{"rendered":"<p>&nbsp;<\/p>\n<p>&nbsp;<\/p>\n<p><strong>\u00a0<\/strong><strong>\u00a0\u00a0\u00a0\u00a0\u00a0\u00a0\u00a0\u00a0\u00a0\u00a0\u00a0\u00a0\u00a0\u00a0\u00a0\u00a0\u00a0\u00a0\u00a0\u00a0\u00a0\u00a0\u00a0\u00a0\u00a0\u00a0\u00a0\u00a0\u00a0\u00a0\u00a0\u00a0\u00a0\u00a0\u00a0\u00a0\u00a0\u00a0\u00a0\u00a0\u00a0\u00a0\u00a0\u00a0\u00a0\u00a0\u00a0\u00a0\u00a0\u00a0\u00a0\u00a0\u00a0\u00a0\u00a0\u00a0\u00a0\u00a0 <\/strong>\u00a0\u00a0\u00a0\u00a0\u00a0\u00a0\u00a0\u00a0\u00a0\u00a0\u00a0 Soria, 26 Diciembre 2020<\/p>\n<p>&nbsp;<\/p>\n<p>No nos alejamos mucho hoy de la capital. A poco m\u00e1s de 28 Km. nos acercamos hasta el tur\u00edstico pueblo de Abejar, antesala de otros emblem\u00e1ticos y admirados parajes sorianos, como el pantano de la Cuerda del Pozo o las inmediaciones de la sierra de Cabrejas y la proximidad al no menos impresionante bosque intensivo de sabinas y enebros que conforman el conocido sabinar de Calata\u00f1azor. Pero sin duda otros aspectos con menos renombre de este visitado municipio, que es tambi\u00e9n \u00a0puerta de entrada\u00a0 a la majestuosa masa pinariega que se extiende al norte y suroeste de la sierra soriano-burgalesa (por algo se le conoce como \u201cLa Puerta de los Pinares\u201d), son los manantiales diseminados en una peque\u00f1a franja de su t\u00e9rmino municipal, y que han sido objeto de nuestra visita en esta ma\u00f1ana invernal, inmersa en plenas celebraciones navide\u00f1as.<\/p>\n<p>Nos hemos dado cita a las 9,00 h., en el interior del pueblo. Una hora prudente que no exige gran esfuerzo para abandonar las confortables s\u00e1banas de la cama. Y, merced a esta gentileza \u00a0horaria que han decidido nuestros sherpas, tenemos la peque\u00f1a recompensa a quienes hemos anticipado nuestra llegada de disponer de unos minutos para tomar un caf\u00e9 en el bar de la gasolinera junto a la carretera, que a esa hora ya cuenta con una nutrida concurrencia de paisanos, amantes tambi\u00e9n de\u00a0 despertar al d\u00eda con un buen caf\u00e9 caliente.<\/p>\n<p><img loading=\"lazy\" decoding=\"async\" class=\"aligncenter size-full wp-image-6765\" src=\"http:\/\/soriapasoapaso.es\/wp-content\/uploads\/2020\/12\/1-2.jpg\" alt=\"\" width=\"1000\" height=\"461\" srcset=\"https:\/\/soriapasoapaso.es\/wp-content\/uploads\/2020\/12\/1-2.jpg 1000w, https:\/\/soriapasoapaso.es\/wp-content\/uploads\/2020\/12\/1-2-300x138.jpg 300w, https:\/\/soriapasoapaso.es\/wp-content\/uploads\/2020\/12\/1-2-768x354.jpg 768w\" sizes=\"auto, (max-width: 1000px) 100vw, 1000px\" \/><\/p>\n<p>Entre componentes del grupo e invitados, sumamos veinticinco entusiastas de la zapatilla y el suelo de los caminos que recorremos, siempre con una indisimulada curiosidad por descubrir nuevas im\u00e1genes\u00a0 y paisajes de nuestra extensa y sorprendente geograf\u00eda soriana, deseo de todo caminante que vive el atractivo de los senderos transitados y el encanto de los rincones que aparecen en cada recodo.<\/p>\n<p><img loading=\"lazy\" decoding=\"async\" class=\"aligncenter size-full wp-image-6766\" src=\"http:\/\/soriapasoapaso.es\/wp-content\/uploads\/2020\/12\/2-2.jpg\" alt=\"\" width=\"1000\" height=\"462\" srcset=\"https:\/\/soriapasoapaso.es\/wp-content\/uploads\/2020\/12\/2-2.jpg 1000w, https:\/\/soriapasoapaso.es\/wp-content\/uploads\/2020\/12\/2-2-300x139.jpg 300w, https:\/\/soriapasoapaso.es\/wp-content\/uploads\/2020\/12\/2-2-768x355.jpg 768w\" sizes=\"auto, (max-width: 1000px) 100vw, 1000px\" \/><\/p>\n<p>Han pasado unos minutos de las 9,00 h. No ha faltado ninguno de los inscritos para la ocasi\u00f3n y en pocos minutos dejamos atr\u00e1s el pueblo para adentrarnos por una pista forestal, en\u00a0 sentido ascendente, que nos lleva durante un corto tramo por el camino antiguo que un\u00eda Abejar con la vecina Cabrejas del Pinar. Nos despide a las afueras del pueblo una rudimentaria cruz de madera, donde aparece la inscripci\u00f3n, en su brazo horizontal, \u201cCruz del Milagro\u201d. Carezco de documentaci\u00f3n para saber de qu\u00e9 milagro se trata, pero hago el prop\u00f3sito de solicitar informaci\u00f3n a los paisanos del pueblo para conocer el motivo de esta visible ense\u00f1a.\u00a0 \u00a0La ma\u00f1ana se muestra soleada\u2026 pero enga\u00f1osa: un viento fr\u00edo (no superamos los -2\u00ba ) se deja sentir sobre nuestras caras medio tapadas por la obligada mascarilla que exigen las\u00a0 circunstancias del momento, pero con la casi certeza de que transcurridas las tempranas horas ma\u00f1aneras el sol tornar\u00e1 m\u00e1s agradable nuestra marcha .<\/p>\n<p><img loading=\"lazy\" decoding=\"async\" class=\"aligncenter size-full wp-image-6767\" src=\"http:\/\/soriapasoapaso.es\/wp-content\/uploads\/2020\/12\/3-2.jpg\" alt=\"\" width=\"1000\" height=\"462\" srcset=\"https:\/\/soriapasoapaso.es\/wp-content\/uploads\/2020\/12\/3-2.jpg 1000w, https:\/\/soriapasoapaso.es\/wp-content\/uploads\/2020\/12\/3-2-300x139.jpg 300w, https:\/\/soriapasoapaso.es\/wp-content\/uploads\/2020\/12\/3-2-768x355.jpg 768w\" sizes=\"auto, (max-width: 1000px) 100vw, 1000px\" \/><\/p>\n<p>Caminamos algo m\u00e1s de 2 Km. por la ya citada pista en ascenso, no muy exigente, que nos sirve de acicate inicial en un doble sentido: preparar nuestro organismo para mantener el esfuerzo exigido y combatir los rigores clim\u00e1ticos del momento.<\/p>\n<p>A nuestra izquierda va quedando el talud que desnivela\u00a0 el trayecto ascendente del propio terreno, salpicado de vegetaci\u00f3n arb\u00f3rea dominada, principalmente, por vetustos y portentosos robles que, \u201ccomo fantasmas encorvados al pasar\u201d delante de ellos (\u00bfos suena la letra de esta canci\u00f3n de los a\u00f1os 70?), nos produce la sensaci\u00f3n de que cientos de a\u00f1os arraigados en esta tierra contemplan nuestro paso. Nuestro sherpa, en su siempre acertado y elaborado audiovisual que prepara despu\u00e9s de cada ruta, ha querido acompa\u00f1ar esta parte del recorrido con el conocido tema musical <em>\u201cPenny Lane<\/em>\u201d. Y aunque\u00a0 la pista o la calle por la que transitamos, en su sentido econ\u00f3mico, se pueda equiparar metaf\u00f3ricamente a la calle del penique, las vistas que observamos a medida que\u00a0 vamos subiendo\u00a0 podemos tasarlas en algo m\u00e1s que \u00a0libras esterlinas.<\/p>\n<p><img loading=\"lazy\" decoding=\"async\" class=\"aligncenter size-full wp-image-6768\" src=\"http:\/\/soriapasoapaso.es\/wp-content\/uploads\/2020\/12\/4-2.jpg\" alt=\"\" width=\"1000\" height=\"462\" srcset=\"https:\/\/soriapasoapaso.es\/wp-content\/uploads\/2020\/12\/4-2.jpg 1000w, https:\/\/soriapasoapaso.es\/wp-content\/uploads\/2020\/12\/4-2-300x139.jpg 300w, https:\/\/soriapasoapaso.es\/wp-content\/uploads\/2020\/12\/4-2-768x355.jpg 768w\" sizes=\"auto, (max-width: 1000px) 100vw, 1000px\" \/><\/p>\n<p>Hemos coronado la parte m\u00e1s exigente del trayecto. Ahora llaneamos c\u00f3modamente sobre una altitud que nos adentra por una m\u00e1s que espesa tierra de encinas, enebros, robledales y alguna que otra sabina.<\/p>\n<p><img loading=\"lazy\" decoding=\"async\" class=\"aligncenter size-full wp-image-6769\" src=\"http:\/\/soriapasoapaso.es\/wp-content\/uploads\/2020\/12\/5-2.jpg\" alt=\"\" width=\"1000\" height=\"462\" srcset=\"https:\/\/soriapasoapaso.es\/wp-content\/uploads\/2020\/12\/5-2.jpg 1000w, https:\/\/soriapasoapaso.es\/wp-content\/uploads\/2020\/12\/5-2-300x139.jpg 300w, https:\/\/soriapasoapaso.es\/wp-content\/uploads\/2020\/12\/5-2-768x355.jpg 768w\" sizes=\"auto, (max-width: 1000px) 100vw, 1000px\" \/><\/p>\n<p>Dejamos la pista y giramos\u00a0 a mano derecha en un punto indeterminado del recorrido, para acercarnos hacia un fen\u00f3meno relativamente normal (seg\u00fan nos refiere\u00a0 nuestro siempre bien informante Alberto), cual es la erosi\u00f3n que se produce en la naturaleza por la conjunci\u00f3n de distintas fuerzas naturales. En este caso, nos encontramos con una poderosa encina, que ha nacido y se ha desarrollado incrustada en una s\u00f3lida roca y con el devenir de su crecimiento ha conseguido, como si de una cu\u00f1a hendida en el hueco que la ha visto crecer se tratara, partir la roca sobre la que ha sustentado su crecimiento, hasta provocar el desprendimiento de enormes bloques de esa piedra en apariencia m\u00e1s fuerte que el propio troco de la encima.<\/p>\n<p><img loading=\"lazy\" decoding=\"async\" class=\"aligncenter size-full wp-image-6770\" src=\"http:\/\/soriapasoapaso.es\/wp-content\/uploads\/2020\/12\/6-2.jpg\" alt=\"\" width=\"1000\" height=\"562\" srcset=\"https:\/\/soriapasoapaso.es\/wp-content\/uploads\/2020\/12\/6-2.jpg 1000w, https:\/\/soriapasoapaso.es\/wp-content\/uploads\/2020\/12\/6-2-300x169.jpg 300w, https:\/\/soriapasoapaso.es\/wp-content\/uploads\/2020\/12\/6-2-768x432.jpg 768w\" sizes=\"auto, (max-width: 1000px) 100vw, 1000px\" \/><\/p>\n<p>Es el triunfo de la materia org\u00e1nica sobre la inorg\u00e1nica. Por algo nos ense\u00f1aron en nuestra tierna infancia (desconozco si se trata de ense\u00f1anzas anticuadas o tienen todav\u00eda alg\u00fan\u00a0 vigor) que hab\u00eda tres clases de vida: animal, vegetal y mineral. Y,\u00a0 aunque la naturaleza establece un armonioso equilibrio biol\u00f3gico entre los ciclos vitales de estos reinos, en este caso la aparente fortaleza del \u00a0menos evolucionado ha sucumbido al empuje de la vida vegetal, como si de un reto se tratara para salvaguardar la vida m\u00e1s compleja de la especie arb\u00f3rea.<\/p>\n<p>El rinc\u00f3n descubierto es espectacular y no nos cansamos de admirar la tenaz encina que ha conseguido \u201cdeshacerse\u201d de la piedra que ocultaba su soberbio y altivo tronco, para seguir pujante su crecimiento en busca del sol que le da vida y deshacerse de la materia bruta que intentaba ocultarla.<\/p>\n<p><img loading=\"lazy\" decoding=\"async\" class=\"aligncenter size-full wp-image-6771\" src=\"http:\/\/soriapasoapaso.es\/wp-content\/uploads\/2020\/12\/7-2.jpg\" alt=\"\" width=\"1000\" height=\"462\" srcset=\"https:\/\/soriapasoapaso.es\/wp-content\/uploads\/2020\/12\/7-2.jpg 1000w, https:\/\/soriapasoapaso.es\/wp-content\/uploads\/2020\/12\/7-2-300x139.jpg 300w, https:\/\/soriapasoapaso.es\/wp-content\/uploads\/2020\/12\/7-2-768x355.jpg 768w\" sizes=\"auto, (max-width: 1000px) 100vw, 1000px\" \/><\/p>\n<p>Dejamos atr\u00e1s este espect\u00e1culo natural y ahora nos enfrentamos a una pronunciada bajada, no exenta de riesgos, para continuar hacia el primero de los objetivos que forman parte de nuestra ruta: los manantiales.<\/p>\n<p>El primero en visitar se conoce con el nombre de\u00a0 <strong>Fuentervilla<\/strong>. El manantial queda oculto tras una gruesa piedra, de la cual sale un tubo flexible que conecta con un corto y estrecho canal, construido con material resistente, y, a su vez, este se prolonga con otra conducci\u00f3n \u00a0sobre la concavidad de un tronco vegetal elaborado artesanalmente para este fin. Estas intervenciones humanas tienen como finalidad darle utilidad al agua que fluye bajo la tierra, aunque no nos queda claro cu\u00e1les pueden ser los beneficiarios directos de las mismas: no parece que por aqu\u00ed paste mucho ganado y, por otra parte, tampoco es un sitio c\u00f3modo para que el visitante tenga intenci\u00f3n de probar el agua de este acu\u00edfero. Pero el agua siempre es un recurso necesario en cualquier ambiente, escenario o paraje.<\/p>\n<p>Continuamos nuestro camino y en poco menos de quince minutos, escondido entre los enebros y encinas del monte, encontramos el conocido como <strong>La enebrada de los Ca\u00f1os<\/strong> (sin h intercalada). Es un manantial de aguas limpias y cristalinas, que forma una peque\u00f1a balsa en su propia surgencia, sin ninguna intervenci\u00f3n humana, de aspecto absolutamente natural que invita a refrescarse en sus aguas. La fr\u00eda temperatura de la ma\u00f1ana nos aconseja lo contrario. As\u00ed que nos limitamos a admirar la belleza de este lugar y su indudable valor ecol\u00f3gico.<\/p>\n<p><img loading=\"lazy\" decoding=\"async\" class=\"aligncenter size-full wp-image-6773\" src=\"http:\/\/soriapasoapaso.es\/wp-content\/uploads\/2020\/12\/9-2.jpg\" alt=\"\" width=\"1000\" height=\"562\" srcset=\"https:\/\/soriapasoapaso.es\/wp-content\/uploads\/2020\/12\/9-2.jpg 1000w, https:\/\/soriapasoapaso.es\/wp-content\/uploads\/2020\/12\/9-2-300x169.jpg 300w, https:\/\/soriapasoapaso.es\/wp-content\/uploads\/2020\/12\/9-2-768x432.jpg 768w\" sizes=\"auto, (max-width: 1000px) 100vw, 1000px\" \/><\/p>\n<p>&nbsp;<\/p>\n<p>Y enseguida llega el momento del asueto y descanso obligado. Lo hacemos en el paraje conocido como zona recreativa de Fuentervilla. Es una peque\u00f1a explanada en medio del bosque, donde se ha construido un s\u00f3lido refugio para uso, principalmente, de cazadores, con equipamiento exterior de mesas de campo, que facilitan el descanso y las funciones gastron\u00f3micas. Ideal para nuestro esperado refrigerio. Y una vez m\u00e1s, nuestro t\u00e9cnico en montajes audiovisuales post ruta, ha querido ambientar este momento con otro acertado\u00a0 tema musical de los Beatles (\u00a1eternos Beatles!): el archiconocido <em>All you need ist Love<\/em>. Y, efectivamente, Angel, lo que necesitamos es amor\u2026pero en este caso el amor por el deseado y merecido bocadillo que repone fuerzas y nos permite este rato de charla distendida entre el grupo y recuperar energ\u00edas para el resto de la ruta. En las inmediaciones del lugar \u00a0aparece un visible anuncio que proh\u00edbe usar las barbacoas. Y nada m\u00e1s contundente para dar cumplimiento a esta prohibici\u00f3n que destruir las barbacoas. Y as\u00ed aparecen a la vista del visitante.<\/p>\n<p><img loading=\"lazy\" decoding=\"async\" class=\"aligncenter size-full wp-image-6772\" src=\"http:\/\/soriapasoapaso.es\/wp-content\/uploads\/2020\/12\/8-2.jpg\" alt=\"\" width=\"1000\" height=\"462\" srcset=\"https:\/\/soriapasoapaso.es\/wp-content\/uploads\/2020\/12\/8-2.jpg 1000w, https:\/\/soriapasoapaso.es\/wp-content\/uploads\/2020\/12\/8-2-300x139.jpg 300w, https:\/\/soriapasoapaso.es\/wp-content\/uploads\/2020\/12\/8-2-768x355.jpg 768w\" sizes=\"auto, (max-width: 1000px) 100vw, 1000px\" \/><\/p>\n<p>Ya hemos consumido las viandas\u00a0 y probado el humeante caf\u00e9 de algunos compa\u00f1eros, especialistas en mantenerlo en \u00f3ptimas condiciones para su consumo. Ponemos rumbo\u00a0 hacia otro de los manantiales por un c\u00f3modo y llano camino, apto para la circulaci\u00f3n de veh\u00edculos, y alguno vemos aparcado en las proximidades del mismo, seguramente de cazadores que andan por esa zona.<\/p>\n<p>El siguiente manantial se conoce como <strong>El Aralejo. <\/strong>Forma una peque\u00f1a balsa en su nacimiento, que se prolonga en un peque\u00f1o arroyo, aunque no parece abundante ni excesivamente generoso, y pronto es absorbido por el lecho que corre, raz\u00f3n por la que su visita no se prolonga durante mucho tiempo.<\/p>\n<p><img loading=\"lazy\" decoding=\"async\" class=\"aligncenter size-full wp-image-6774\" src=\"http:\/\/soriapasoapaso.es\/wp-content\/uploads\/2020\/12\/10-2.jpg\" alt=\"\" width=\"1000\" height=\"462\" srcset=\"https:\/\/soriapasoapaso.es\/wp-content\/uploads\/2020\/12\/10-2.jpg 1000w, https:\/\/soriapasoapaso.es\/wp-content\/uploads\/2020\/12\/10-2-300x139.jpg 300w, https:\/\/soriapasoapaso.es\/wp-content\/uploads\/2020\/12\/10-2-768x355.jpg 768w\" sizes=\"auto, (max-width: 1000px) 100vw, 1000px\" \/><\/p>\n<p>Y por \u00faltimo vemos ya el indicador que nos encamina hacia el \u00faltimo de los manantiales, se\u00f1alado como <strong>Fuente del Cordel<\/strong>. En este caso, no podemos apreciar su importancia \u00a0o est\u00e9tica, porque aparece seco el ca\u00f1o por el que vierte el agua subterr\u00e1nea que fluye\u00a0 bajo la piedra que oculta su nacimiento. Antes de llegar al mismo hemos pisado la orilla de una parcela de cultivos de secano, que nos ha dejado su huella en forma de \u00a0una gruesa capa de pegajoso \u00a0barro bajo la suela de las botas. Ya tenemos trabajo al llegar a casa para dar lustre a nuestro calzado senderista.<\/p>\n<p><img loading=\"lazy\" decoding=\"async\" class=\"aligncenter size-full wp-image-6775\" src=\"http:\/\/soriapasoapaso.es\/wp-content\/uploads\/2020\/12\/11-2.jpg\" alt=\"\" width=\"1000\" height=\"562\" srcset=\"https:\/\/soriapasoapaso.es\/wp-content\/uploads\/2020\/12\/11-2.jpg 1000w, https:\/\/soriapasoapaso.es\/wp-content\/uploads\/2020\/12\/11-2-300x169.jpg 300w, https:\/\/soriapasoapaso.es\/wp-content\/uploads\/2020\/12\/11-2-768x432.jpg 768w\" sizes=\"auto, (max-width: 1000px) 100vw, 1000px\" \/><\/p>\n<p>Por el camino que nos conduce de regreso a Abejar, podemos observar los rigores de las temperaturas que han aparecido estas \u00faltimas madrugadas: charcos de agua en el camino convertidos en gruesas capas de hielo, que nos avisan de la m\u00e1s frecuente climatolog\u00eda invernal de estas tierras.<\/p>\n<p><img loading=\"lazy\" decoding=\"async\" class=\"aligncenter size-full wp-image-6776\" src=\"http:\/\/soriapasoapaso.es\/wp-content\/uploads\/2020\/12\/12-2.jpg\" alt=\"\" width=\"1000\" height=\"562\" srcset=\"https:\/\/soriapasoapaso.es\/wp-content\/uploads\/2020\/12\/12-2.jpg 1000w, https:\/\/soriapasoapaso.es\/wp-content\/uploads\/2020\/12\/12-2-300x169.jpg 300w, https:\/\/soriapasoapaso.es\/wp-content\/uploads\/2020\/12\/12-2-768x432.jpg 768w\" sizes=\"auto, (max-width: 1000px) 100vw, 1000px\" \/><\/p>\n<p>Hemos salido a un tramo de la carretera que comunica un punto de la N-234, desde Abejar, con otro de la N-122, hasta La Venta Nueva, por el conocido Mirador de los Muros, desde el que divisamos ya un plano a\u00e9reo de Abejar. El trayecto por carretera es corto y pronto abandonamos el asfalto para adentrarnos por un camino paralelo descendente que nos llevar\u00e1 hasta el\u00a0 punto de partida. Y as\u00ed, hemos llegado hasta las proximidades de Abejar y, en concreto, nos hallamos ya\u00a0 ante la misma ermita \u201cVirgen del Camino\u201d, emplazada a 500 metros de la localidad, destino de la romer\u00eda que se celebra todos los a\u00f1os el 15 de Agosto por los vecinos del pueblo. Tiene una sola planta y una \u00fanica nave, construida en el siglo XV, aunque fue ampliada posteriormente y solo se conserva de esta \u00e9poca el camar\u00edn de la Virgen.<\/p>\n<p><img loading=\"lazy\" decoding=\"async\" class=\"aligncenter size-full wp-image-6777\" src=\"http:\/\/soriapasoapaso.es\/wp-content\/uploads\/2020\/12\/13-2.jpg\" alt=\"\" width=\"1000\" height=\"562\" srcset=\"https:\/\/soriapasoapaso.es\/wp-content\/uploads\/2020\/12\/13-2.jpg 1000w, https:\/\/soriapasoapaso.es\/wp-content\/uploads\/2020\/12\/13-2-300x169.jpg 300w, https:\/\/soriapasoapaso.es\/wp-content\/uploads\/2020\/12\/13-2-768x432.jpg 768w\" sizes=\"auto, (max-width: 1000px) 100vw, 1000px\" \/><\/p>\n<p>Y enseguida nos adentramos ya en el pueblo. Han sido algo m\u00e1s de 13 Km. recorridos y disfrutados por esta antesala de grandes masas boscosas de variados y ricos espec\u00edmenes vegetales (encinas, sabinas, robles, enebros, pino albar, etc.).<\/p>\n<p>Y la pr\u00f3xima ruta ser\u00e1 tambi\u00e9n una ruta \u201cde altura\u201d, aunque vista desde la llanura. Tiempo habr\u00e1 de explicar esta novedosa versi\u00f3n topogr\u00e1fica de nuestro recorrido.<\/p>\n<p>&nbsp;<\/p>\n<p>Agnelo Yubero<\/p>\n","protected":false},"excerpt":{"rendered":"<p>&nbsp; &nbsp; \u00a0\u00a0\u00a0\u00a0\u00a0\u00a0\u00a0\u00a0\u00a0\u00a0\u00a0\u00a0\u00a0\u00a0\u00a0\u00a0\u00a0\u00a0\u00a0\u00a0\u00a0\u00a0\u00a0\u00a0\u00a0\u00a0\u00a0\u00a0\u00a0\u00a0\u00a0\u00a0\u00a0\u00a0\u00a0\u00a0\u00a0\u00a0\u00a0\u00a0\u00a0\u00a0\u00a0\u00a0\u00a0\u00a0\u00a0\u00a0\u00a0\u00a0\u00a0\u00a0\u00a0\u00a0\u00a0\u00a0\u00a0\u00a0\u00a0 \u00a0\u00a0\u00a0\u00a0\u00a0\u00a0\u00a0\u00a0\u00a0\u00a0\u00a0 Soria, 26 Diciembre 2020 &nbsp; No nos alejamos mucho hoy de la capital. A poco m\u00e1s de 28 Km. nos acercamos hasta el tur\u00edstico pueblo de Abejar, antesala de otros emblem\u00e1ticos y admirados parajes sorianos, como el pantano de la Cuerda del Pozo o las inmediaciones <\/p>\n<p><a class=\"read-more\" href=\"https:\/\/soriapasoapaso.es\/?p=6764\">Read More<\/a><\/p>\n","protected":false},"author":1,"featured_media":6778,"comment_status":"open","ping_status":"open","sticky":false,"template":"","format":"standard","meta":{"footnotes":""},"categories":[21],"tags":[],"class_list":["post-6764","post","type-post","status-publish","format-standard","has-post-thumbnail","hentry","category-rutas"],"_links":{"self":[{"href":"https:\/\/soriapasoapaso.es\/index.php?rest_route=\/wp\/v2\/posts\/6764","targetHints":{"allow":["GET"]}}],"collection":[{"href":"https:\/\/soriapasoapaso.es\/index.php?rest_route=\/wp\/v2\/posts"}],"about":[{"href":"https:\/\/soriapasoapaso.es\/index.php?rest_route=\/wp\/v2\/types\/post"}],"author":[{"embeddable":true,"href":"https:\/\/soriapasoapaso.es\/index.php?rest_route=\/wp\/v2\/users\/1"}],"replies":[{"embeddable":true,"href":"https:\/\/soriapasoapaso.es\/index.php?rest_route=%2Fwp%2Fv2%2Fcomments&post=6764"}],"version-history":[{"count":1,"href":"https:\/\/soriapasoapaso.es\/index.php?rest_route=\/wp\/v2\/posts\/6764\/revisions"}],"predecessor-version":[{"id":6779,"href":"https:\/\/soriapasoapaso.es\/index.php?rest_route=\/wp\/v2\/posts\/6764\/revisions\/6779"}],"wp:featuredmedia":[{"embeddable":true,"href":"https:\/\/soriapasoapaso.es\/index.php?rest_route=\/wp\/v2\/media\/6778"}],"wp:attachment":[{"href":"https:\/\/soriapasoapaso.es\/index.php?rest_route=%2Fwp%2Fv2%2Fmedia&parent=6764"}],"wp:term":[{"taxonomy":"category","embeddable":true,"href":"https:\/\/soriapasoapaso.es\/index.php?rest_route=%2Fwp%2Fv2%2Fcategories&post=6764"},{"taxonomy":"post_tag","embeddable":true,"href":"https:\/\/soriapasoapaso.es\/index.php?rest_route=%2Fwp%2Fv2%2Ftags&post=6764"}],"curies":[{"name":"wp","href":"https:\/\/api.w.org\/{rel}","templated":true}]}}