{"id":5416,"date":"2019-12-21T22:49:24","date_gmt":"2019-12-21T21:49:24","guid":{"rendered":"http:\/\/soriapasoapaso.es\/?p=5416"},"modified":"2019-12-21T22:49:24","modified_gmt":"2019-12-21T21:49:24","slug":"por-bijuesca-14-12-2019","status":"publish","type":"post","link":"https:\/\/soriapasoapaso.es\/?p=5416","title":{"rendered":"Por Bijuesca 14-12-2019"},"content":{"rendered":"<p>&nbsp;<\/p>\n<p>&nbsp;<\/p>\n<p>&nbsp;<\/p>\n<p>El d\u00eda se va levantando seg\u00fan avanzamos por la N -234 y los rayos del sol se van colando entre densos nubarrones por lo que el cielo que tenemos frente a nosotros\u00a0 est\u00e1 dibujado a bandas grises y anaranjadas, as\u00ed lo muestra la primera foto del video de la ruta de hoy. Damos un peque\u00f1o salto desde\u00a0 la Bigornia y una vez en Arag\u00f3n nos dirigimos \u00a0a Bijuesca que puede que sea \u00a0uno de los pueblos mas afortunados de esta comarca bilbilitana rayana con Soria, porque\u00a0 en \u00e9l, el R\u00edo Manubles\u00a0 se digna en \u00a0aparecer \u00a0formando un f\u00e9rtil valle dominado por \u00a0castillos.<\/p>\n<p><img loading=\"lazy\" decoding=\"async\" class=\"aligncenter size-large wp-image-5417\" src=\"http:\/\/soriapasoapaso.es\/wp-content\/uploads\/2019\/12\/IMG-20191214-WA0038-1024x768.jpg\" alt=\"\" width=\"880\" height=\"660\" srcset=\"https:\/\/soriapasoapaso.es\/wp-content\/uploads\/2019\/12\/IMG-20191214-WA0038-1024x768.jpg 1024w, https:\/\/soriapasoapaso.es\/wp-content\/uploads\/2019\/12\/IMG-20191214-WA0038-300x225.jpg 300w, https:\/\/soriapasoapaso.es\/wp-content\/uploads\/2019\/12\/IMG-20191214-WA0038-768x576.jpg 768w, https:\/\/soriapasoapaso.es\/wp-content\/uploads\/2019\/12\/IMG-20191214-WA0038-1536x1151.jpg 1536w, https:\/\/soriapasoapaso.es\/wp-content\/uploads\/2019\/12\/IMG-20191214-WA0038.jpg 2048w\" sizes=\"auto, (max-width: 880px) 100vw, 880px\" \/><\/p>\n<p>Antes de llegar a Bijuesca pasamos por Berdejo y Angel nos cuenta que en una de las biograf\u00edas de San Mill\u00e1n de la Cogolla se dice que naci\u00f3 en este pueblo y no en Berceo en la Rioja, o pudo haber una mala trascripci\u00f3n del nombre de la localidad. El castillo y la iglesia de este pueblo llaman la atenci\u00f3n desde la carretera.<\/p>\n<p><img loading=\"lazy\" decoding=\"async\" class=\"aligncenter size-large wp-image-5418\" src=\"http:\/\/soriapasoapaso.es\/wp-content\/uploads\/2019\/12\/DSC07930-1024x576.jpg\" alt=\"\" width=\"880\" height=\"495\" srcset=\"https:\/\/soriapasoapaso.es\/wp-content\/uploads\/2019\/12\/DSC07930-1024x576.jpg 1024w, https:\/\/soriapasoapaso.es\/wp-content\/uploads\/2019\/12\/DSC07930-300x169.jpg 300w, https:\/\/soriapasoapaso.es\/wp-content\/uploads\/2019\/12\/DSC07930-768x432.jpg 768w, https:\/\/soriapasoapaso.es\/wp-content\/uploads\/2019\/12\/DSC07930-1536x863.jpg 1536w, https:\/\/soriapasoapaso.es\/wp-content\/uploads\/2019\/12\/DSC07930-2048x1151.jpg 2048w\" sizes=\"auto, (max-width: 880px) 100vw, 880px\" \/><\/p>\n<p>Atravesamos Bijuesca ya caminado y siguiendo el curso del Manubles por su \u00a0margen izquierda para llegar a la Fuente de los 28 ca\u00f1os que abastece a un lavadero. Se trata de una fuente rom\u00e1nica hecha en mamposter\u00eda y en cuyos \u00a0tres ca\u00f1os centrales se representa el rostro de una mujer, adem\u00e1s se dice que su agua permanece a una temperatura constante de 16\u00ba C.<\/p>\n<p><img loading=\"lazy\" decoding=\"async\" class=\"aligncenter size-large wp-image-5419\" src=\"http:\/\/soriapasoapaso.es\/wp-content\/uploads\/2019\/12\/20191214_091713-1024x768.jpg\" alt=\"\" width=\"880\" height=\"660\" srcset=\"https:\/\/soriapasoapaso.es\/wp-content\/uploads\/2019\/12\/20191214_091713-1024x768.jpg 1024w, https:\/\/soriapasoapaso.es\/wp-content\/uploads\/2019\/12\/20191214_091713-300x225.jpg 300w, https:\/\/soriapasoapaso.es\/wp-content\/uploads\/2019\/12\/20191214_091713-768x576.jpg 768w, https:\/\/soriapasoapaso.es\/wp-content\/uploads\/2019\/12\/20191214_091713-1536x1152.jpg 1536w, https:\/\/soriapasoapaso.es\/wp-content\/uploads\/2019\/12\/20191214_091713.jpg 1600w\" sizes=\"auto, (max-width: 880px) 100vw, 880px\" \/><\/p>\n<p>Seguimos nuestro camino pasando por delante del pabell\u00f3n municipal y por suerte unos cazadores con los que nos topamos llevan un camino diferente al nuestro.<\/p>\n<p><img loading=\"lazy\" decoding=\"async\" class=\"aligncenter size-large wp-image-5420\" src=\"http:\/\/soriapasoapaso.es\/wp-content\/uploads\/2019\/12\/DSC07934-1024x576.jpg\" alt=\"\" width=\"880\" height=\"495\" srcset=\"https:\/\/soriapasoapaso.es\/wp-content\/uploads\/2019\/12\/DSC07934-1024x576.jpg 1024w, https:\/\/soriapasoapaso.es\/wp-content\/uploads\/2019\/12\/DSC07934-300x169.jpg 300w, https:\/\/soriapasoapaso.es\/wp-content\/uploads\/2019\/12\/DSC07934-768x432.jpg 768w, https:\/\/soriapasoapaso.es\/wp-content\/uploads\/2019\/12\/DSC07934-1536x863.jpg 1536w, https:\/\/soriapasoapaso.es\/wp-content\/uploads\/2019\/12\/DSC07934-2048x1151.jpg 2048w\" sizes=\"auto, (max-width: 880px) 100vw, 880px\" \/><\/p>\n<p>Atravesamos un peque\u00f1o puente romano y nos fotografiamos en \u00e9l por supuesto; enfilamos un sendero entre lo que nos parecen huertas con frutales \u00a0y campos de cultivo,\u00a0 las haciendas est\u00e1n\u00a0 invernando por lo que solo podemos especular sobre ellas.<\/p>\n<p>Esta vega est\u00e1\u00a0 \u00a0encuadrada \u00a0de vez en cuando por escarpados rocosos y por\u00a0 peque\u00f1as \u00a0masas de pinos. La temperatura es muy buena para caminar, solo molesta el aire de vez en cuando. Si miramos hacia atr\u00e1s vemos una \u00bfmonta\u00f1a de colores?.<\/p>\n<p>Tocamos a las puertas del cielo porque hemos\u00a0 llegado a la sierra del almuerzo y en el porche de un chamizo tomamos nuestros bocatas y \u00a0el sol y nos sacudimos el polvo despu\u00e9s.<\/p>\n<p><img loading=\"lazy\" decoding=\"async\" class=\"aligncenter size-large wp-image-5421\" src=\"http:\/\/soriapasoapaso.es\/wp-content\/uploads\/2019\/12\/IMG_20191214_102511-1024x576.jpg\" alt=\"\" width=\"880\" height=\"495\" srcset=\"https:\/\/soriapasoapaso.es\/wp-content\/uploads\/2019\/12\/IMG_20191214_102511-1024x576.jpg 1024w, https:\/\/soriapasoapaso.es\/wp-content\/uploads\/2019\/12\/IMG_20191214_102511-300x169.jpg 300w, https:\/\/soriapasoapaso.es\/wp-content\/uploads\/2019\/12\/IMG_20191214_102511-768x432.jpg 768w, https:\/\/soriapasoapaso.es\/wp-content\/uploads\/2019\/12\/IMG_20191214_102511-1536x864.jpg 1536w, https:\/\/soriapasoapaso.es\/wp-content\/uploads\/2019\/12\/IMG_20191214_102511.jpg 1600w\" sizes=\"auto, (max-width: 880px) 100vw, 880px\" \/><\/p>\n<p>Con el est\u00f3mago lleno\u00a0 subimos una empinada cuesta para llegar a un alto desde el que se puede ver hasta Deza, el aire arrecia y nos trae aromas estupendos.<\/p>\n<p>El descenso desde esta cumbre lo hacemos por restos de una antigua calzada romana y frente a nosotros una estampa\u00a0 fabulosa del caser\u00edo de Bijuesca apretado en su hondonada y guardado \u00a0por su castillo desde un peque\u00f1o cerro.<\/p>\n<p><img loading=\"lazy\" decoding=\"async\" class=\"size-large wp-image-5422\" src=\"http:\/\/soriapasoapaso.es\/wp-content\/uploads\/2019\/12\/IMG_20191214_111016-1024x578.jpg\" alt=\"\" width=\"880\" height=\"497\" srcset=\"https:\/\/soriapasoapaso.es\/wp-content\/uploads\/2019\/12\/IMG_20191214_111016-1024x578.jpg 1024w, https:\/\/soriapasoapaso.es\/wp-content\/uploads\/2019\/12\/IMG_20191214_111016-300x169.jpg 300w, https:\/\/soriapasoapaso.es\/wp-content\/uploads\/2019\/12\/IMG_20191214_111016-768x434.jpg 768w, https:\/\/soriapasoapaso.es\/wp-content\/uploads\/2019\/12\/IMG_20191214_111016-1536x867.jpg 1536w, https:\/\/soriapasoapaso.es\/wp-content\/uploads\/2019\/12\/IMG_20191214_111016-2048x1156.jpg 2048w\" sizes=\"auto, (max-width: 880px) 100vw, 880px\" \/><\/p>\n<p>Al finalizar el empedrado sendero, tenemos que caminar un rato campo a trav\u00e9s donde las aliagas secas y afiladas nos van pinchando en las piernas.<\/p>\n<p><img loading=\"lazy\" decoding=\"async\" class=\"aligncenter size-large wp-image-5425\" src=\"http:\/\/soriapasoapaso.es\/wp-content\/uploads\/2019\/12\/20191214_114146-1024x768.jpg\" alt=\"\" width=\"880\" height=\"660\" srcset=\"https:\/\/soriapasoapaso.es\/wp-content\/uploads\/2019\/12\/20191214_114146-1024x768.jpg 1024w, https:\/\/soriapasoapaso.es\/wp-content\/uploads\/2019\/12\/20191214_114146-300x225.jpg 300w, https:\/\/soriapasoapaso.es\/wp-content\/uploads\/2019\/12\/20191214_114146-768x576.jpg 768w, https:\/\/soriapasoapaso.es\/wp-content\/uploads\/2019\/12\/20191214_114146-1536x1152.jpg 1536w, https:\/\/soriapasoapaso.es\/wp-content\/uploads\/2019\/12\/20191214_114146.jpg 1600w\" sizes=\"auto, (max-width: 880px) 100vw, 880px\" \/><\/p>\n<p>Llegamos a la \u201cmonta\u00f1a de colorines\u201d o \u201ccerro de los colores\u201d: No se puede contar mucho sobre \u00e9l, hay que verlo, y por qu\u00e9 no, escalar sus paredes, deslizarse sobre ellas y fotografiarlo por todos sus \u00e1ngulos y desde todas sus perspectivas. Se trata de una formaci\u00f3n geol\u00f3gica de arcilla y yesos versicolores, amarillos, naranjas, ocres, morados y violetas. Es como una mini-m\u00e9dula cuyos colores son producto\u00a0 de distinta cantidad y tipos de \u00f3xido de hierro que la componen.<\/p>\n<p><img loading=\"lazy\" decoding=\"async\" class=\"aligncenter size-large wp-image-5426\" src=\"http:\/\/soriapasoapaso.es\/wp-content\/uploads\/2019\/12\/DSC07959-1024x576.jpg\" alt=\"\" width=\"880\" height=\"495\" srcset=\"https:\/\/soriapasoapaso.es\/wp-content\/uploads\/2019\/12\/DSC07959-1024x576.jpg 1024w, https:\/\/soriapasoapaso.es\/wp-content\/uploads\/2019\/12\/DSC07959-300x169.jpg 300w, https:\/\/soriapasoapaso.es\/wp-content\/uploads\/2019\/12\/DSC07959-768x432.jpg 768w, https:\/\/soriapasoapaso.es\/wp-content\/uploads\/2019\/12\/DSC07959-1536x863.jpg 1536w, https:\/\/soriapasoapaso.es\/wp-content\/uploads\/2019\/12\/DSC07959-2048x1151.jpg 2048w\" sizes=\"auto, (max-width: 880px) 100vw, 880px\" \/><\/p>\n<p>Accedemos al pueblo por un antiguo molino de adobe, cubierto por hiedras del que parten canalizaciones de agua y percibimos que ya han encendido las lumbres en los hogares.<\/p>\n<p><img loading=\"lazy\" decoding=\"async\" class=\"size-large wp-image-5427\" src=\"http:\/\/soriapasoapaso.es\/wp-content\/uploads\/2019\/12\/IMG_20191214_122415-1024x578.jpg\" alt=\"\" width=\"880\" height=\"497\" srcset=\"https:\/\/soriapasoapaso.es\/wp-content\/uploads\/2019\/12\/IMG_20191214_122415-1024x578.jpg 1024w, https:\/\/soriapasoapaso.es\/wp-content\/uploads\/2019\/12\/IMG_20191214_122415-300x169.jpg 300w, https:\/\/soriapasoapaso.es\/wp-content\/uploads\/2019\/12\/IMG_20191214_122415-768x434.jpg 768w, https:\/\/soriapasoapaso.es\/wp-content\/uploads\/2019\/12\/IMG_20191214_122415-1536x867.jpg 1536w, https:\/\/soriapasoapaso.es\/wp-content\/uploads\/2019\/12\/IMG_20191214_122415-2048x1156.jpg 2048w\" sizes=\"auto, (max-width: 880px) 100vw, 880px\" \/><\/p>\n<p>Conocemos a Jes\u00fas \u00a0que nos ense\u00f1a un rinc\u00f3n muy conocido en la zona y de camino a \u00e9l vemos huertas con \u00a0los cardos ya bien tapados con papel \u00a0y preparados para la Navidad, entre otras verduras nos atraen especialmente las coles de Bruselas.<\/p>\n<p><img loading=\"lazy\" decoding=\"async\" class=\"size-large wp-image-5428\" src=\"http:\/\/soriapasoapaso.es\/wp-content\/uploads\/2019\/12\/IMG_20191214_123946-1024x578.jpg\" alt=\"\" width=\"880\" height=\"497\" srcset=\"https:\/\/soriapasoapaso.es\/wp-content\/uploads\/2019\/12\/IMG_20191214_123946-1024x578.jpg 1024w, https:\/\/soriapasoapaso.es\/wp-content\/uploads\/2019\/12\/IMG_20191214_123946-300x169.jpg 300w, https:\/\/soriapasoapaso.es\/wp-content\/uploads\/2019\/12\/IMG_20191214_123946-768x434.jpg 768w, https:\/\/soriapasoapaso.es\/wp-content\/uploads\/2019\/12\/IMG_20191214_123946-1536x867.jpg 1536w, https:\/\/soriapasoapaso.es\/wp-content\/uploads\/2019\/12\/IMG_20191214_123946-2048x1156.jpg 2048w\" sizes=\"auto, (max-width: 880px) 100vw, 880px\" \/><\/p>\n<p>\u201cEl Pozo de los chorros\u201d es un peque\u00f1o salto\u00a0 que da \u00a0el Manubles y que forma un estanque de aguas cristalinas, a su lado los restos de otro molino de adobe\u00a0 envuelto en vegetaci\u00f3n tambi\u00e9n, junto a\u00a0 chopos, fresnos y nogales proporcionan un lugar h\u00famedo y resguardado que en verano tiene que ser una delicia.<\/p>\n<p>Jes\u00fas nos dice adi\u00f3s y llega su hermano Angel que es el alcalde de Bijuesca desde hace muchos a\u00f1os y con \u00e9l vamos a conocer los tesoros que aqu\u00ed se conservan.<\/p>\n<p><img loading=\"lazy\" decoding=\"async\" class=\"aligncenter size-large wp-image-5429\" src=\"http:\/\/soriapasoapaso.es\/wp-content\/uploads\/2019\/12\/IMG_20191214_130422-1024x578.jpg\" alt=\"\" width=\"880\" height=\"497\" srcset=\"https:\/\/soriapasoapaso.es\/wp-content\/uploads\/2019\/12\/IMG_20191214_130422-1024x578.jpg 1024w, https:\/\/soriapasoapaso.es\/wp-content\/uploads\/2019\/12\/IMG_20191214_130422-300x169.jpg 300w, https:\/\/soriapasoapaso.es\/wp-content\/uploads\/2019\/12\/IMG_20191214_130422-768x433.jpg 768w, https:\/\/soriapasoapaso.es\/wp-content\/uploads\/2019\/12\/IMG_20191214_130422-1536x867.jpg 1536w, https:\/\/soriapasoapaso.es\/wp-content\/uploads\/2019\/12\/IMG_20191214_130422.jpg 1600w\" sizes=\"auto, (max-width: 880px) 100vw, 880px\" \/><\/p>\n<p>Comenzamos por la Iglesia de San Miguel Arc\u00e1ngel que est\u00e1 asentada sobre una base rom\u00e1nica que podemos ver a trav\u00e9s de unos cristales en el suelo del templo, el \u00e1bside y alguna ventana se conservan tambi\u00e9n de esta \u00e9poca. La actual se levant\u00f3 en el siglo XVII y en su interior vemos un precioso retablo barroco restaurado, presidido por el Arc\u00e1ngel, donde las ropas y detalles de los santos tienen llamativos colores. Pese a ser una comarca en el que el protagonista art\u00edstico absoluto es el mud\u00e9jar en estos pueblos se han encontrado importantes restos rom\u00e1nicos.<\/p>\n<p><img loading=\"lazy\" decoding=\"async\" class=\"size-large wp-image-5430\" src=\"http:\/\/soriapasoapaso.es\/wp-content\/uploads\/2019\/12\/IMG_20191214_133806-1024x578.jpg\" alt=\"\" width=\"880\" height=\"497\" srcset=\"https:\/\/soriapasoapaso.es\/wp-content\/uploads\/2019\/12\/IMG_20191214_133806-1024x578.jpg 1024w, https:\/\/soriapasoapaso.es\/wp-content\/uploads\/2019\/12\/IMG_20191214_133806-300x169.jpg 300w, https:\/\/soriapasoapaso.es\/wp-content\/uploads\/2019\/12\/IMG_20191214_133806-768x434.jpg 768w, https:\/\/soriapasoapaso.es\/wp-content\/uploads\/2019\/12\/IMG_20191214_133806-1536x867.jpg 1536w, https:\/\/soriapasoapaso.es\/wp-content\/uploads\/2019\/12\/IMG_20191214_133806-2048x1156.jpg 2048w\" sizes=\"auto, (max-width: 880px) 100vw, 880px\" \/><\/p>\n<p>En los laterales hay pinturas antiguas regaladas por indianos.<\/p>\n<p>El siguiente templo que nos muestra el orgulloso alcalde es la ermita dedicada a la Virgen del Castillo que est\u00e1 situada junto a \u00a0la fortaleza. A los pies del templo se distingue una torre cuadrada que perteneci\u00f3 al castillo donde se encuentra el campanario y tras un acceso porticado se nos muestra un lugar sagrado alegre e iluminado, sus techos \u00a0y b\u00f3vedas est\u00e1n adornadas con dibujos geom\u00e9tricos en tonos azules y en sus paredes hay pinturas que cuentan milagros y en sus altares antiguas labores en punto de cruz con la imagen de la Virgen.<\/p>\n<p><img loading=\"lazy\" decoding=\"async\" class=\"aligncenter size-large wp-image-5431\" src=\"http:\/\/soriapasoapaso.es\/wp-content\/uploads\/2019\/12\/DSC07976-1024x576.jpg\" alt=\"\" width=\"880\" height=\"495\" srcset=\"https:\/\/soriapasoapaso.es\/wp-content\/uploads\/2019\/12\/DSC07976-1024x576.jpg 1024w, https:\/\/soriapasoapaso.es\/wp-content\/uploads\/2019\/12\/DSC07976-300x169.jpg 300w, https:\/\/soriapasoapaso.es\/wp-content\/uploads\/2019\/12\/DSC07976-768x432.jpg 768w, https:\/\/soriapasoapaso.es\/wp-content\/uploads\/2019\/12\/DSC07976-1536x863.jpg 1536w, https:\/\/soriapasoapaso.es\/wp-content\/uploads\/2019\/12\/DSC07976-2048x1151.jpg 2048w\" sizes=\"auto, (max-width: 880px) 100vw, 880px\" \/><\/p>\n<p>Desde el exterior de la ermita admiramos los restos del castillo que fue conquistado por Pedro \u00a0I el Cruel de Castilla \u00a0y arrebatado a \u00e9ste por Pedro IV de Arag\u00f3n que lo mand\u00f3 destruir, ambos lucharon y se lo conquistaron mutuamente varias veces.\u00a0 El castillo estaba rodeado por tres recintos amurallados, la ermita que visitamos se encuentra en el tercero y aqu\u00ed el alcalde nos muestra el detalle de grandes piedras que aparecieron en la excavaci\u00f3n y que son las que lanzaban con las catapultas, a su vez \u00a0Almudena descubre la particularidad de la fuente que est\u00e1 junto a la escalinata de esta ermita, que lanza su \u00a0gran chorro de agua \u00a0en l\u00ednea recta. Castillo e iglesia constitu\u00edan la defensa\u00a0 de una plaza estrat\u00e9gicamente muy importante en zona fronteriza.<\/p>\n<p><img loading=\"lazy\" decoding=\"async\" class=\"size-large wp-image-5432\" src=\"http:\/\/soriapasoapaso.es\/wp-content\/uploads\/2019\/12\/IMG_20191214_134257-1024x578.jpg\" alt=\"\" width=\"880\" height=\"497\" srcset=\"https:\/\/soriapasoapaso.es\/wp-content\/uploads\/2019\/12\/IMG_20191214_134257-1024x578.jpg 1024w, https:\/\/soriapasoapaso.es\/wp-content\/uploads\/2019\/12\/IMG_20191214_134257-300x169.jpg 300w, https:\/\/soriapasoapaso.es\/wp-content\/uploads\/2019\/12\/IMG_20191214_134257-768x434.jpg 768w, https:\/\/soriapasoapaso.es\/wp-content\/uploads\/2019\/12\/IMG_20191214_134257-1536x867.jpg 1536w, https:\/\/soriapasoapaso.es\/wp-content\/uploads\/2019\/12\/IMG_20191214_134257-2048x1156.jpg 2048w\" sizes=\"auto, (max-width: 880px) 100vw, 880px\" \/><\/p>\n<p>Bajamos paseando por estrechas e irregulares calles todas ellas pavimentadas de la misma forma, callejeamos entre casas que \u00a0tienen formas y tama\u00f1os muy diferentes parecen de adobe y la uniformidad del conjunto del pueblo la proporciona el color blanco en sus encaladas fachadas que contrasta con el azul fuerte en puertas y ventanas y alguna, las menos, en rojo. El caos arquitect\u00f3nico da lugar a resguardados rincones, peque\u00f1os jardines y callejuelas. La idea es mantener el interior del pueblo intacto y que las casas modernas se construyan \u00a0alrededor, nos comenta su alcalde.<\/p>\n<p>La sorpresa final la encontramos en\u201d La \u00a0antigua escuela\u201d donde hoy est\u00e1 un bar regentado por un matrimonio muy amable. Nos tomamos nuestra cerveza en este lugar que pone un punto chic a este pueblo lleno de tradiciones y que nos ofrece desde un museo etnogr\u00e1fico hasta utensilios reciclados como una vieja estufa de gas convertida en papelera\u00a0 pasando por \u00a0una \u00a0moderna gastronom\u00eda con un aspecto muy apetecible.<\/p>\n<p><img loading=\"lazy\" decoding=\"async\" class=\"aligncenter size-large wp-image-5433\" src=\"http:\/\/soriapasoapaso.es\/wp-content\/uploads\/2019\/12\/IMG-20191214-WA0008-1024x768.jpg\" alt=\"\" width=\"880\" height=\"660\" srcset=\"https:\/\/soriapasoapaso.es\/wp-content\/uploads\/2019\/12\/IMG-20191214-WA0008-1024x768.jpg 1024w, https:\/\/soriapasoapaso.es\/wp-content\/uploads\/2019\/12\/IMG-20191214-WA0008-300x225.jpg 300w, https:\/\/soriapasoapaso.es\/wp-content\/uploads\/2019\/12\/IMG-20191214-WA0008-768x576.jpg 768w, https:\/\/soriapasoapaso.es\/wp-content\/uploads\/2019\/12\/IMG-20191214-WA0008-1536x1152.jpg 1536w, https:\/\/soriapasoapaso.es\/wp-content\/uploads\/2019\/12\/IMG-20191214-WA0008.jpg 2048w\" sizes=\"auto, (max-width: 880px) 100vw, 880px\" \/><\/p>\n<p>Bijuesca tiene \u00a099 vecinos censados pero viven de forma fija una veintena que son suficientes para conservar un \u00a0pueblo impecable y muy atractivo que en el 2021 va a celebrar \u00a0la Romer\u00eda de \u201cLa Saca de la Virgen del Castillo\u201d que se conmemora\u00a0 cada 25 a\u00f1os y en la que participan todos los pueblos de los alrededores tanto de Soria como de Arag\u00f3n que pertenecen a la concordia. Ese d\u00eda adem\u00e1s de sacar \u00a0a la Virgen desde su ermita a la iglesia, el alcalde de Bijuesca, a primera hora de la ma\u00f1ana, entrega el mando del pueblo a Reznos. Bijuesca fue generoso ofreciendo agua a todos sus vecinos en \u00e9pocas de sequ\u00eda y con esta fiesta \u00a0le agradecen su altruismo.<\/p>\n<p>El Manubles hilo conductor y protagonista de esta zona y de nuestra ruta de hoy \u00a0entregar\u00e1 sus aguas al Jal\u00f3n en Ateca y nosotros tomamos\u00a0 el camino contrario para volver a casa.<\/p>\n<p>Ruta corta en Kil\u00f3metros pero extensa\u00a0en atractivo porque si al caminar a\u00f1adimos conocer el lugar y escuchar interesantes tradiciones, el resultado es una ma\u00f1ana pasopasera .<\/p>\n<p>&nbsp;<\/p>\n<p>EMI<\/p>\n<p>&nbsp;<\/p>\n<p>&nbsp;<\/p>\n","protected":false},"excerpt":{"rendered":"<p>&nbsp; &nbsp; &nbsp; El d\u00eda se va levantando seg\u00fan avanzamos por la N -234 y los rayos del sol se van colando entre densos nubarrones por lo que el cielo que tenemos frente a nosotros\u00a0 est\u00e1 dibujado a bandas grises y anaranjadas, as\u00ed lo muestra la primera foto del video <\/p>\n<p><a class=\"read-more\" href=\"https:\/\/soriapasoapaso.es\/?p=5416\">Read More<\/a><\/p>\n","protected":false},"author":1,"featured_media":5434,"comment_status":"open","ping_status":"open","sticky":false,"template":"","format":"standard","meta":{"footnotes":""},"categories":[21],"tags":[],"class_list":["post-5416","post","type-post","status-publish","format-standard","has-post-thumbnail","hentry","category-rutas"],"_links":{"self":[{"href":"https:\/\/soriapasoapaso.es\/index.php?rest_route=\/wp\/v2\/posts\/5416","targetHints":{"allow":["GET"]}}],"collection":[{"href":"https:\/\/soriapasoapaso.es\/index.php?rest_route=\/wp\/v2\/posts"}],"about":[{"href":"https:\/\/soriapasoapaso.es\/index.php?rest_route=\/wp\/v2\/types\/post"}],"author":[{"embeddable":true,"href":"https:\/\/soriapasoapaso.es\/index.php?rest_route=\/wp\/v2\/users\/1"}],"replies":[{"embeddable":true,"href":"https:\/\/soriapasoapaso.es\/index.php?rest_route=%2Fwp%2Fv2%2Fcomments&post=5416"}],"version-history":[{"count":1,"href":"https:\/\/soriapasoapaso.es\/index.php?rest_route=\/wp\/v2\/posts\/5416\/revisions"}],"predecessor-version":[{"id":5435,"href":"https:\/\/soriapasoapaso.es\/index.php?rest_route=\/wp\/v2\/posts\/5416\/revisions\/5435"}],"wp:featuredmedia":[{"embeddable":true,"href":"https:\/\/soriapasoapaso.es\/index.php?rest_route=\/wp\/v2\/media\/5434"}],"wp:attachment":[{"href":"https:\/\/soriapasoapaso.es\/index.php?rest_route=%2Fwp%2Fv2%2Fmedia&parent=5416"}],"wp:term":[{"taxonomy":"category","embeddable":true,"href":"https:\/\/soriapasoapaso.es\/index.php?rest_route=%2Fwp%2Fv2%2Fcategories&post=5416"},{"taxonomy":"post_tag","embeddable":true,"href":"https:\/\/soriapasoapaso.es\/index.php?rest_route=%2Fwp%2Fv2%2Ftags&post=5416"}],"curies":[{"name":"wp","href":"https:\/\/api.w.org\/{rel}","templated":true}]}}