{"id":5376,"date":"2019-12-09T12:35:51","date_gmt":"2019-12-09T11:35:51","guid":{"rendered":"http:\/\/soriapasoapaso.es\/?p=5376"},"modified":"2019-12-09T12:49:39","modified_gmt":"2019-12-09T11:49:39","slug":"por-los-quejigales-de-villar-del-campo-al-alto-de-la-modorra-7de-diciembre-de-2019","status":"publish","type":"post","link":"https:\/\/soriapasoapaso.es\/?p=5376","title":{"rendered":"Por los Quejigales de Villar del Campo, al alto de la Modorra (7de diciembre de 2019)."},"content":{"rendered":"<p>Hoy, nuestro compa\u00f1ero Jos\u00e9 Vera nos espera en su pueblo para ense\u00f1arnos los secretos de una parte de la sierra del Madero.<\/p>\n<p>Puntuales a nuestra cita ya a las 8.30 de la ma\u00f1ana nos encontramos con \u00e9l en la entrada de su pueblo, Villar del Campo, para dirigirnos al punto de salida de la ruta.<\/p>\n<p>Iniciamos la ruta y muy cerca admiramos las ruinas de la ermita rom\u00e1nica de San Justo, a la que en 2015 le han robaron parte de su cornisa.<\/p>\n<p><img loading=\"lazy\" decoding=\"async\" class=\"size-large wp-image-5378\" src=\"http:\/\/soriapasoapaso.es\/wp-content\/uploads\/2019\/12\/IMG_20191207_090030-1024x578.jpg\" alt=\"\" width=\"880\" height=\"497\" srcset=\"https:\/\/soriapasoapaso.es\/wp-content\/uploads\/2019\/12\/IMG_20191207_090030-1024x578.jpg 1024w, https:\/\/soriapasoapaso.es\/wp-content\/uploads\/2019\/12\/IMG_20191207_090030-300x169.jpg 300w, https:\/\/soriapasoapaso.es\/wp-content\/uploads\/2019\/12\/IMG_20191207_090030-768x434.jpg 768w, https:\/\/soriapasoapaso.es\/wp-content\/uploads\/2019\/12\/IMG_20191207_090030-1536x867.jpg 1536w, https:\/\/soriapasoapaso.es\/wp-content\/uploads\/2019\/12\/IMG_20191207_090030-2048x1156.jpg 2048w\" sizes=\"auto, (max-width: 880px) 100vw, 880px\" \/><\/p>\n<p>Cerca, el despoblado de Castellanos del Campo, en el que destaca un restaurado torre\u00f3n de defensa musulmana del siglo X de planta rectangular de unos 8 x 6 metros y unos 15 metros de altura, que tuvo cuatro plantas y terraza, con solo dos ventanas altas, la m\u00e1s baja a unos 3 metros para dificultar el asalto, y muros de mamposter\u00eda gruesa, similar a las de la zona, qu\u00e9 se comunica visualmente con las de Masegoso, la Pica y Aldealpozo (esta \u00faltima ubicada en la torre de su iglesia) que visitamos el 3 de marzo de 2018 (cr\u00f3nica de Agnelo ,<u><a href=\"http:\/\/soriapasoapaso.es\/?p=2227\">http:\/\/soriapasoapaso.es\/?p=2227<\/a><\/u>),<\/p>\n<p><img loading=\"lazy\" decoding=\"async\" class=\"aligncenter size-large wp-image-5379\" src=\"http:\/\/soriapasoapaso.es\/wp-content\/uploads\/2019\/12\/IMG_20191207_090831-1024x768.jpg\" alt=\"\" width=\"880\" height=\"660\" srcset=\"https:\/\/soriapasoapaso.es\/wp-content\/uploads\/2019\/12\/IMG_20191207_090831-1024x768.jpg 1024w, https:\/\/soriapasoapaso.es\/wp-content\/uploads\/2019\/12\/IMG_20191207_090831-300x225.jpg 300w, https:\/\/soriapasoapaso.es\/wp-content\/uploads\/2019\/12\/IMG_20191207_090831-768x576.jpg 768w, https:\/\/soriapasoapaso.es\/wp-content\/uploads\/2019\/12\/IMG_20191207_090831-1536x1152.jpg 1536w, https:\/\/soriapasoapaso.es\/wp-content\/uploads\/2019\/12\/IMG_20191207_090831-2048x1536.jpg 2048w\" sizes=\"auto, (max-width: 880px) 100vw, 880px\" \/><\/p>\n<p>Esto nos recuerdan que nos encontramos en tierra de frontera con Navarra y Arag\u00f3n con los que en aquellas \u00e9pocas se peleaba mucho los Castellanos y donde la vida de nuestros antepasados no debi\u00f3 ser lo que se dice c\u00f3moda.<\/p>\n<p>Continuamos viendo las ruinas de murallas, un pozo que los lugare\u00f1os achacan a una v\u00eda de escape del torre\u00f3n, y algunas ruinas de viviendas y corrales, dan f\u00e9 de que en otro tiempo cercano all\u00ed hab\u00eda vida. Poco a poco la naturaleza con sus zarzas y otras vegetaciones va recuperando su espacio.<\/p>\n<p>Siguiendo el sendero y como a un kil\u00f3metro de Castellanos, nuestro anfitri\u00f3n nos muestra la fuente romana, con su arco de piedra de medio punto, Men\u00e9ndez-Pidal, I (*) y Sanz, E (*) (2012) en su trabajo <em>FUENTES Y LAS VIAS ROMANAS EN LA PROVINCIA DE SORIA: APORTACION AL CONOCIMIENTO DE ELEMENTOS MENORES DE CAMINERIA. EL CASO DE LA VIA AUGUSTOBRIGA-NUMANCIA<\/em><\/p>\n<p>(consulta en l\u00ednea el 0\/12\/2019 <a href=\"http:\/\/oa.upm.es\/19512\/1\/INVE_MEM_2012_138848.pdf\">http:\/\/oa.upm.es\/19512\/1\/INVE_MEM_2012_138848.pdf<\/a> )<\/p>\n<p><em>La fuente romana por antonomasia suele estar construida con estructuras s\u00f3lidas en capilleta, con arco de acceso al pozo o manantial de medio punto, rematado o no por front\u00f3n. Estas fuentes constituyen captaciones en zonas de surgencia y de rezume mediante estructuras semienterradas, con pozos hundidos en el fre\u00e1tico. Estos pozos hac\u00edan al mismo tiempo de captaci\u00f3n y de dep\u00f3sito de regulaci\u00f3n en una sola c\u00e1mara, dadas sus dimensiones relativamente grandes. La geometr\u00eda m\u00e1s elemental de esta c\u00e1mara consist\u00eda en un rect\u00e1ngulo de muros de f\u00e1brica.<\/em><\/p>\n<p>Esta fuente cumple perfectamente estas caracter\u00edsticas, y es similar a las de la zona.<\/p>\n<p><img loading=\"lazy\" decoding=\"async\" class=\"aligncenter size-large wp-image-5380\" src=\"http:\/\/soriapasoapaso.es\/wp-content\/uploads\/2019\/12\/IMG_20191207_092442-1024x768.jpg\" alt=\"\" width=\"880\" height=\"660\" srcset=\"https:\/\/soriapasoapaso.es\/wp-content\/uploads\/2019\/12\/IMG_20191207_092442-1024x768.jpg 1024w, https:\/\/soriapasoapaso.es\/wp-content\/uploads\/2019\/12\/IMG_20191207_092442-300x225.jpg 300w, https:\/\/soriapasoapaso.es\/wp-content\/uploads\/2019\/12\/IMG_20191207_092442-768x576.jpg 768w, https:\/\/soriapasoapaso.es\/wp-content\/uploads\/2019\/12\/IMG_20191207_092442-1536x1152.jpg 1536w, https:\/\/soriapasoapaso.es\/wp-content\/uploads\/2019\/12\/IMG_20191207_092442-2048x1536.jpg 2048w\" sizes=\"auto, (max-width: 880px) 100vw, 880px\" \/><\/p>\n<p>Ya vamos entrando en el monte de carrascas y robledales. Aqu\u00ed Alberto nos explica que el tipo de roble que hay en este monte es \u201cquejigo\u201d (Quercus faginea) cuya hoja es mucho m\u00e1s peque\u00f1a que la del roble normal, que se parece mucho a la de la encina, y que se cae toda del \u00e1rbol, frente al la de su hermano el \u201cRebollo\u201d (Quercus pyrenaica) que es dentada y no acaba de desprenderse del \u00e1rbol.<\/p>\n<p><img loading=\"lazy\" decoding=\"async\" class=\"aligncenter size-full wp-image-5377\" src=\"http:\/\/soriapasoapaso.es\/wp-content\/uploads\/2019\/12\/villar.jpg\" alt=\"\" width=\"893\" height=\"360\" srcset=\"https:\/\/soriapasoapaso.es\/wp-content\/uploads\/2019\/12\/villar.jpg 893w, https:\/\/soriapasoapaso.es\/wp-content\/uploads\/2019\/12\/villar-300x121.jpg 300w, https:\/\/soriapasoapaso.es\/wp-content\/uploads\/2019\/12\/villar-768x310.jpg 768w\" sizes=\"auto, (max-width: 893px) 100vw, 893px\" \/><\/p>\n<p>Pronto empezamos a ver quejigos muy grandes, con formas caprichosas y quistes y nos desviamos del camino para ver el roble que se encuentra recogido en el libro de los arboles notables de la provincia de Soria, y que llamamos el \u201cabuelo quejigo\u201d magn\u00edfico ejemplar que precisa de cinco de nosotros para poder abrazarlo, del que se especulamos con su edad que perfectamente pasa de los mil a\u00f1os, y en cuyo crecimiento ha guardado la climatolog\u00eda y vida de lo que le ha rodeado, Alberto nos dice que es como un disco duro de un ordenador y que con los actuales medios cient\u00edficos puede estudiase con mucha precisi\u00f3n el pasado.<\/p>\n<p>No deja de sorprendernos nuestro entorno,<\/p>\n<p><img loading=\"lazy\" decoding=\"async\" class=\"size-large wp-image-5381\" src=\"http:\/\/soriapasoapaso.es\/wp-content\/uploads\/2019\/12\/IMG_20191207_101012-1024x578.jpg\" alt=\"\" width=\"880\" height=\"497\" srcset=\"https:\/\/soriapasoapaso.es\/wp-content\/uploads\/2019\/12\/IMG_20191207_101012-1024x578.jpg 1024w, https:\/\/soriapasoapaso.es\/wp-content\/uploads\/2019\/12\/IMG_20191207_101012-300x169.jpg 300w, https:\/\/soriapasoapaso.es\/wp-content\/uploads\/2019\/12\/IMG_20191207_101012-768x434.jpg 768w, https:\/\/soriapasoapaso.es\/wp-content\/uploads\/2019\/12\/IMG_20191207_101012-1536x867.jpg 1536w, https:\/\/soriapasoapaso.es\/wp-content\/uploads\/2019\/12\/IMG_20191207_101012-2048x1156.jpg 2048w\" sizes=\"auto, (max-width: 880px) 100vw, 880px\" \/><\/p>\n<p>Nuestro gu\u00eda preocupado por el tiempo que destinamos a saborear estos espacios para nosotros nuevos e inesperados cree que el tiempo que destinemos a la ruta pueda ser excesivo para llegar a casa a una hora prudente para la comida y siesta (que a el le costo 3 horas). Lo tranquilizamos ya que esta vez nadie tenemos una prisa especial.<\/p>\n<p>La niebla que ocupa el valle poco a poco va desapareciendo seg\u00fan subimos por la monta\u00f1a, la ropa empieza a sobrar, ahora nos dirigimos a la mina de plata, o de plata y de hierro, seg\u00fan los autores que lo recogen, all\u00ed vemos un aljibe, una canalizaci\u00f3n y un agujero en el suelo lleno de maleza por sonde se deb\u00eda entrar en la mina, esta explotaci\u00f3n no dice Jos\u00e9 que formaba parte de las distintas explotaciones de minerales de la zona del Moncayo, y que pudo pertenecer a la misma empresa que explotaba la mina Petra de Olvega, que ya vistamos el 11 de febrero de 2017 y que Angel nos cuenta (<u><a href=\"http:\/\/soriapasoapaso.es\/?p=38\">http:\/\/soriapasoapaso.es\/?p=38<\/a><\/u> ) de estos temas mineros encontramos un art\u00edculo muy interesante en una publicaci\u00f3n de la revista de Soria de <em>Octavio Puche Escuela de Minas y Energ\u00eda-Universidad Polit\u00e9cnica de Madrid\u00a0\u00a0 <\/em>titulado <em>ALGUNOS DATOS PARA LA HISTORIA DE LA MINER\u00cdA EN LA PROVINCIA DE SORIA <\/em>(consulta en l\u00ednea el 9\/12\/2019 <a href=\"http:\/\/oa.upm.es\/39009\/2\/Revista_de_Soria%20.pdf\">http:\/\/oa.upm.es\/39009\/2\/Revista_de_Soria%20.pdf<\/a> ) y que nos ayuda a entender los parajes que visitamos en nuestro caminar semanal.<\/p>\n<p><img loading=\"lazy\" decoding=\"async\" class=\"size-large wp-image-5382\" src=\"http:\/\/soriapasoapaso.es\/wp-content\/uploads\/2019\/12\/IMG_20191207_105601-1024x578.jpg\" alt=\"\" width=\"880\" height=\"497\" srcset=\"https:\/\/soriapasoapaso.es\/wp-content\/uploads\/2019\/12\/IMG_20191207_105601-1024x578.jpg 1024w, https:\/\/soriapasoapaso.es\/wp-content\/uploads\/2019\/12\/IMG_20191207_105601-300x169.jpg 300w, https:\/\/soriapasoapaso.es\/wp-content\/uploads\/2019\/12\/IMG_20191207_105601-768x434.jpg 768w, https:\/\/soriapasoapaso.es\/wp-content\/uploads\/2019\/12\/IMG_20191207_105601-1536x867.jpg 1536w, https:\/\/soriapasoapaso.es\/wp-content\/uploads\/2019\/12\/IMG_20191207_105601-2048x1156.jpg 2048w\" sizes=\"auto, (max-width: 880px) 100vw, 880px\" \/><\/p>\n<p>Continuamos la subida hacia el alto de la Modorra, (sobre 1450 m), ya con un sol radiante y con el mar de niebla cubriendo el valle del Rituerto, cuando coronamos con tan solo 6 kil\u00f3metros hemos consumido m\u00e1s de dos horas, y ya es la hora del desayuno, que aprovechado el asiento y protecci\u00f3n de un aerogenerador realizamos.<\/p>\n<p><img loading=\"lazy\" decoding=\"async\" class=\"size-large wp-image-5383\" src=\"http:\/\/soriapasoapaso.es\/wp-content\/uploads\/2019\/12\/IMG_20191207_110505-1024x578.jpg\" alt=\"\" width=\"880\" height=\"497\" srcset=\"https:\/\/soriapasoapaso.es\/wp-content\/uploads\/2019\/12\/IMG_20191207_110505-1024x578.jpg 1024w, https:\/\/soriapasoapaso.es\/wp-content\/uploads\/2019\/12\/IMG_20191207_110505-300x169.jpg 300w, https:\/\/soriapasoapaso.es\/wp-content\/uploads\/2019\/12\/IMG_20191207_110505-768x434.jpg 768w, https:\/\/soriapasoapaso.es\/wp-content\/uploads\/2019\/12\/IMG_20191207_110505-1536x867.jpg 1536w, https:\/\/soriapasoapaso.es\/wp-content\/uploads\/2019\/12\/IMG_20191207_110505-2048x1156.jpg 2048w\" sizes=\"auto, (max-width: 880px) 100vw, 880px\" \/><\/p>\n<p>En este punto divisamos ya el valle del Alhama, que no tiene niebla ,dando vistas a Tr\u00e9vago, Fuentestr\u00fan, Valdelagua del Cerro \u2026. Y tomamos la pista que ha construido para las obras de los \u201cmolinos\u201d con unas magn\u00edficas vistas, donde el d\u00eda de un cielo limpio, nos permite disfrutar del horizonte: el Moncayo, Pe\u00f1alcazar, Maga\u00f1a, \u2026\u2026.y hasta los Pirineos que dibujan sus cumbres nevadas perfectamente, nos sentimos felices de disfrutar de esta ma\u00f1ana que diciembre nos ha regalado, de la compa\u00f1\u00eda, de los parajes y entornos que Jos\u00e9 nos tiene preparados.<\/p>\n<p><img loading=\"lazy\" decoding=\"async\" class=\"size-large wp-image-5384\" src=\"http:\/\/soriapasoapaso.es\/wp-content\/uploads\/2019\/12\/IMG_20191207_115505-1024x578.jpg\" alt=\"\" width=\"880\" height=\"497\" srcset=\"https:\/\/soriapasoapaso.es\/wp-content\/uploads\/2019\/12\/IMG_20191207_115505-1024x578.jpg 1024w, https:\/\/soriapasoapaso.es\/wp-content\/uploads\/2019\/12\/IMG_20191207_115505-300x169.jpg 300w, https:\/\/soriapasoapaso.es\/wp-content\/uploads\/2019\/12\/IMG_20191207_115505-768x434.jpg 768w, https:\/\/soriapasoapaso.es\/wp-content\/uploads\/2019\/12\/IMG_20191207_115505-1536x867.jpg 1536w, https:\/\/soriapasoapaso.es\/wp-content\/uploads\/2019\/12\/IMG_20191207_115505-2048x1156.jpg 2048w\" sizes=\"auto, (max-width: 880px) 100vw, 880px\" \/><\/p>\n<p>Aqu\u00ed la marcha ya es ligera y adem\u00e1s pronto empezamos la bajada, el piso es bueno y las vistas no precisan parar para ser disfrutadas.<\/p>\n<p>Pasamos por la fuente del Collado, que se encuentra en buen estado y que la ganader\u00eda y caza de la zona utilizan para su supervivencia, ya m\u00e1s abajo Jos\u00e9 nos oferta su coche que ha dejado tres kil\u00f3metros antes del final de la rutas por si se nos hace larga, oferta que todos rechazamos por lo que terminamos todos la ruta prevista, incluso \u00e9l.<\/p>\n<p>Nos desviamos de la pista de los molinos, para ir por otro camino agr\u00edcola donde encontramos setas de cardo que han sobrevivido las heladas, y otros quejigos muy antiguos y caprichosos que merecen nuestra atenci\u00f3n.<\/p>\n<p><img loading=\"lazy\" decoding=\"async\" class=\"size-large wp-image-5385\" src=\"http:\/\/soriapasoapaso.es\/wp-content\/uploads\/2019\/12\/IMG_20191207_135437-1024x578.jpg\" alt=\"\" width=\"880\" height=\"497\" srcset=\"https:\/\/soriapasoapaso.es\/wp-content\/uploads\/2019\/12\/IMG_20191207_135437-1024x578.jpg 1024w, https:\/\/soriapasoapaso.es\/wp-content\/uploads\/2019\/12\/IMG_20191207_135437-300x169.jpg 300w, https:\/\/soriapasoapaso.es\/wp-content\/uploads\/2019\/12\/IMG_20191207_135437-768x434.jpg 768w, https:\/\/soriapasoapaso.es\/wp-content\/uploads\/2019\/12\/IMG_20191207_135437-1536x867.jpg 1536w, https:\/\/soriapasoapaso.es\/wp-content\/uploads\/2019\/12\/IMG_20191207_135437-2048x1156.jpg 2048w\" sizes=\"auto, (max-width: 880px) 100vw, 880px\" \/><\/p>\n<p>Volvemos a Castillejos y a los coches a las 14.30, \u00a0Jos\u00e9 nos insiste en que en el teleclub del pueblo nos invita a una cerveza donde disfrutamos de la compa\u00f1\u00eda y el refrigerio.<\/p>\n<p>Destacar las continuas alusiones a los dichos, alegr\u00eda y chascarrillos, de nuestro querido y recientemente fallecido Juli\u00e1n, que habita en nuestros corazones, acompa\u00f1ando as\u00ed nuestros paseos, rutas, \u2026 y disfrutando con nosotros estos parajes que tanto ha querido.<\/p>\n<p>Jos\u00e9 Antonio Mart\u00ednez<\/p>\n<p>Diciembre 2019<\/p>\n","protected":false},"excerpt":{"rendered":"<p>Hoy, nuestro compa\u00f1ero Jos\u00e9 Vera nos espera en su pueblo para ense\u00f1arnos los secretos de una parte de la sierra del Madero. Puntuales a nuestra cita ya a las 8.30 de la ma\u00f1ana nos encontramos con \u00e9l en la entrada de su pueblo, Villar del Campo, para dirigirnos al punto <\/p>\n<p><a class=\"read-more\" href=\"https:\/\/soriapasoapaso.es\/?p=5376\">Read More<\/a><\/p>\n","protected":false},"author":1,"featured_media":5386,"comment_status":"open","ping_status":"open","sticky":false,"template":"","format":"standard","meta":{"footnotes":""},"categories":[21],"tags":[],"class_list":["post-5376","post","type-post","status-publish","format-standard","has-post-thumbnail","hentry","category-rutas"],"_links":{"self":[{"href":"https:\/\/soriapasoapaso.es\/index.php?rest_route=\/wp\/v2\/posts\/5376","targetHints":{"allow":["GET"]}}],"collection":[{"href":"https:\/\/soriapasoapaso.es\/index.php?rest_route=\/wp\/v2\/posts"}],"about":[{"href":"https:\/\/soriapasoapaso.es\/index.php?rest_route=\/wp\/v2\/types\/post"}],"author":[{"embeddable":true,"href":"https:\/\/soriapasoapaso.es\/index.php?rest_route=\/wp\/v2\/users\/1"}],"replies":[{"embeddable":true,"href":"https:\/\/soriapasoapaso.es\/index.php?rest_route=%2Fwp%2Fv2%2Fcomments&post=5376"}],"version-history":[{"count":5,"href":"https:\/\/soriapasoapaso.es\/index.php?rest_route=\/wp\/v2\/posts\/5376\/revisions"}],"predecessor-version":[{"id":5395,"href":"https:\/\/soriapasoapaso.es\/index.php?rest_route=\/wp\/v2\/posts\/5376\/revisions\/5395"}],"wp:featuredmedia":[{"embeddable":true,"href":"https:\/\/soriapasoapaso.es\/index.php?rest_route=\/wp\/v2\/media\/5386"}],"wp:attachment":[{"href":"https:\/\/soriapasoapaso.es\/index.php?rest_route=%2Fwp%2Fv2%2Fmedia&parent=5376"}],"wp:term":[{"taxonomy":"category","embeddable":true,"href":"https:\/\/soriapasoapaso.es\/index.php?rest_route=%2Fwp%2Fv2%2Fcategories&post=5376"},{"taxonomy":"post_tag","embeddable":true,"href":"https:\/\/soriapasoapaso.es\/index.php?rest_route=%2Fwp%2Fv2%2Ftags&post=5376"}],"curies":[{"name":"wp","href":"https:\/\/api.w.org\/{rel}","templated":true}]}}