{"id":5360,"date":"2019-12-03T10:55:51","date_gmt":"2019-12-03T09:55:51","guid":{"rendered":"http:\/\/soriapasoapaso.es\/?p=5360"},"modified":"2019-12-03T10:55:51","modified_gmt":"2019-12-03T09:55:51","slug":"san-andres-de-soria-30-noviembre-2019","status":"publish","type":"post","link":"https:\/\/soriapasoapaso.es\/?p=5360","title":{"rendered":"SAN ANDR\u00c9S DE SORIA   30  Noviembre 2019"},"content":{"rendered":"<p>&nbsp;<\/p>\n<p>Como todos los s\u00e1bados por la ma\u00f1ana los de Soria Paso a Paso madrugamos y salimos ilusionados a disfrutar de nuestra ruta semanal. Esta ma\u00f1ana el\u00a0 cielo se encuentra \u00a0gris y llovizna de forma suave y continua, pero no\u00a0 nos desanimamos, ni desistimos de nuestro empe\u00f1o de pasear, somos optimistas y \u00a0esperamos que amaine y\u00a0 como la temperatura es muy buena nos ponemos en camino hacia San Andr\u00e9s de Soria,<\/p>\n<p><img loading=\"lazy\" decoding=\"async\" class=\"aligncenter size-large wp-image-5361\" src=\"http:\/\/soriapasoapaso.es\/wp-content\/uploads\/2019\/12\/DSC07845-1024x576.jpg\" alt=\"\" width=\"880\" height=\"495\" srcset=\"https:\/\/soriapasoapaso.es\/wp-content\/uploads\/2019\/12\/DSC07845-1024x576.jpg 1024w, https:\/\/soriapasoapaso.es\/wp-content\/uploads\/2019\/12\/DSC07845-300x169.jpg 300w, https:\/\/soriapasoapaso.es\/wp-content\/uploads\/2019\/12\/DSC07845-768x432.jpg 768w, https:\/\/soriapasoapaso.es\/wp-content\/uploads\/2019\/12\/DSC07845-1536x863.jpg 1536w, https:\/\/soriapasoapaso.es\/wp-content\/uploads\/2019\/12\/DSC07845-2048x1151.jpg 2048w\" sizes=\"auto, (max-width: 880px) 100vw, 880px\" \/><\/p>\n<p>Llegamos a este pueblo serrano y ganadero fundamentalmente que pertenece a Almarza y que \u00a0se encuentra en las estribaciones de la Sierra de Tabanera cuya silueta \u00a0hoy no podeos distinguir porque las nubes est\u00e1n muy bajas y envuelven todo el paisaje.<\/p>\n<p>La lluvia arrecia a nuestra llegada al pueblo y tenemos que sacar todo el equipamiento protector.<\/p>\n<p>Dos perrillos del pueblo se acercan al grupo y uno de ellos har\u00e1 la ruta entera con nosotros.<\/p>\n<p><img loading=\"lazy\" decoding=\"async\" class=\"aligncenter size-large wp-image-5362\" src=\"http:\/\/soriapasoapaso.es\/wp-content\/uploads\/2019\/12\/IMG_20191130_092332-1024x578.jpg\" alt=\"\" width=\"880\" height=\"497\" srcset=\"https:\/\/soriapasoapaso.es\/wp-content\/uploads\/2019\/12\/IMG_20191130_092332-1024x578.jpg 1024w, https:\/\/soriapasoapaso.es\/wp-content\/uploads\/2019\/12\/IMG_20191130_092332-300x169.jpg 300w, https:\/\/soriapasoapaso.es\/wp-content\/uploads\/2019\/12\/IMG_20191130_092332-768x433.jpg 768w, https:\/\/soriapasoapaso.es\/wp-content\/uploads\/2019\/12\/IMG_20191130_092332-1536x867.jpg 1536w, https:\/\/soriapasoapaso.es\/wp-content\/uploads\/2019\/12\/IMG_20191130_092332.jpg 1600w\" sizes=\"auto, (max-width: 880px) 100vw, 880px\" \/><\/p>\n<p>Comenzamos a caminar por la gran dehesa boyal (comunal) donde el vecindario de los pueblos puede soltar su ganado a pastar y que en tiempos fue objeto de conflicto entre los pueblos de S. Andr\u00e9s y Almarza. La disputa se zanj\u00f3 con un acuerdo\u00a0 seg\u00fan el cual cada a\u00f1o una de las localidades custodia el ARCA con los documentos y ordenanzas sobre los pastos\u00a0 y la llave de la misma y ambos lugares comparten los pastos. Se la traspasan el d\u00eda de Reyes, haciendo una gran fiesta.<\/p>\n<p>Vemos un par de instalaciones ganaderas y una ermita en el centro de la campi\u00f1a, a\u00fan se encuentran setas entre la h\u00fameda hierba. Mas adelante ya encontramos cercados con el ganado dentro, vacas, toros, burros y caballos, adem\u00e1s de ganado lanar en abundancia. Tras pasar por un paso canadiense cogemos una senda embarrada y a ambos flancos van apareciendo los \u00e1rboles que hoy van a acompa\u00f1ar nuestra marcha: Los robles.<\/p>\n<p><img loading=\"lazy\" decoding=\"async\" class=\"aligncenter size-large wp-image-5363\" src=\"http:\/\/soriapasoapaso.es\/wp-content\/uploads\/2019\/12\/IMG_20191130_094324-1024x578.jpg\" alt=\"\" width=\"880\" height=\"497\" srcset=\"https:\/\/soriapasoapaso.es\/wp-content\/uploads\/2019\/12\/IMG_20191130_094324-1024x578.jpg 1024w, https:\/\/soriapasoapaso.es\/wp-content\/uploads\/2019\/12\/IMG_20191130_094324-300x169.jpg 300w, https:\/\/soriapasoapaso.es\/wp-content\/uploads\/2019\/12\/IMG_20191130_094324-768x433.jpg 768w, https:\/\/soriapasoapaso.es\/wp-content\/uploads\/2019\/12\/IMG_20191130_094324-1536x867.jpg 1536w, https:\/\/soriapasoapaso.es\/wp-content\/uploads\/2019\/12\/IMG_20191130_094324.jpg 1600w\" sizes=\"auto, (max-width: 880px) 100vw, 880px\" \/><\/p>\n<p>Junto a los robles est\u00e1n plantadas viejas cruces de madera con l\u00edquenes\u00a0 que de vez en cuando se agrupan en tres juntas, parece que seguimos un v\u00eda crucis que nos lleva a un lugar santo.<\/p>\n<p><img loading=\"lazy\" decoding=\"async\" class=\"aligncenter size-large wp-image-5370\" src=\"http:\/\/soriapasoapaso.es\/wp-content\/uploads\/2019\/12\/IMG_20191130_095414-1024x578.jpg\" alt=\"\" width=\"880\" height=\"497\" srcset=\"https:\/\/soriapasoapaso.es\/wp-content\/uploads\/2019\/12\/IMG_20191130_095414-1024x578.jpg 1024w, https:\/\/soriapasoapaso.es\/wp-content\/uploads\/2019\/12\/IMG_20191130_095414-300x169.jpg 300w, https:\/\/soriapasoapaso.es\/wp-content\/uploads\/2019\/12\/IMG_20191130_095414-768x433.jpg 768w, https:\/\/soriapasoapaso.es\/wp-content\/uploads\/2019\/12\/IMG_20191130_095414-1536x867.jpg 1536w, https:\/\/soriapasoapaso.es\/wp-content\/uploads\/2019\/12\/IMG_20191130_095414.jpg 1600w\" sizes=\"auto, (max-width: 880px) 100vw, 880px\" \/><\/p>\n<p>&nbsp;<\/p>\n<p>El final es la ermita de Santos Nuevos que hoy \u00a0es compartida tambi\u00e9n \u00a0por los dos pueblos y que en tiempos fue tambi\u00e9n objeto de disputa en la comarca, otro conflicto zanjado compartiendo el lugar sagrado y celebrando una romer\u00eda todos los a\u00f1os a principios de Julio. Es un edifico \u00a0del S XVI , que se asemeja a \u00a0una\u00a0 antigua casa serrana\u00a0 con un arco de entrada y una espada\u00f1a. En ella se venera a la Virgen de las Angustias. El interior no lo podemos ver pero sus alrededores son dignos de admirar porque los robles que aqu\u00ed se encuentran son grandiosos, extienden sus inmensas ramas a modo brazos de candelabros de las que surgen unas copas supergrandes que hoy se est\u00e1n deshojando pero nos podemos imaginar que en Julio cuando\u00a0 se venga aqu\u00ed a festejar la romer\u00eda, la gente va a estar muy fresquita bajo estos mastod\u00f3nticos ejemplares cuyos troncos y ramas est\u00e1n semicubiertos de musgo.<\/p>\n<p><img loading=\"lazy\" decoding=\"async\" class=\"aligncenter size-large wp-image-5364\" src=\"http:\/\/soriapasoapaso.es\/wp-content\/uploads\/2019\/12\/IMG_20191130_095831-1024x578.jpg\" alt=\"\" width=\"880\" height=\"497\" srcset=\"https:\/\/soriapasoapaso.es\/wp-content\/uploads\/2019\/12\/IMG_20191130_095831-1024x578.jpg 1024w, https:\/\/soriapasoapaso.es\/wp-content\/uploads\/2019\/12\/IMG_20191130_095831-300x169.jpg 300w, https:\/\/soriapasoapaso.es\/wp-content\/uploads\/2019\/12\/IMG_20191130_095831-768x433.jpg 768w, https:\/\/soriapasoapaso.es\/wp-content\/uploads\/2019\/12\/IMG_20191130_095831-1536x867.jpg 1536w, https:\/\/soriapasoapaso.es\/wp-content\/uploads\/2019\/12\/IMG_20191130_095831.jpg 1600w\" sizes=\"auto, (max-width: 880px) 100vw, 880px\" \/><\/p>\n<p>Aunque solo hemos andado 4.5 km. se decide almorzar porque lo mas probable es que este lugar sea el mas acogedor que encontremos. Un murete pegado a la ermita encierra mesas y \u00e1rboles y aqu\u00ed, como podemos, tomamos nuestros bocatas y nuestro caf\u00e9. No nos podemos sentar porque todo est\u00e1 mojado pero por lo menos ahora no llueve y tendemos \u00a0los chubasqueros para que se aireen.<\/p>\n<p>&nbsp;<\/p>\n<p>La foto grupal se hace debajo de uno de estos espectaculares robles cuya copa cubre \u00a0a todo el grupo perfectamente.<\/p>\n<p>Nos vamos de Santos Nuevos, cubiertos nuevamente de gorros y chubasqueros y ahora hay que atravesar una zona en la que no hay camino definido por lo que nuestros serpas dan alguna vuelta buscando el paso adecuado.<\/p>\n<p>Transitamos\u00a0 por un\u00a0 robledal con un espeso sotobosque algo molesto para caminar pero por aqu\u00ed\u00a0 nos llueven hojas de roble que se acumulan en\u00a0 el suelo, pisamos la alfombra marr\u00f3n o el tapiz verde que el musgo forma sobre rocas y troncos, es el t\u00edpico bosque de cuento que tanto nos gusta encontrar.<\/p>\n<p><img loading=\"lazy\" decoding=\"async\" class=\"aligncenter size-large wp-image-5365\" src=\"http:\/\/soriapasoapaso.es\/wp-content\/uploads\/2019\/12\/DSC07868-1024x576.jpg\" alt=\"\" width=\"880\" height=\"495\" srcset=\"https:\/\/soriapasoapaso.es\/wp-content\/uploads\/2019\/12\/DSC07868-1024x576.jpg 1024w, https:\/\/soriapasoapaso.es\/wp-content\/uploads\/2019\/12\/DSC07868-300x169.jpg 300w, https:\/\/soriapasoapaso.es\/wp-content\/uploads\/2019\/12\/DSC07868-768x432.jpg 768w, https:\/\/soriapasoapaso.es\/wp-content\/uploads\/2019\/12\/DSC07868-1536x863.jpg 1536w, https:\/\/soriapasoapaso.es\/wp-content\/uploads\/2019\/12\/DSC07868-2048x1151.jpg 2048w\" sizes=\"auto, (max-width: 880px) 100vw, 880px\" \/><\/p>\n<p>Pegadito al roble aparece el acebo como haciendo simbiosis. Existe una vieja leyenda Celta que cuenta que\u00a0 Roble y Acebo son hermanos gemelos, ambos dos, Reyes y viejos enemigos, aunque a pesar de su enemistad no est\u00e1n completos el uno sin el otro. En cada solsticio ambos luchan venci\u00e9ndose mutuamente. Ahora en invierno vencer\u00e1 el Rey Acebo mostrando sus hojas verdes y sus bayas rojas\u00a0 en la mitad oscura y fr\u00eda del a\u00f1o. El Rey Roble ganar\u00e1 la lucha en la llegada del verano cuando renazca y muestre todo su esplendor.<\/p>\n<p>Cambiamos de escenario, hemos subido por un bosque de cuento para culminar en una pradera de monta\u00f1a\u00a0 desde la que vemos que el cielo \u00a0es cada vez mas gris y parece que ha descendido \u00a0hasta media sierra\u00a0 en la que solo distinguimos una franja superior verde poblada por pinos y una franja marr\u00f3n y ocre que componen los caducifolios en la ladera de la monta\u00f1a. Llueve todav\u00eda, respiramos muy profundo este aire monta\u00f1\u00e9s, abriendo brazos para que entre muy adentro e incluso pegamos unos buenos gritos.<\/p>\n<p>Llegamos a una casa de piedra de construcci\u00f3n reciente a la \u00a0que le otorgamos la denominaci\u00f3n de\u201d refugio\u201d \u00a0y pasamos por las piedras del arroyo de las Celadillas.<\/p>\n<p><img loading=\"lazy\" decoding=\"async\" class=\"aligncenter size-large wp-image-5366\" src=\"http:\/\/soriapasoapaso.es\/wp-content\/uploads\/2019\/12\/IMG_20191130_110942-1024x578.jpg\" alt=\"\" width=\"880\" height=\"497\" srcset=\"https:\/\/soriapasoapaso.es\/wp-content\/uploads\/2019\/12\/IMG_20191130_110942-1024x578.jpg 1024w, https:\/\/soriapasoapaso.es\/wp-content\/uploads\/2019\/12\/IMG_20191130_110942-300x169.jpg 300w, https:\/\/soriapasoapaso.es\/wp-content\/uploads\/2019\/12\/IMG_20191130_110942-768x433.jpg 768w, https:\/\/soriapasoapaso.es\/wp-content\/uploads\/2019\/12\/IMG_20191130_110942-1536x867.jpg 1536w, https:\/\/soriapasoapaso.es\/wp-content\/uploads\/2019\/12\/IMG_20191130_110942.jpg 1600w\" sizes=\"auto, (max-width: 880px) 100vw, 880px\" \/><\/p>\n<p>El \u00a0prado va \u00a0ascendiendo \u00a0bastante y las jaras o estepas tienen un tama\u00f1o considerable por esta zona. El agua fluye por m\u00faltiples lugares en la pradera haciendo peque\u00f1os r\u00edos y despu\u00e9s de caminar por un alto azotados por el agua y el viento comenzamos a descender \u00a0a chape por el campo y el barro, el aire tambi\u00e9n nos incordia un buen rato y nos lanza la lluvia con fuerza hasta\u00a0 que el propio descenso del camino hace que vayamos \u00a0un poco mas protegidos. La niebla nos impide ver el paisaje, menos mal que en esta adversidad, Ana ve un recuerdo del sol en los amarillos de las hojas del arbolado que destacan fuertemente \u00a0y brillan entre la gris\u00e1cea penumbra.<\/p>\n<p><img loading=\"lazy\" decoding=\"async\" class=\"aligncenter size-large wp-image-5367\" src=\"http:\/\/soriapasoapaso.es\/wp-content\/uploads\/2019\/12\/IMG_20191130_130042-1024x578.jpg\" alt=\"\" width=\"880\" height=\"497\" srcset=\"https:\/\/soriapasoapaso.es\/wp-content\/uploads\/2019\/12\/IMG_20191130_130042-1024x578.jpg 1024w, https:\/\/soriapasoapaso.es\/wp-content\/uploads\/2019\/12\/IMG_20191130_130042-300x169.jpg 300w, https:\/\/soriapasoapaso.es\/wp-content\/uploads\/2019\/12\/IMG_20191130_130042-768x433.jpg 768w, https:\/\/soriapasoapaso.es\/wp-content\/uploads\/2019\/12\/IMG_20191130_130042-1536x867.jpg 1536w, https:\/\/soriapasoapaso.es\/wp-content\/uploads\/2019\/12\/IMG_20191130_130042.jpg 1600w\" sizes=\"auto, (max-width: 880px) 100vw, 880px\" \/><\/p>\n<p>Comenzamos a ver la torre de la iglesia del pueblo y se nos hace eterno el tiempo hasta llegar a ella, es de estilo g\u00f3tico con vestigios rom\u00e1nicos y de considerable tama\u00f1o. Est\u00e1 cerrada por lo que nos quedamos con las ganas de verla.<\/p>\n<p>Empieza a jarrear cuando abandonamos San Andr\u00e9s\u00a0 y adem\u00e1s de nuestro paseo, pasado por agua de hoy\u00a0 nos quedamos \u00a0con la forma que tienen estos dos pueblos de arreglar sus diferencias, que es compartiendo los lugares y haciendo fiesta entre todos. Un aplauso para la fiesta del Arca y la romer\u00eda de Santos Nuevos.<\/p>\n<p><img loading=\"lazy\" decoding=\"async\" class=\"aligncenter size-large wp-image-5368\" src=\"http:\/\/soriapasoapaso.es\/wp-content\/uploads\/2019\/12\/IMG_20191130_084457-1024x578.jpg\" alt=\"\" width=\"880\" height=\"497\" srcset=\"https:\/\/soriapasoapaso.es\/wp-content\/uploads\/2019\/12\/IMG_20191130_084457-1024x578.jpg 1024w, https:\/\/soriapasoapaso.es\/wp-content\/uploads\/2019\/12\/IMG_20191130_084457-300x169.jpg 300w, https:\/\/soriapasoapaso.es\/wp-content\/uploads\/2019\/12\/IMG_20191130_084457-768x433.jpg 768w, https:\/\/soriapasoapaso.es\/wp-content\/uploads\/2019\/12\/IMG_20191130_084457-1536x867.jpg 1536w, https:\/\/soriapasoapaso.es\/wp-content\/uploads\/2019\/12\/IMG_20191130_084457.jpg 1600w\" sizes=\"auto, (max-width: 880px) 100vw, 880px\" \/><\/p>\n<p>Hoy el vermouth es sustituido por una ducha bien caliente en cuanto llegamos a casa porque el agua se nos ha colado por todos los sitios.<\/p>\n<p>&nbsp;<\/p>\n<p>EMI<\/p>\n","protected":false},"excerpt":{"rendered":"<p>&nbsp; Como todos los s\u00e1bados por la ma\u00f1ana los de Soria Paso a Paso madrugamos y salimos ilusionados a disfrutar de nuestra ruta semanal. Esta ma\u00f1ana el\u00a0 cielo se encuentra \u00a0gris y llovizna de forma suave y continua, pero no\u00a0 nos desanimamos, ni desistimos de nuestro empe\u00f1o de pasear, somos <\/p>\n<p><a class=\"read-more\" href=\"https:\/\/soriapasoapaso.es\/?p=5360\">Read More<\/a><\/p>\n","protected":false},"author":1,"featured_media":5369,"comment_status":"open","ping_status":"open","sticky":false,"template":"","format":"standard","meta":{"footnotes":""},"categories":[21],"tags":[],"class_list":["post-5360","post","type-post","status-publish","format-standard","has-post-thumbnail","hentry","category-rutas"],"_links":{"self":[{"href":"https:\/\/soriapasoapaso.es\/index.php?rest_route=\/wp\/v2\/posts\/5360","targetHints":{"allow":["GET"]}}],"collection":[{"href":"https:\/\/soriapasoapaso.es\/index.php?rest_route=\/wp\/v2\/posts"}],"about":[{"href":"https:\/\/soriapasoapaso.es\/index.php?rest_route=\/wp\/v2\/types\/post"}],"author":[{"embeddable":true,"href":"https:\/\/soriapasoapaso.es\/index.php?rest_route=\/wp\/v2\/users\/1"}],"replies":[{"embeddable":true,"href":"https:\/\/soriapasoapaso.es\/index.php?rest_route=%2Fwp%2Fv2%2Fcomments&post=5360"}],"version-history":[{"count":2,"href":"https:\/\/soriapasoapaso.es\/index.php?rest_route=\/wp\/v2\/posts\/5360\/revisions"}],"predecessor-version":[{"id":5390,"href":"https:\/\/soriapasoapaso.es\/index.php?rest_route=\/wp\/v2\/posts\/5360\/revisions\/5390"}],"wp:featuredmedia":[{"embeddable":true,"href":"https:\/\/soriapasoapaso.es\/index.php?rest_route=\/wp\/v2\/media\/5369"}],"wp:attachment":[{"href":"https:\/\/soriapasoapaso.es\/index.php?rest_route=%2Fwp%2Fv2%2Fmedia&parent=5360"}],"wp:term":[{"taxonomy":"category","embeddable":true,"href":"https:\/\/soriapasoapaso.es\/index.php?rest_route=%2Fwp%2Fv2%2Fcategories&post=5360"},{"taxonomy":"post_tag","embeddable":true,"href":"https:\/\/soriapasoapaso.es\/index.php?rest_route=%2Fwp%2Fv2%2Ftags&post=5360"}],"curies":[{"name":"wp","href":"https:\/\/api.w.org\/{rel}","templated":true}]}}