{"id":5203,"date":"2019-11-13T18:53:43","date_gmt":"2019-11-13T17:53:43","guid":{"rendered":"http:\/\/soriapasoapaso.es\/?p=5203"},"modified":"2019-11-13T18:53:59","modified_gmt":"2019-11-13T17:53:59","slug":"soria-garray-otono-en-el-duero","status":"publish","type":"post","link":"https:\/\/soriapasoapaso.es\/?p=5203","title":{"rendered":"Soria \u2013 Garray \u00a0Oto\u00f1o en el Duero"},"content":{"rendered":"<p>&nbsp;<\/p>\n<p>Para este s\u00e1bado 2 de noviembre se planifica una ruta a la cercana Sierra de Santa Ana. El d\u00eda amanece lluvioso y seg\u00fan la previsi\u00f3n meteorol\u00f3gica seguir\u00e1 lloviendo a lo largo de todo el d\u00eda, situaci\u00f3n que complica una ruta con fuertes desniveles, de manera que decidimos cambiarla y continuar disfrutando de ese incre\u00edble paisaje de amarillos que nos ofrece el Soto playa as\u00ed que iniciamos el camino hacia Garray bordeando el Duero.<\/p>\n<p><img loading=\"lazy\" decoding=\"async\" class=\"aligncenter size-full wp-image-5204\" src=\"http:\/\/soriapasoapaso.es\/wp-content\/uploads\/2019\/11\/1.jpg\" alt=\"\" width=\"639\" height=\"306\" srcset=\"https:\/\/soriapasoapaso.es\/wp-content\/uploads\/2019\/11\/1.jpg 639w, https:\/\/soriapasoapaso.es\/wp-content\/uploads\/2019\/11\/1-300x144.jpg 300w\" sizes=\"auto, (max-width: 639px) 100vw, 639px\" \/><\/p>\n<p>Seis senderistas: Enedina, Ana Mari, Rosi, Chus, Rosa y Ricardo, al que le toca hacer de fot\u00f3grafo, iniciamos la ruta cruzando los dos puentes met\u00e1licos del Soto playa y seguimos por la pasarela que lleva al molino y de all\u00ed cruzamos la carretera directamente hasta los senderos y pasarelas que nos llevar\u00e1n al solar de la antigua Numancia.<\/p>\n<p><img loading=\"lazy\" decoding=\"async\" class=\"aligncenter size-full wp-image-5205\" src=\"http:\/\/soriapasoapaso.es\/wp-content\/uploads\/2019\/11\/2.jpg\" alt=\"\" width=\"640\" height=\"361\" srcset=\"https:\/\/soriapasoapaso.es\/wp-content\/uploads\/2019\/11\/2.jpg 640w, https:\/\/soriapasoapaso.es\/wp-content\/uploads\/2019\/11\/2-300x169.jpg 300w\" sizes=\"auto, (max-width: 640px) 100vw, 640px\" \/><\/p>\n<p>Caminamos por la margen derecha y pasamos junto a los Claustros de San Juan de Duero, lo que es lo mismo que decir que estamos a los pies del Monte de las \u00c1nimas y a escasas horas de la noche de difuntos, fecha en la cual, los caballeros templarios regresan para atormentar a aquellos que osen entrar en sus dominios. Hoy no atravesaremos su feudo, acompa\u00f1amos el serpenteante camino del r\u00edo y durante unos minutos, con la mirada en la otra orilla, el tramo final de la vieja muralla que cercaba la Soria medieval.<\/p>\n<p><img loading=\"lazy\" decoding=\"async\" class=\"aligncenter size-full wp-image-5206\" src=\"http:\/\/soriapasoapaso.es\/wp-content\/uploads\/2019\/11\/3.jpg\" alt=\"\" width=\"640\" height=\"361\" srcset=\"https:\/\/soriapasoapaso.es\/wp-content\/uploads\/2019\/11\/3.jpg 640w, https:\/\/soriapasoapaso.es\/wp-content\/uploads\/2019\/11\/3-300x169.jpg 300w\" sizes=\"auto, (max-width: 640px) 100vw, 640px\" \/><\/p>\n<p>Durante el paseo vamos pasando junto a paneles informativos sobre la fauna de este h\u00e1bitat fluvial, dejamos a un lado el nevero reconstruido, y un poco m\u00e1s alejada de nuestro camino la f\u00e1brica de harinas, donde hab\u00eda una presa, y otra en el Perejinal, esta senda lleva hasta la misma. Continuamos&nbsp; hasta el punto donde se unen ambas sendas para seguir por la margen izquierda.<\/p>\n<p>Nos salimos un poco del camino y constatamos una vez m\u00e1s que pasar muchas veces por un lugar no es lo mismo conocer ese lugar. Ricardo nos sorprende al mostrarnos lo que queda de un antiguo chozo de piedra y de un merendero con su mesa, bancos, parrilla y un \u00e1rbol que dar\u00eda buena sombra y es que a\u00f1os atr\u00e1s algunos grupos de amigos se reun\u00edan para pasar el rato en lugares como \u00e9ste, entonces de dif\u00edcil acceso. Despu\u00e9s nuestro compa\u00f1ero de rutas Vicente nos dir\u00eda que era asiduo a este chozo y a otro que hab\u00eda en el paraje del Perejinal.<\/p>\n<p><img loading=\"lazy\" decoding=\"async\" class=\"aligncenter size-full wp-image-5207\" src=\"http:\/\/soriapasoapaso.es\/wp-content\/uploads\/2019\/11\/4.jpg\" alt=\"\" width=\"640\" height=\"361\" srcset=\"https:\/\/soriapasoapaso.es\/wp-content\/uploads\/2019\/11\/4.jpg 640w, https:\/\/soriapasoapaso.es\/wp-content\/uploads\/2019\/11\/4-300x169.jpg 300w\" sizes=\"auto, (max-width: 640px) 100vw, 640px\" \/><\/p>\n<p>Ya sin llover y liberados de las prendas impermeables llegamos a la pasarela sobre el Duero que hoy est\u00e1 precioso, es un placer contemplar el r\u00edo desde aqu\u00ed y el movimiento de sus aguas que a pesar de las lluvias siguen transparentes.<\/p>\n<p>El paseo oto\u00f1al hasta Garray resulta precioso y transcurre tranquilamente, desde que salimos nos cruzamos con s\u00f3lo algunos deportistas en una zona habitualmente bastante concurrida.<\/p>\n<p>Rosi nos comenta la existencia de dos \u00e1rboles que crecen unidos y que est\u00e1n en alg\u00fan lugar detr\u00e1s de la esplendida alameda dorada que tenemos a un lado del camino, as\u00ed que en vez de seguir la senda trazada que nos aleja de la orilla del r\u00edo nos desviamos y descubrimos nuevos y bonitos parajes.<\/p>\n<p><img loading=\"lazy\" decoding=\"async\" class=\"aligncenter size-full wp-image-5208\" src=\"http:\/\/soriapasoapaso.es\/wp-content\/uploads\/2019\/11\/5.jpg\" alt=\"\" width=\"640\" height=\"361\" srcset=\"https:\/\/soriapasoapaso.es\/wp-content\/uploads\/2019\/11\/5.jpg 640w, https:\/\/soriapasoapaso.es\/wp-content\/uploads\/2019\/11\/5-300x169.jpg 300w\" sizes=\"auto, (max-width: 640px) 100vw, 640px\" \/><\/p>\n<p>Caminamos por la arboleda y entramos en la orilla del r\u00edo cuando la vegetaci\u00f3n lo permite, no es f\u00e1cil encontrar esos dos \u00e1rboles tan particulares y Rosi llama a Vicente que desde tierras alicantinas nos echa una mano, as\u00ed localizamos&nbsp; un bonito rinc\u00f3n, la uni\u00f3n del r\u00edo Merdancho con el Padre Duero.<\/p>\n<p><img loading=\"lazy\" decoding=\"async\" class=\"aligncenter size-full wp-image-5209\" src=\"http:\/\/soriapasoapaso.es\/wp-content\/uploads\/2019\/11\/6.jpg\" alt=\"\" width=\"640\" height=\"360\" srcset=\"https:\/\/soriapasoapaso.es\/wp-content\/uploads\/2019\/11\/6.jpg 640w, https:\/\/soriapasoapaso.es\/wp-content\/uploads\/2019\/11\/6-300x169.jpg 300w\" sizes=\"auto, (max-width: 640px) 100vw, 640px\" \/><\/p>\n<p>Con alg\u00fan consejo m\u00e1s que nos da, buscamos inmersos en ese colorido entorno y disfrutando de las hojas que caen a nuestro paso, de las que alfombran la tierra h\u00famedas por la lluvia, de las setas\u2026<\/p>\n<p>Hasta que Ricardo descubre los dos \u00e1rboles, un fresno y un chopo que han crecido unidos en un tierno abrazo.&nbsp; Nos encantan, as\u00ed como el paisaje que nos rodea que es una verdadera preciosidad, es otro de esos rincones m\u00e1gicos que no faltan en nuestras rutas.<\/p>\n<p><img loading=\"lazy\" decoding=\"async\" class=\"aligncenter size-full wp-image-5210\" src=\"http:\/\/soriapasoapaso.es\/wp-content\/uploads\/2019\/11\/7.jpg\" alt=\"\" width=\"567\" height=\"319\" srcset=\"https:\/\/soriapasoapaso.es\/wp-content\/uploads\/2019\/11\/7.jpg 567w, https:\/\/soriapasoapaso.es\/wp-content\/uploads\/2019\/11\/7-300x169.jpg 300w\" sizes=\"auto, (max-width: 567px) 100vw, 567px\" \/><\/p>\n<p>Tampoco faltan varias fotos formando parte del abrazo de los arboles.<\/p>\n<p><img loading=\"lazy\" decoding=\"async\" class=\"aligncenter size-full wp-image-5211\" src=\"http:\/\/soriapasoapaso.es\/wp-content\/uploads\/2019\/11\/8.jpg\" alt=\"\" width=\"709\" height=\"399\" srcset=\"https:\/\/soriapasoapaso.es\/wp-content\/uploads\/2019\/11\/8.jpg 709w, https:\/\/soriapasoapaso.es\/wp-content\/uploads\/2019\/11\/8-300x169.jpg 300w\" sizes=\"auto, (max-width: 709px) 100vw, 709px\" \/><\/p>\n<p>Cruzamos ya al camino y no tardamos a llegar a Garray y a la terraza del restaurante Goyo, donde compartiremos torreznos con pan, caf\u00e9s con leche y un exquisito bizcocho&nbsp; que Enedina ha tenido el detallazo de hornear para el grupo y e igualmente Rosi de invitarnos por su cumplea\u00f1os al resto del almuerzo. \u00a1Gracias compa\u00f1eras!<\/p>\n<p><img loading=\"lazy\" decoding=\"async\" class=\"aligncenter size-full wp-image-5212\" src=\"http:\/\/soriapasoapaso.es\/wp-content\/uploads\/2019\/11\/9.jpg\" alt=\"\" width=\"639\" height=\"306\" srcset=\"https:\/\/soriapasoapaso.es\/wp-content\/uploads\/2019\/11\/9.jpg 639w, https:\/\/soriapasoapaso.es\/wp-content\/uploads\/2019\/11\/9-300x144.jpg 300w\" sizes=\"auto, (max-width: 639px) 100vw, 639px\" \/><\/p>\n<p>Regresamos al camino, a la pasarela, a la senda\u2026 la ermita del Mir\u00f3n, en una bonita perspectiva nos da la bienvenida, los patos del Duero contin\u00faan disfrutando de la placida ma\u00f1ana, pero parece que va despejando y las sendas del Duero ya se ven m\u00e1s transitadas, as\u00ed que no cuesta encontrar a quien haga una foto al peque\u00f1o grupo de hoy.<\/p>\n<p><img loading=\"lazy\" decoding=\"async\" class=\"aligncenter size-full wp-image-5213\" src=\"http:\/\/soriapasoapaso.es\/wp-content\/uploads\/2019\/11\/10.jpg\" alt=\"\" width=\"640\" height=\"480\" srcset=\"https:\/\/soriapasoapaso.es\/wp-content\/uploads\/2019\/11\/10.jpg 640w, https:\/\/soriapasoapaso.es\/wp-content\/uploads\/2019\/11\/10-300x225.jpg 300w\" sizes=\"auto, (max-width: 640px) 100vw, 640px\" \/><\/p>\n<p>La ma\u00f1ana ha sido un continuo poner y quitar impermeables y paraguas, pero la hemos disfrutado a tope caminando y charlando con los compa\u00f1eros y localizando nuevos parajes donde parec\u00eda que hab\u00eda poco nuevo que descubrir.<\/p>\n<p>Regresamos al lugar del que partimos y est\u00e1 sino m\u00e1s bonito, s\u00ed m\u00e1s luminoso y ya con gente que quiere disfrutar del oto\u00f1o soriano a orillas del Duero y del paisaje que enamoro a Antonio Machado.<\/p>\n<p><em>He vuelto a ver los \u00e1lamos dorados,<br \/>\n\u00e1lamos del camino en la ribera<\/em><\/p>\n<p><em>del Duero\u2026.<\/em><\/p>\n<p><img loading=\"lazy\" decoding=\"async\" class=\"aligncenter size-full wp-image-5214\" src=\"http:\/\/soriapasoapaso.es\/wp-content\/uploads\/2019\/11\/11.jpg\" alt=\"\" width=\"639\" height=\"306\" srcset=\"https:\/\/soriapasoapaso.es\/wp-content\/uploads\/2019\/11\/11.jpg 639w, https:\/\/soriapasoapaso.es\/wp-content\/uploads\/2019\/11\/11-300x144.jpg 300w\" sizes=\"auto, (max-width: 639px) 100vw, 639px\" \/><\/p>\n<p>&nbsp;<\/p>\n<p><em>Ruta realizada por el C.D. Soria paso a paso <\/em><\/p>\n<p>&nbsp;<\/p>\n<p><em><u>Ana Mar\u00eda Abajo<\/u><\/em> &nbsp;&nbsp;&nbsp;&nbsp;&nbsp;&nbsp;&nbsp;&nbsp;&nbsp;&nbsp;&nbsp;&nbsp;&nbsp;&nbsp;&nbsp;&nbsp;&nbsp;&nbsp;&nbsp;&nbsp;&nbsp;&nbsp;&nbsp;&nbsp;&nbsp;&nbsp;&nbsp;&nbsp;&nbsp;&nbsp;&nbsp;&nbsp;&nbsp;&nbsp;&nbsp;&nbsp;&nbsp;&nbsp;&nbsp;&nbsp;&nbsp;&nbsp;&nbsp;&nbsp;&nbsp;&nbsp;&nbsp; Soria 2 de noviembre de 2019.<\/p>\n<p>&nbsp;<\/p>\n","protected":false},"excerpt":{"rendered":"<p>&nbsp; Para este s\u00e1bado 2 de noviembre se planifica una ruta a la cercana Sierra de Santa Ana. El d\u00eda amanece lluvioso y seg\u00fan la previsi\u00f3n meteorol\u00f3gica seguir\u00e1 lloviendo a lo largo de todo el d\u00eda, situaci\u00f3n que complica una ruta con fuertes desniveles, de manera que decidimos cambiarla y <\/p>\n<p><a class=\"read-more\" href=\"https:\/\/soriapasoapaso.es\/?p=5203\">Read More<\/a><\/p>\n","protected":false},"author":1,"featured_media":5213,"comment_status":"open","ping_status":"open","sticky":false,"template":"","format":"standard","meta":{"footnotes":""},"categories":[21],"tags":[],"class_list":["post-5203","post","type-post","status-publish","format-standard","has-post-thumbnail","hentry","category-rutas"],"_links":{"self":[{"href":"https:\/\/soriapasoapaso.es\/index.php?rest_route=\/wp\/v2\/posts\/5203","targetHints":{"allow":["GET"]}}],"collection":[{"href":"https:\/\/soriapasoapaso.es\/index.php?rest_route=\/wp\/v2\/posts"}],"about":[{"href":"https:\/\/soriapasoapaso.es\/index.php?rest_route=\/wp\/v2\/types\/post"}],"author":[{"embeddable":true,"href":"https:\/\/soriapasoapaso.es\/index.php?rest_route=\/wp\/v2\/users\/1"}],"replies":[{"embeddable":true,"href":"https:\/\/soriapasoapaso.es\/index.php?rest_route=%2Fwp%2Fv2%2Fcomments&post=5203"}],"version-history":[{"count":2,"href":"https:\/\/soriapasoapaso.es\/index.php?rest_route=\/wp\/v2\/posts\/5203\/revisions"}],"predecessor-version":[{"id":5216,"href":"https:\/\/soriapasoapaso.es\/index.php?rest_route=\/wp\/v2\/posts\/5203\/revisions\/5216"}],"wp:featuredmedia":[{"embeddable":true,"href":"https:\/\/soriapasoapaso.es\/index.php?rest_route=\/wp\/v2\/media\/5213"}],"wp:attachment":[{"href":"https:\/\/soriapasoapaso.es\/index.php?rest_route=%2Fwp%2Fv2%2Fmedia&parent=5203"}],"wp:term":[{"taxonomy":"category","embeddable":true,"href":"https:\/\/soriapasoapaso.es\/index.php?rest_route=%2Fwp%2Fv2%2Fcategories&post=5203"},{"taxonomy":"post_tag","embeddable":true,"href":"https:\/\/soriapasoapaso.es\/index.php?rest_route=%2Fwp%2Fv2%2Ftags&post=5203"}],"curies":[{"name":"wp","href":"https:\/\/api.w.org\/{rel}","templated":true}]}}