{"id":38,"date":"2017-02-12T11:35:00","date_gmt":"2017-02-12T11:35:00","guid":{"rendered":"http:\/\/soriapasoapaso.es\/?p=38"},"modified":"2018-12-26T13:23:08","modified_gmt":"2018-12-26T12:23:08","slug":"olvega-la-mina-petra","status":"publish","type":"post","link":"https:\/\/soriapasoapaso.es\/?p=38","title":{"rendered":"Olvega &#8211; La Mina Petra"},"content":{"rendered":"<div id=\"pl-38\"  class=\"panel-layout\" ><div id=\"pg-38-0\"  class=\"panel-grid panel-no-style\" ><div id=\"pgc-38-0-0\"  class=\"panel-grid-cell\" ><div id=\"panel-38-0-0-0\" class=\"so-panel widget widget_sow-editor panel-first-child panel-last-child\" data-index=\"0\" ><div\n\t\t\t\n\t\t\tclass=\"so-widget-sow-editor so-widget-sow-editor-base\"\n\t\t\t\n\t\t>\n<div class=\"siteorigin-widget-tinymce textwidget\">\n\t<p>\u00a0Despu\u00e9s de dos s\u00e1bados sin salir a caminar (por motivos\u00a0diversos) el grupo Soria paso a paso, se ha vuelto a calzar las botas y no\u00a0 haciendo caso a los partes meteorol\u00f3gicos que\u00a0nos llegaban nos pusimos a caminar. Hab\u00eda cierta expectaci\u00f3n en la ruta que\u00a0ten\u00edamos\u00a0 marcada para este fin de\u00a0semana, ya que llevaba dos aplazamientos, as\u00ed que provistos del material\u00a0necesario nos ponemos en marcha para visitar la Villa de \u00d3lvega, aunque ahora esos\u00a0t\u00edtulos ya han desaparecido, pasando a denominarse poblaciones, pero como uno\u00a0es chapado a la antigua lo dejaremos as\u00ed. \u00a0All\u00e1 dirigimos nuestros pasos, direcci\u00f3n a\u00a0occidente de la provincia nuestras monturas preparadas para dar comienzo a otra\u00a0atractiva ruta senderista.<\/p>\n<p>\u00a0<\/p>\n<div class=\"separator\" style=\"clear: both; text-align: center;\"><a style=\"clear: left; float: left; margin-bottom: 1em; margin-right: 1em;\" href=\"https:\/\/3.bp.blogspot.com\/-uC1ErLsIUU8\/WKBBgAobh-I\/AAAAAAAAEIo\/VFeDUbD9F1AsO9H5I3vXbmjFDpPdkK7wwCLcB\/s1600\/CIMG6962.JPG\"><img loading=\"lazy\" decoding=\"async\" class=\"aligncenter\" src=\"http:\/\/soriapasoapaso.es\/wp-content\/uploads\/2017\/02\/CIMG6962.jpg\" width=\"320\" height=\"240\" border=\"0\" \/><\/a><\/div>\n<div class=\"MsoNormal\" style=\"margin: 0cm 0cm 10pt;\">\u00a0<\/div>\n<p>\u00a0<\/p>\n<div>\u00a0<\/div>\n<div>\u00a0<\/div>\n<div>\u00a0<\/div>\n<div>\u00a0<\/div>\n<div>\u00a0<\/div>\n<div>\u00a0<\/div>\n<div>\u00a0<\/div>\n<div>\u00a0<\/div>\n<div>\u00a0<\/div>\n<div>\u00a0<\/div>\n<div class=\"MsoNormal\" style=\"margin: 0cm 0cm 10pt;\">En el\u00a0 sitio y hora que acostumbra el grupo, \u00a0nos reunimos para dar comienzo nuestra ruta. All\u00ed\u00a0est\u00e1bamos, Ana de la Hoz, Rosi, Gema, Ana Bernal, Julia y Maribel\u00a0por parte f\u00e9mina, y\u00a0Miguel, Alberto, Jos\u00e9 Antonio, Juli\u00e1n, Candi, y \u00c1ngel por parte masculina, esta vez las\u00a0chicas no nos ganaron en n\u00famero como acostumbran, ya que hicimos un meritorio\u00a0empate.<\/div>\n<div class=\"MsoNormal\" style=\"margin: 0cm 0cm 10pt;\">En las monturas de Jos\u00e9 Antonio, Alberto y \u00c1ngel, pusimos\u00a0rumbo a la citada localidad, donde da comienzo nuestro caminar, que no es otro\u00a0que visitar el paraje de \u201cLa Mina Petra\u201d distante a unos 4 Km seg\u00fan los\u00a0carteles anunciadores.<\/div>\n<div class=\"separator\" style=\"clear: both; text-align: center;\"><a style=\"margin-left: 1em; margin-right: 1em;\" href=\"https:\/\/4.bp.blogspot.com\/-XKADzU2v-Zk\/WKBBscbzoHI\/AAAAAAAAEIs\/Fb-3N9WiCYogKy5dFlb5RBiMCyr5T-adACEw\/s1600\/CIMG6966.JPG\"><img loading=\"lazy\" decoding=\"async\" src=\"http:\/\/soriapasoapaso.es\/wp-content\/uploads\/2017\/02\/CIMG6966.jpg\" width=\"320\" height=\"240\" border=\"0\" \/><\/a><\/div>\n<div class=\"MsoNormal\" style=\"margin: 0cm 0cm 10pt;\">Nos recibe en \u00d3lvega una niebla que\u00a0 nos acompa\u00f1ar\u00eda\u00a0toda la ma\u00f1ana, haci\u00e9ndose muy espesa en algunos tramos del recorrido \u00a0que\u00a0imped\u00eda ver a una distancia normal. El camino es bueno, ya que el recorrido lo\u00a0hacemos por \u00a0donde en su d\u00eda fue una v\u00eda\u00a0minera para el transporte del mineral que de la mina se extra\u00eda, un\u00eda la mina\u00a0con \u00d3lvega; \u00a0ahora es una v\u00eda verde para\u00a0disfrute de todo tipo de aficionados al deporte, ciclismo, atletismo,\u00a0senderismo etc., con bancos a los lados del camino para descansar, y aparatos\u00a0fijos donde se pueden hacer todo tipo de ejercicios, flexiones, estiramientos,\u00a0trepar por cuerda etc. Tambi\u00e9n durante nuestro trayecto nos encontramos con\u00a0carteles informativos y puntos de inter\u00e9s por sus vistas que desde ellos se\u00a0observan, pero que nosotros nos quedamos con la ganas, ya que, como he comentado, la niebla nos impidi\u00f3 disfrutar de las mismas. Del Moncayo, en alguna ocasi\u00f3n, vimos susilueta muy difuminada cuando la niebla nos dejaba.<\/div>\n<div class=\"MsoNormal\" style=\"margin: 0cm 0cm 10pt;\">Seguimos nuestro\u00a0caminar rodeados de un bosque de robles que hacen del entorno un paisaje bonito\u00a0y agradable, y donde ya se ve\u00a0brotar el hel\u00e9boro, arbusto temprano ya que hasta la primavera a\u00fan quedan unos d\u00edas.<\/div>\n<p>\u00a0<\/p>\n<div class=\"separator\" style=\"clear: both; text-align: center;\"><a style=\"clear: left; float: left; margin-bottom: 1em; margin-right: 1em;\" href=\"https:\/\/1.bp.blogspot.com\/-XzfYwfzXxRA\/WKBCwJPp7zI\/AAAAAAAAEI0\/U0khHjlwKssgPvG2C0pK5uKv3FJPkbbqgCLcB\/s1600\/CIMG6974.JPG\"><img loading=\"lazy\" decoding=\"async\" src=\"http:\/\/soriapasoapaso.es\/wp-content\/uploads\/2017\/02\/CIMG6974.jpg\" width=\"320\" height=\"240\" border=\"0\" \/><\/a><\/div>\n<div class=\"separator\" style=\"clear: both; text-align: center;\"><a style=\"margin-left: 1em; margin-right: 1em;\" href=\"https:\/\/3.bp.blogspot.com\/-DmS6enqL7JQ\/WKBDYIjdpZI\/AAAAAAAAEI8\/6gp1Fc_jq1k2ffIjsURPv_Aks41a3r9zgCLcB\/s1600\/CIMG6976.JPG\"><img loading=\"lazy\" decoding=\"async\" src=\"http:\/\/soriapasoapaso.es\/wp-content\/uploads\/2017\/02\/CIMG6976.jpg\" width=\"320\" height=\"240\" border=\"0\" \/><\/a><\/div>\n<div class=\"MsoNormal\" style=\"margin: 0cm 0cm 10pt;\">Llegamos a la Mina Petra, un gran hoyo bajo nuestros pies cubierto de agua formando un gran lago de un color esmeralda, vallado para que\u00a0la gente no pase de los l\u00edmites del mismo, ya que se producen derrumbes. Los\u00a0all\u00ed presentes admiramos la belleza del lugar y su entorno. Nos reciben manchas\u00a0de nieve en el alto que rodea el lago. Algunos bromeamos con subir al alto de la\u00a0monta\u00f1a, pero ah\u00ed quedaron los comentarios, despu\u00e9s de plasmar en nuestras\u00a0retinas y en las c\u00e1maras fotogr\u00e1ficas para el recuerdo la belleza del lugar. Volvimos sobre nuestros\u00a0pasos y de repente la niebla cubri\u00f3 todo el paisaje dejando muy poca\u00a0visibilidad.<\/div>\n<p>\u00a0<\/p>\n<div class=\"separator\" style=\"clear: both; text-align: center;\"><a style=\"clear: right; float: right; margin-bottom: 1em; margin-left: 1em;\" href=\"https:\/\/4.bp.blogspot.com\/-ZgogynCILhI\/WKBFl5eb1uI\/AAAAAAAAEJs\/KXX3PKUcpA0t1MZqXppktIvyfttUj8dMwCLcB\/s1600\/IMG_4894%255B1%255D.jpg\"><img loading=\"lazy\" decoding=\"async\" src=\"http:\/\/soriapasoapaso.es\/wp-content\/uploads\/2017\/02\/IMG_48945B15D.jpg\" width=\"213\" height=\"320\" border=\"0\" \/><\/a><\/div>\n<div class=\"separator\" style=\"clear: both; text-align: center;\"><a style=\"margin-left: 1em; margin-right: 1em;\" href=\"https:\/\/4.bp.blogspot.com\/-h7CYfxOwmj4\/WKBDnwYWeKI\/AAAAAAAAEJE\/JCcFYV_DjQo2QvoJ-qFP2FzK8-SFOL7NwCLcB\/s1600\/IMG-20170211-WA0020.jpg\"><img loading=\"lazy\" decoding=\"async\" src=\"http:\/\/soriapasoapaso.es\/wp-content\/uploads\/2017\/02\/IMG-20170211-WA0020.jpg\" width=\"320\" height=\"180\" border=\"0\" \/><\/a><\/div>\n<div class=\"MsoNormal\" style=\"margin: 0cm 0cm 10pt;\">La mina Petra perteneci\u00f3 a una Sociedad Belga establecida en\u00a0el a\u00f1o 1899 para la explotaci\u00f3n de una mina de hierro en \u00a0la sierra del Moncayo, Con el fin de trasladar\u00a0el mineral extra\u00eddo en el Moncayo, sobre todo el de la Mina Petra en \u00d3lvega, la\u00a0Sociedad Minera Moncayo comienza con la construcci\u00f3n de una <strong>l\u00ednea\u00a0de ferrocarril que uniera \u00d3lvega con Castej\u00f3n en Navarra, <\/strong>La\u00a0producci\u00f3n se trasladaba a Castej\u00f3n desde donde se exportaba en ferrocarril a\u00a0Inglaterra, B\u00e9lgica y Francia o se trasladaba a las fundiciones del Pa\u00eds Vasco.<\/div>\n<div class=\"separator\" style=\"clear: both; text-align: center;\">\u00a0<\/div>\n<div class=\"separator\" style=\"clear: both; text-align: center;\"><a style=\"margin-left: 1em; margin-right: 1em;\" href=\"https:\/\/1.bp.blogspot.com\/-7-8YC9EmQ9I\/WKBDxByGzFI\/AAAAAAAAEJI\/Vda8NcpvpMMJ42JdRWSzGUx1PutR3S4lwCLcB\/s1600\/CIMG7003.JPG\"><img loading=\"lazy\" decoding=\"async\" src=\"http:\/\/soriapasoapaso.es\/wp-content\/uploads\/2017\/02\/CIMG7003.jpg\" width=\"320\" height=\"240\" border=\"0\" \/><\/a><\/div>\n<div class=\"MsoNormal\" style=\"margin: 0cm 0cm 10pt;\">La l\u00ednea no naci\u00f3 con estrella y arrastr\u00f3 penurias\u00a0econ\u00f3micas durante sus dos primeros a\u00f1os de vida. Pero sin duda el hecho que\u00a0desencaden\u00f3 su declive fue el <strong>descarrilamiento del tren minero, hecho acaecido en julio de 1904, con el\u00a0fallecimiento de tres personas, que con la complicada situaci\u00f3n econ\u00f3mica de la\u00a0empresa y el accidente provoc\u00f3 una serie de acontecimientos que llev\u00f3 a la quiebra la sociedad al a\u00f1o siguiente. La l\u00ednea f\u00e9rrea \u00d3lvega-Castej\u00f3n cay\u00f3 en el olvido,\u00a0siendo una de las l\u00edneas de ferrocarril m\u00e1s breves de la historia. <\/strong><b style=\"mso-bidi-font-weight: normal;\"><\/b><\/div>\n<p>\u00a0<\/p>\n<div class=\"separator\" style=\"clear: both; text-align: center;\"><a style=\"margin-left: 1em; margin-right: 1em;\" href=\"https:\/\/2.bp.blogspot.com\/-lFZI6P6V-UQ\/WKBD3xeZ2CI\/AAAAAAAAEJM\/Dk33nuwjpRYvvpPux3h7rcdSDh1DhrlMwCEw\/s1600\/CIMG6981.JPG\"><img loading=\"lazy\" decoding=\"async\" src=\"http:\/\/soriapasoapaso.es\/wp-content\/uploads\/2017\/02\/CIMG6981.jpg\" width=\"320\" height=\"240\" border=\"0\" \/><\/a><\/div>\n<div class=\"MsoNormal\" style=\"margin: 0cm 0cm 10pt;\">Nuestra siguiente parada no era otra que la ermita de la Virgen\u00a0de Olmacedo, patrona de la localidad, paraje bonito \u00a0bien acondicionado y mejor cuidado, donde los\u00a0componentes del grupo hicimos un alto en el camino y en unos bancos que hay en\u00a0el lugar nos pusimos a dar cuenta del almuerzo. La ermita se encontraba cerrada, con lo cual nos quedamos con las ganas de visitarla por dentro.<\/div>\n<div class=\"separator\" style=\"clear: both; text-align: center;\"><a style=\"margin-left: 1em; margin-right: 1em;\" href=\"https:\/\/2.bp.blogspot.com\/-RNDUKF6luQU\/WKBEGG28leI\/AAAAAAAAEJU\/qOe3QJKfJsoaREWRGTIyyiVBGyXc57kZACLcB\/s1600\/CIMG7016.JPG\"><img loading=\"lazy\" decoding=\"async\" src=\"http:\/\/soriapasoapaso.es\/wp-content\/uploads\/2017\/02\/CIMG7016.jpg\" width=\"320\" height=\"240\" border=\"0\" \/><\/a><\/div>\n<div class=\"MsoNormal\" style=\"margin: 0cm 0cm 10pt;\">La parada fue breve ya que la ma\u00f1ana estaba fr\u00eda, y sentados, el fr\u00edo se hace m\u00e1s patente; de aqu\u00ed que Rosi, Julia y Ana Bernal, siguiendo la v\u00eda\u00a0verde se dirigen a \u00d3lvega y esperan al grupo en una cafeter\u00eda junto a un caf\u00e9\u00a0caliente, donde reponer calor\u00edas. Ros\u00ed sigue con sus molestias de cadera que le\u00a0impiden hacer un sobreesfuerzo, Ana y Julia les pesa m\u00e1s el fr\u00edo de la ma\u00f1ana, el\u00a0resto de grupo seguimos la ruta por senderos bien se\u00f1alizados y de buen firme, rodeados esta vez por bosque de carrasca.<\/div>\n<div class=\"separator\" style=\"clear: both; text-align: center;\"><a style=\"margin-left: 1em; margin-right: 1em;\" href=\"https:\/\/1.bp.blogspot.com\/-8RSxhw-nkIc\/WKBETNRu8NI\/AAAAAAAAEJc\/0-5qIwMzb_ImY3Rk0-d7GI2uuegiUaytwCLcB\/s1600\/CIMG7023.JPG\"><img loading=\"lazy\" decoding=\"async\" src=\"http:\/\/soriapasoapaso.es\/wp-content\/uploads\/2017\/02\/CIMG7023.jpg\" width=\"320\" height=\"240\" border=\"0\" \/><\/a><\/div>\n<div class=\"MsoNormal\" style=\"margin: 0cm 0cm 10pt;\">\u00a0<\/div>\n<div class=\"MsoNormal\" style=\"margin: 0cm 0cm 10pt;\">Llegados a \u00d3lvega el grupo se vuelve a unir y en un bar\u00a0cerca de donde\u00a0ten\u00edamos aparcados los veh\u00edculos tomamos una cerveza y con los\u00a0comentarios de la ruta y las bromas sobre los entendidos en el tiempo. El grupo iba provisto de material\u00a0para protegernos de la lluvia, la cual no hizo su aparici\u00f3n para el disfrute de la ruta y del grupo.<\/div>\n<div class=\"MsoNormal\" style=\"margin: 0cm 0cm 10pt;\">\u00a0 Dimos por\u00a0finalizado nuestro caminar. Esta vez no recogimos la correspondiente foto en el bar donde nos tomamos nuestro aperitivo pero si recogimos un curioso\u00a0detalle que all\u00ed se encontraba colgado.<\/p>\n<div class=\"separator\" style=\"clear: both; text-align: center;\"><a style=\"margin-left: 1em; margin-right: 1em;\" href=\"https:\/\/1.bp.blogspot.com\/-OoIEpvDKxQA\/WKBE3gQTlaI\/AAAAAAAAEJk\/0KuubfoWkOUhR_FUt1f_SRFi4oSDUH57ACLcB\/s1600\/CIMG7053.JPG\"><img loading=\"lazy\" decoding=\"async\" src=\"http:\/\/soriapasoapaso.es\/wp-content\/uploads\/2017\/02\/CIMG7053.jpg\" width=\"320\" height=\"240\" border=\"0\" \/><\/a><\/div>\n<div class=\"separator\" style=\"clear: both; text-align: center;\">\u00a0<\/div>\n<div class=\"MsoNormal\" style=\"margin: 0cm 0cm 10pt;\">Soria, 11 de febrero de 2017<\/div>\n<div class=\"separator\" style=\"clear: both; text-align: center;\"><span style=\"font-size: 14px;\">Angel.<\/span><\/div>\n<\/div>\n<\/div>\n<\/div><\/div><\/div><\/div><\/div>","protected":false},"excerpt":{"rendered":"<p>\u00a0Despu\u00e9s de dos s\u00e1bados sin salir a caminar (por motivos\u00a0diversos) el grupo Soria paso a paso, se ha vuelto a calzar las botas y no\u00a0 haciendo caso a los partes meteorol\u00f3gicos que\u00a0nos llegaban nos pusimos a caminar. Hab\u00eda cierta expectaci\u00f3n en la ruta que\u00a0ten\u00edamos\u00a0 marcada para este fin de\u00a0semana, ya <\/p>\n<p><a class=\"read-more\" href=\"https:\/\/soriapasoapaso.es\/?p=38\">Read More<\/a><\/p>\n","protected":false},"author":1,"featured_media":0,"comment_status":"open","ping_status":"open","sticky":false,"template":"","format":"standard","meta":{"footnotes":""},"categories":[21,1],"tags":[],"class_list":["post-38","post","type-post","status-publish","format-standard","hentry","category-rutas","category-uncategorized"],"_links":{"self":[{"href":"https:\/\/soriapasoapaso.es\/index.php?rest_route=\/wp\/v2\/posts\/38","targetHints":{"allow":["GET"]}}],"collection":[{"href":"https:\/\/soriapasoapaso.es\/index.php?rest_route=\/wp\/v2\/posts"}],"about":[{"href":"https:\/\/soriapasoapaso.es\/index.php?rest_route=\/wp\/v2\/types\/post"}],"author":[{"embeddable":true,"href":"https:\/\/soriapasoapaso.es\/index.php?rest_route=\/wp\/v2\/users\/1"}],"replies":[{"embeddable":true,"href":"https:\/\/soriapasoapaso.es\/index.php?rest_route=%2Fwp%2Fv2%2Fcomments&post=38"}],"version-history":[{"count":11,"href":"https:\/\/soriapasoapaso.es\/index.php?rest_route=\/wp\/v2\/posts\/38\/revisions"}],"predecessor-version":[{"id":1451,"href":"https:\/\/soriapasoapaso.es\/index.php?rest_route=\/wp\/v2\/posts\/38\/revisions\/1451"}],"wp:attachment":[{"href":"https:\/\/soriapasoapaso.es\/index.php?rest_route=%2Fwp%2Fv2%2Fmedia&parent=38"}],"wp:term":[{"taxonomy":"category","embeddable":true,"href":"https:\/\/soriapasoapaso.es\/index.php?rest_route=%2Fwp%2Fv2%2Fcategories&post=38"},{"taxonomy":"post_tag","embeddable":true,"href":"https:\/\/soriapasoapaso.es\/index.php?rest_route=%2Fwp%2Fv2%2Ftags&post=38"}],"curies":[{"name":"wp","href":"https:\/\/api.w.org\/{rel}","templated":true}]}}