{"id":2500,"date":"2018-04-12T10:20:09","date_gmt":"2018-04-12T08:20:09","guid":{"rendered":"http:\/\/soriapasoapaso.es\/?p=2500"},"modified":"2018-12-26T13:22:33","modified_gmt":"2018-12-26T12:22:33","slug":"orbaneja-del-castillo-7-4-2018","status":"publish","type":"post","link":"https:\/\/soriapasoapaso.es\/?p=2500","title":{"rendered":"Orbaneja del Castillo. (7\/4\/2018)"},"content":{"rendered":"<p>\nSoria paso a paso  abandona hoy su  provincia y a su  querido R\u00edo Duero  para irse  a caminar junto al R\u00edo Ebro.<br \/>\n<img loading=\"lazy\" decoding=\"async\" src=\"http:\/\/soriapasoapaso.es\/wp-content\/uploads\/2018\/04\/CIMG5596-300x225.jpg\" alt=\"\" width=\"300\" height=\"225\" class=\"aligncenter size-medium wp-image-2502\" \/><br \/>\nDejamos atr\u00e1s una lluviosa ma\u00f1ana Soriana mientras nos vamos alejando con el autob\u00fas hacia Burgos, porque la ruta de hoy est\u00e1 proyectada en la Comarca de los P\u00e1ramos, al filo de la frontera entre Burgos y  Santander. Nos dirigimos a Orbaneja del Castillo, pueblo muy famoso por su acu\u00e1tico paisaje  y abarrotado por turistas en esta borrascosa primavera reci\u00e9n comenzada<br \/>\nAl grupo habitual de senderistas hoy se unen familiares e  invitados haciendo que esta ruta especial  sea m\u00e1s entra\u00f1able.<br \/>\n Por fortuna la lluvia se va quedando en Soria  y al bajarnos del autob\u00fas ya empezamos a disfrutar del paisaje K\u00e1rstico modelado por el agua que hay encima del pueblo: El beso de dos camellos rocosos que a la vez llegan a convertirse en el continente Africano. Aprovechando estas paredes naturales antiguamente hubo un castillo de fortificaci\u00f3n Medieval y de ah\u00ed la segunda parte del nombre del pueblo.<br \/>\n<img loading=\"lazy\" decoding=\"async\" src=\"http:\/\/soriapasoapaso.es\/wp-content\/uploads\/2018\/04\/CIMG5599-EFFECTS-300x225.jpg\" alt=\"\" width=\"300\" height=\"225\" class=\"aligncenter size-medium wp-image-2501\" \/><br \/>\nAlcanzamos Orbaneja por la parte de abajo de forma que lo primero que vemos es la fant\u00e1stica cascada que baja entre las casas que est\u00e1n colgadas en una serie de terrazas. Ten\u00edamos muchas ganas de disfrutar de este paisaje en directo por lo que el grupo se empap\u00f3 del sonido tronante del agua durante un buen rato. Subiendo las escaleras paralelas a la cascada, llegamos a la parte central de la Villa, cuyo t\u00edtulo fue concedido por los Reyes Cat\u00f3licos y que es considerada como Conjunto Hist\u00f3rico desde 1993.<br \/>\n<figure id=\"attachment_2503\" aria-describedby=\"caption-attachment-2503\" style=\"width: 300px\" class=\"wp-caption aligncenter\"><img loading=\"lazy\" decoding=\"async\" src=\"http:\/\/soriapasoapaso.es\/wp-content\/uploads\/2018\/04\/IMG_20180407_091152-300x225.jpg\" alt=\"\" width=\"300\" height=\"225\" class=\"size-medium wp-image-2503\" \/><figcaption id=\"caption-attachment-2503\" class=\"wp-caption-text\">cof<\/figcaption><\/figure><br \/>\nEste dato seguro que no extra\u00f1a a nadie, porque creo que la primera impresi\u00f3n que todos tuvimos pisando sus calles empedradas, entre sus casas monta\u00f1esas reconstruidas y  sus estanques de agua cristalina fue sencillamente de serena belleza, adem\u00e1s tenemos la impresi\u00f3n de que somos los primeros turistas del d\u00eda por lo que el sonido del agua lo apreciamos n\u00edtido. Un caf\u00e9 calentito y nos ponemos en ruta. Atravesamos el pueblo e iniciamos una en\u00e9rgica subida por un camino  que nos lleva a  un terreno llano y escampado, en el ascenso vamos disfrutando de las vistas del pueblo con sus tejados rojos inmersos en la hondonada.<br \/>\n<img loading=\"lazy\" decoding=\"async\" src=\"http:\/\/soriapasoapaso.es\/wp-content\/uploads\/2018\/04\/CIMG5620-300x225.jpg\" alt=\"\" width=\"300\" height=\"225\" class=\"aligncenter size-medium wp-image-2504\" \/><br \/>\nLlegamos al p\u00e1ramo de Bricia y en \u00e9l  a los chozos de Estilla,  construidos en la piedra t\u00edpica del lugar sin ning\u00fan tipo de argamasa y con unas curiosas cubiertas voladas hechas por aproximaci\u00f3n de piedras laminadas. Unos son de planta cuadrada y otros de planta circular y  serv\u00edan como refugio ganadero y para guardar aperos de labranza porque esta paramera fue zona de cultivo,  ya que era el \u00fanico espacio llano extenso susceptible de ser labrado, a pesar de las limitaciones clim\u00e1ticas de la zona.<br \/>\n<img loading=\"lazy\" decoding=\"async\" src=\"http:\/\/soriapasoapaso.es\/wp-content\/uploads\/2018\/04\/20180407_104810-copia-300x169.jpg\" alt=\"\" width=\"300\" height=\"169\" class=\"aligncenter size-medium wp-image-2505\" \/><br \/>\n Pronto la planicie se llena de bosque compuesto por encinas y quejigos envueltos en l\u00edquenes, nos tenemos que agachar en ocasiones para pasar  debajo de sus ramas y traspasamos  un alambrado que es la frontera. Entramos  en Cantabria.<br \/>\n<img loading=\"lazy\" decoding=\"async\" src=\"http:\/\/soriapasoapaso.es\/wp-content\/uploads\/2018\/04\/IMG-20180407-WA0000-300x225.jpg\" alt=\"\" width=\"300\" height=\"225\" class=\"aligncenter size-medium wp-image-2506\" \/><br \/>\nUna curiosa construcci\u00f3n del mismo tipo de piedra que los chozos, de planta rectangular escondida entre la foresta se convierte en el lugar escogido para descansar y recobrar fuerzas  as\u00ed que tomamos nuestro tentempi\u00e9 alrededor de esta construcci\u00f3n con la novedad de que la tortilla de hoy la ha preparado Feli. Estamos en un antiguo fort\u00edn militar utilizado por la milicia republicana en la guerra civil, con agujeros estrat\u00e9gicamente colocados en una de sus paredes por d\u00f3nde se podr\u00edan asomar las armas (echando a volar la imaginaci\u00f3n, se podr\u00eda pensar que era un nido de ametralladoras)<br \/>\n<img loading=\"lazy\" decoding=\"async\" src=\"http:\/\/soriapasoapaso.es\/wp-content\/uploads\/2018\/04\/CIMG5636-300x225.jpg\" alt=\"\" width=\"300\" height=\"225\" class=\"aligncenter size-medium wp-image-2507\" \/><br \/>\nProseguimos  el camino por un sendero que comienza a bajar y en el que vemos letreros que nos marcan la direcci\u00f3n hacia unas trincheras que imaginamos relacionadas con el fort\u00edn militar. Salimos de la zona arbolada para llegar a un lozano prado en el que las florecillas son todav\u00eda diminutos puntos y en el que solo se echa de menos alguna vaca pastando. Estamos en un valle rodeado de macizos y alguno nos recuerda a nuestro Pico Frentes. La ma\u00f1ana contin\u00faa nublada, la temperatura es muy agradable y nuestro \u00c1ngel de la guarda va consiguiendo que no llueva.<br \/>\n<img loading=\"lazy\" decoding=\"async\" src=\"http:\/\/soriapasoapaso.es\/wp-content\/uploads\/2018\/04\/CIMG5639-300x225.jpg\" alt=\"\" width=\"300\" height=\"225\" class=\"aligncenter size-medium wp-image-2508\" \/><br \/>\nDejamos atr\u00e1s el prado C\u00e1ntabro y  el  camino de descenso se hace mas pronunciado, quiz\u00e1 estamos bajando por una torrentera d\u00f3nde las ra\u00edces de los \u00e1rboles est\u00e1n a la vista por la erosi\u00f3n del agua y a la vista tenemos tambi\u00e9n un pueblo en el valle. Alguien llama nuestra atenci\u00f3n para que miremos a la izquierda y en la lejan\u00eda vemos una gran boca abierta en el pared\u00f3n rocoso  por donde desciende un torrente de agua .El camino acaba en una carretera  que cruzamos  para llegar al puente  sobre el R\u00edo en  Villaescusa del Ebro. Este es el \u00faltimo pueblo  de Valderredible en Cantabria que atraviesa el r\u00edo antes de entrar en Castilla y Le\u00f3n. Sin entrar al pueblo seguimos por la margen derecha del r\u00edo, pasamos por una zona de recreo a la vera del agua y por una zona ganadera, vamos camino del  \u201cTobazo\u201d.<br \/>\n<img loading=\"lazy\" decoding=\"async\" src=\"http:\/\/soriapasoapaso.es\/wp-content\/uploads\/2018\/04\/IMG-20180407-WA0024-169x300.jpg\" alt=\"\" width=\"169\" height=\"300\" class=\"aligncenter size-medium wp-image-2509\" \/><br \/>\nLa  vegetaci\u00f3n ribere\u00f1a  escolta nuestro camino y en las m\u00e1rgenes de nuestro sendero empezamos a ver indicios de la primavera, flores abiertas, campanillas amarillas, violetas y otros tonos  morados destacan  entre la hierba.<br \/>\nEn un Km. desde el pueblo llegamos a la cascada del Tobazo cuyo nombre deriva de la palabra toba, roca caliza y ligera formada por la cal que lleva en disoluci\u00f3n las aguas de este manantial que sale de las entra\u00f1as de la comarca de la Lora. Obviamente unos senderistas Sorianos pensamos que este tipo de roca  nos suena de algo. Disfrutamos nuevamente del sonido de una exuberante cascada en su parte inferior ya que esta emanaci\u00f3n tiene otras salidas   y se pude subir por un camino a un nivel superior e incluso a un tercer nivel para poder apreciar las diferentes emanaciones del agua que aparece y desaparece entre los pe\u00f1ascos. Varios senderistas  suben hasta el segundo y el tercer nivel.<br \/>\n<img loading=\"lazy\" decoding=\"async\" src=\"http:\/\/soriapasoapaso.es\/wp-content\/uploads\/2018\/04\/CIMG5651-300x225.jpg\" alt=\"\" width=\"300\" height=\"225\" class=\"aligncenter size-medium wp-image-2510\" \/><br \/>\nDejamos esta explanada de paz y amor como nos marca una roca para acercarnos nuevamente a la vera del r\u00edo y tras pasar un peque\u00f1o puente de cemento transitamos delante de  la  \u201cElectra  del Tobazo\u201d,antigua Central el\u00e9ctrica que abastec\u00eda a varios pueblos aprovechando el salto de agua que acabamos de ver. Hoy, el edificio  debe ser una vivienda particular.<br \/>\n<img loading=\"lazy\" decoding=\"async\" src=\"http:\/\/soriapasoapaso.es\/wp-content\/uploads\/2018\/04\/IMG-20180407-WA0061-300x225.jpg\" alt=\"\" width=\"300\" height=\"225\" class=\"aligncenter size-medium wp-image-2511\" \/><br \/>\nEntramos en un sendero estrecho en el que tenemos que circular en fila, a nuestra derecha la ladera de una monta\u00f1a rocosa y a nuestra izda. El Ebro. Las se\u00f1ales nos muestran que estamos en el GR 99. Camino natural del Ebro que va recorriendo el curso del r\u00edo de principio a fin, es decir, empieza en Cantabria y acaba en Tarragona.<br \/>\nNos restan unos 5 km hasta el final de nuestra ruta en los que vamos gozar rodeados por una naturaleza an\u00e1rquica pero que a\u00fan no ha eclosionado con el influjo primaveral.<br \/>\n<img loading=\"lazy\" decoding=\"async\" src=\"http:\/\/soriapasoapaso.es\/wp-content\/uploads\/2018\/04\/CIMG5684-300x225.jpg\" alt=\"\" width=\"300\" height=\"225\" class=\"aligncenter size-medium wp-image-2512\" \/><br \/>\nEl sendero que pisamos  a\u00fan est\u00e1 esponjoso por la hojarasca invernal, en la falda de la monta\u00f1a abundan rocas y piedras forradas de verde y mullido musgo.<br \/>\nLos chopos, alisos y sauces todav\u00eda desnudos, se visten con forraje, enredaderas y musgo. A lo largo del camino encontramos cercados de  piedras con viejas  puertas desvencijadas que forman parte ya del paisaje porque la fronda los ha recubierto  despu\u00e9s de mucho tiempo de abandono.<br \/>\nCerca del r\u00edo el bosque es una mara\u00f1a de  broza y  matorrales, lianas cuyos tallos sarmentosos van ascendiendo por los \u00e1rboles y van abrazando a todo lo que hay a su alrededor, hiedras que  se extienden y progresan a nivel del suelo pero en cuanto tienen ocasi\u00f3n comienza a trepar tambi\u00e9n por \u00e1rboles, rocas y construcciones.<br \/>\n<img loading=\"lazy\" decoding=\"async\" src=\"http:\/\/soriapasoapaso.es\/wp-content\/uploads\/2018\/04\/CIMG5695-300x225.jpg\" alt=\"\" width=\"300\" height=\"225\" class=\"aligncenter size-medium wp-image-2513\" \/><br \/>\nGrandes hayas con ins\u00f3litas formas y llamativas oquedades  semicubiertas tambi\u00e9n de  hiedra y musgo o que desaf\u00edan a al gravedad naciendo entre las rocas.<br \/>\nPeque\u00f1os detalles que encontramos  en el sendero y sus aleda\u00f1os como  brotes j\u00f3venes y diminutos entre las diferentes plantas, las primeras flores que empiezan a desperezar en el campo, de repente una parte descendente del camino tunelizada por  la maleza y los arbustos  que nos parece bella y sorprendente y en la que nos queremos  hacer una foto, peque\u00f1os asientos en la vereda del camino, un diminuto y escondido buz\u00f3n de recetas que encuentra uno de nuestros compa\u00f1eros \u2026.el sue\u00f1o de cualquier senderista.<br \/>\nAtravesamos otro puente sobre el Ebro y subimos al pueblo d\u00f3nde nos aguarda una estupenda comida y la fama,  porque nos est\u00e1 esperando el equipo de\u201d Comando actualidad\u201d en el restaurante.<br \/>\n<img loading=\"lazy\" decoding=\"async\" src=\"http:\/\/soriapasoapaso.es\/wp-content\/uploads\/2018\/04\/CIMG5705-300x225.jpg\" alt=\"\" width=\"300\" height=\"225\" class=\"aligncenter size-medium wp-image-2514\" \/><\/p>\n<p><figure id=\"attachment_2515\" aria-describedby=\"caption-attachment-2515\" style=\"width: 225px\" class=\"wp-caption aligncenter\"><img loading=\"lazy\" decoding=\"async\" src=\"http:\/\/soriapasoapaso.es\/wp-content\/uploads\/2018\/04\/IMG_20180407_155625-225x300.jpg\" alt=\"\" width=\"225\" height=\"300\" class=\"size-medium wp-image-2515\" \/><figcaption id=\"caption-attachment-2515\" class=\"wp-caption-text\">sdr<\/figcaption><\/figure><br \/>\nLa lluvia ha comenzado a caer con fuerza pero la observamos desde la ventana mientras degustamos una sabrosa comida.<br \/>\nRepuestos y descansados nos disponemos a descubrir  los pormenores  de Orbaneja que ahora ya est\u00e1 saturada de gente. Subimos a la cornisa natural que nos ofrece la monta\u00f1a que preside el pueblo para observarlo desde otra perspectiva y nos sigue fascinando el relieve ruiniforme que corona el valle, recorremos sus estrechas calles disfrutando de su arquitectura popular bien conservada , con casas  api\u00f1adas que no son de mucha altura y que se estilizan con elegantes solanas de madera, la mamposter\u00eda caliza est\u00e1 en la parte inferior de las edificaciones y sirve como aislante para la humedad, canecillos labrados  en los aleros, mamposter\u00eda rodeando  puertas y ventanas talladas con s\u00edmbolos y dibujos, aperos de labranza y ganaderos colgando de las paredes de las casas en forma de museo.<br \/>\n<img loading=\"lazy\" decoding=\"async\" src=\"http:\/\/soriapasoapaso.es\/wp-content\/uploads\/2018\/04\/CIMG5717-300x225.jpg\" alt=\"\" width=\"300\" height=\"225\" class=\"aligncenter size-medium wp-image-2521\" \/><br \/>\nQueremos ver el detalle de la surgencia de este caudal permanente y nos acercamos a la \u201cCueva del agua \u201cque es una caverna que se abre en el cantil rocoso central del pueblo y por donde salen de forma natural las aguas subterr\u00e1neas de un acu\u00edfero situado en el subsuelo del p\u00e1ramo de Bricia. Descendemos por el pueblo que est\u00e1 en permanente cuesta  y vemos antiguos molinos harineros (hubo cinco) que eran movidos por estas aguas. Visitamos tambi\u00e9n algunas tiendas y compramos queso de Ruerrero que es un pueblo situado a unos 10 km. de Orbaneja del Castillo<br \/>\nUn \u00faltimo vistazo a la cascada que nace en la cueva del agua y que vierte sus aguas en el viejo Ebro, para recrearnos nuevamente con su fluido bajando entre tobas forradas de musgo y su estanque de agua turquesa y transparente; comienza a atardecer y alguna luz ya se va encendiendo en el pueblo.<br \/>\nNuestro autob\u00fas no toma camino de Soria si no que se dirige hacia el norte, d\u00f3nde nos han preparado una \u00faltima sorpresa. Tras ascender por una tortuosa  carretera<br \/>\n (BU-V-5143) por cuyas curvas cerradas y estrechas nos parec\u00eda imposible que pudiera pasar nuestro autob\u00fas, llegamos a un ca\u00f1\u00f3n de m\u00e1s de 200m de profundidad que el r\u00edo ha abierto en el p\u00e1ramo de Lora y desde su balc\u00f3n sacamos unas fotos vertiginosas. Al fondo a mano izquierda divisamos Pesquera de Ebro. Un cartel explicativo nos dice que estamos en el parque Natural\u201dHoces del Alto Ebro y Rudr\u00f3n\u201d que est\u00e1 declarado como Zona Especial de protecci\u00f3n para aves, mart\u00edn pescador, garza real, mirlo acu\u00e1tico, halc\u00f3n peregrino, vencejo real\u2026 son algunas de las aves que  habitan estos acantilados  y precipicios que enca\u00f1onan a un todav\u00eda joven Ebro.<br \/>\n<figure id=\"attachment_2517\" aria-describedby=\"caption-attachment-2517\" style=\"width: 300px\" class=\"wp-caption aligncenter\"><img loading=\"lazy\" decoding=\"async\" src=\"http:\/\/soriapasoapaso.es\/wp-content\/uploads\/2018\/04\/IMG_20180407_184031-300x225.jpg\" alt=\"\" width=\"300\" height=\"225\" class=\"size-medium wp-image-2517\" \/><figcaption id=\"caption-attachment-2517\" class=\"wp-caption-text\">sdr<\/figcaption><\/figure><br \/>\nVolvemos a Soria cansados f\u00edsicamente pero felices por este d\u00eda tan estupendo en el que hemos visto lugares \u00fanicos y con gran belleza.<br \/>\n<img loading=\"lazy\" decoding=\"async\" src=\"http:\/\/soriapasoapaso.es\/wp-content\/uploads\/2018\/04\/CIMG5604-1-300x225.jpg\" alt=\"\" width=\"300\" height=\"225\" class=\"aligncenter size-medium wp-image-2518\" \/><br \/>\nY si quer\u00e9is seguir caminando por lugares fascinantes y descubriendo rincones asombrosos y  maravillosos, no os perd\u00e1is la siguiente ruta de Soria Paso a  Paso.<\/p>\n<p>Emi<\/p>\n","protected":false},"excerpt":{"rendered":"<p>Soria paso a paso abandona hoy su provincia y a su querido R\u00edo Duero para irse a caminar junto al R\u00edo Ebro. Dejamos atr\u00e1s una lluviosa ma\u00f1ana Soriana mientras nos vamos alejando con el autob\u00fas hacia Burgos, porque la ruta de hoy est\u00e1 proyectada en la Comarca de los P\u00e1ramos, <\/p>\n<p><a class=\"read-more\" href=\"https:\/\/soriapasoapaso.es\/?p=2500\">Read More<\/a><\/p>\n","protected":false},"author":1,"featured_media":0,"comment_status":"open","ping_status":"open","sticky":false,"template":"","format":"standard","meta":{"footnotes":""},"categories":[21,1],"tags":[],"class_list":["post-2500","post","type-post","status-publish","format-standard","hentry","category-rutas","category-uncategorized"],"_links":{"self":[{"href":"https:\/\/soriapasoapaso.es\/index.php?rest_route=\/wp\/v2\/posts\/2500","targetHints":{"allow":["GET"]}}],"collection":[{"href":"https:\/\/soriapasoapaso.es\/index.php?rest_route=\/wp\/v2\/posts"}],"about":[{"href":"https:\/\/soriapasoapaso.es\/index.php?rest_route=\/wp\/v2\/types\/post"}],"author":[{"embeddable":true,"href":"https:\/\/soriapasoapaso.es\/index.php?rest_route=\/wp\/v2\/users\/1"}],"replies":[{"embeddable":true,"href":"https:\/\/soriapasoapaso.es\/index.php?rest_route=%2Fwp%2Fv2%2Fcomments&post=2500"}],"version-history":[{"count":2,"href":"https:\/\/soriapasoapaso.es\/index.php?rest_route=\/wp\/v2\/posts\/2500\/revisions"}],"predecessor-version":[{"id":2522,"href":"https:\/\/soriapasoapaso.es\/index.php?rest_route=\/wp\/v2\/posts\/2500\/revisions\/2522"}],"wp:attachment":[{"href":"https:\/\/soriapasoapaso.es\/index.php?rest_route=%2Fwp%2Fv2%2Fmedia&parent=2500"}],"wp:term":[{"taxonomy":"category","embeddable":true,"href":"https:\/\/soriapasoapaso.es\/index.php?rest_route=%2Fwp%2Fv2%2Fcategories&post=2500"},{"taxonomy":"post_tag","embeddable":true,"href":"https:\/\/soriapasoapaso.es\/index.php?rest_route=%2Fwp%2Fv2%2Ftags&post=2500"}],"curies":[{"name":"wp","href":"https:\/\/api.w.org\/{rel}","templated":true}]}}