{"id":2188,"date":"2018-03-04T11:30:10","date_gmt":"2018-03-04T10:30:10","guid":{"rendered":"http:\/\/soriapasoapaso.es\/?p=2188"},"modified":"2018-12-26T13:22:33","modified_gmt":"2018-12-26T12:22:33","slug":"somaen","status":"publish","type":"post","link":"https:\/\/soriapasoapaso.es\/?p=2188","title":{"rendered":"SOMA\u00c9N"},"content":{"rendered":"<p>SOMA\u00c9N RUTA CIRCULAR<br \/>\nDiecinueve miembros de Soria Paso a Paso, con una temperatura aproximada de 7 grados bajo cero, iniciamos la ruta prevista para el 25 de febrero de 2018 en Soma\u00e9n, perteneciente al Ayuntamiento de Arcos de Jal\u00f3n. No visitaremos el pueblo todav\u00eda pero lo que vemos es precioso, casas de tonos ocres escalonadas en la ladera de un cerro formado por la hoz del r\u00edo Jal\u00f3n, rodeado de hoyas y grandes pe\u00f1as.<br \/>\nEs una tierra cuyos restos arqueol\u00f3gicos se remontan nada menos que 4600 a\u00f1os seg\u00fan las pruebas de Carbono-14 realizadas en el yacimiento de la Cueva de la Mora, que contiene material campaniforme que se\u00f1ala una cultura del Eneol\u00edtico-Bronce hacia el 2600 a. C. dataci\u00f3n anterior a la habitual. Siendo, hasta la fecha el m\u00e1s antiguo de la pen\u00ednsula ib\u00e9rica.<br \/>\nPensemos en la relevancia de lo expuesto, puesto que la Pen\u00ednsula Ib\u00e9rica fue la cuna de la cultura campaniforme que supuso una revoluci\u00f3n art\u00edstica y social que se extendi\u00f3 por toda Europa.<br \/>\n<img loading=\"lazy\" decoding=\"async\" src=\"http:\/\/soriapasoapaso.es\/wp-content\/uploads\/2018\/03\/1-Soma\u00e9n-300x226.jpg\" alt=\"\" width=\"300\" height=\"226\" class=\"aligncenter size-medium wp-image-2192\" \/><\/p>\n<p>Dejemos la historia, que he comenzado muy pronto con ella pero creo que no pod\u00eda dejar de se\u00f1alar un dato tan importante y desconocido para los sorianos.<br \/>\nPor cierto, casi 5000 a\u00f1os m\u00e1s tarde esta tierra roja contin\u00faa siendo bien valorada por los alfareros, nuestra compa\u00f1era Ana nos comentaba que no hace muchos a\u00f1os ven\u00edan desde la comarca de Calatayud para abastecerse de arcilla de esta zona. Tampoco la tienen demasiado lejos,<br \/>\nSoma\u00e9n est\u00e1 muy cerca de las provincias de Zaragoza y de Guadalajara.<br \/>\nIniciamos la marcha siguiendo el trazado de la carretera, el paisaje est\u00e1 blanco, cubierto de escarcha.<br \/>\nBlanco tambi\u00e9n es el nombre del r\u00edo que vamos a ir encontrando, nutre una  Central hidroel\u00e9ctrica y muy cerca hay, aunque no la hemos visto, una necr\u00f3polis rupestre con tumbas antropomorfas.<\/p>\n<p><img loading=\"lazy\" decoding=\"async\" src=\"http:\/\/soriapasoapaso.es\/wp-content\/uploads\/2018\/03\/2-Monte-300x225.jpg\" alt=\"\" width=\"300\" height=\"225\" class=\"aligncenter size-medium wp-image-2193\" \/><br \/>\nCaminamos por el arc\u00e9n de la carretera, a continuaci\u00f3n ascendemos monte a trav\u00e9s y aproximadamente 5 km despu\u00e9s de salir entramos en una pista que nos llevar\u00e1 a Velilla de Medinaceli, por el camino en una conversaci\u00f3n mantenida con el compa\u00f1ero Agnelo, al que le gusta el mundo de las palabras tanto como a m\u00ed, nos pregunt\u00e1bamos por la toponimia de Velilla, ya que hay varias en Soria y por supuesto en otras provincias. Pues bien, su top\u00f3nimo como \u00abVilliela\u00bb aparece documentado ya en 1197, y es lo mismo que \u201cvillilla\u201d o villa peque\u00f1a.<br \/>\nSubiendo por la Cuesta de las Zorras llegamos a Velilla de Medinaceli. All\u00ed almorzamos nuestros bocadillos o fruta, m\u00e1s frutos secos, chocolate, la acostumbrada y exquisita tortilla\u2026 y caf\u00e9, en esta ocasi\u00f3n finalizando con un chupito de moscatel, obsequio de Juli\u00e1n por su cumplea\u00f1os.<\/p>\n<p><img loading=\"lazy\" decoding=\"async\" src=\"http:\/\/soriapasoapaso.es\/wp-content\/uploads\/2018\/03\/3-Velilla-300x200.jpg\" alt=\"\" width=\"300\" height=\"200\" class=\"aligncenter size-medium wp-image-2194\" \/><br \/>\nAntes de abandonar  la peque\u00f1a villa, unos interesantes datos que encuentro en internet: En 1812 naci\u00f3 en Velilla el compositor Joaqu\u00edn Esp\u00edn y Guill\u00e9n, fundador de la primera revista musicol\u00f3gica espa\u00f1ola y organista de la Real Capilla. Se cas\u00f3 con la sobrina de una soprano casada con el gran Rossini,  quien le puso en contacto con Verdi. Adem\u00e1s, la hija de este velillense, Julia, fue el gran amor plat\u00f3nico -no correspondido- de Gustavo Adolfo B\u00e9cquer.<br \/>\nCurioso, aunque a ninguna la conociera en Soria, tanto Julia Esp\u00edn como Casta Esteban eran de origen soriano.<br \/>\nSalimos a la pista y desde la salida del pueblo vamos encontrando las cruces de piedra que marcar\u00e1n un Via Crucis, a unos 3 km nos desviamos para llegar a la Chorronera, un salto de las aguas del r\u00edo Blanco de unos 20m. Durante unos momentos dudamos de su ubicaci\u00f3n, deb\u00eda escucharse ya el sonido del agua\u2026 Fue impresionante la imagen que encontramos momentos despu\u00e9s, una cascada con sus aguas congeladas en plena ca\u00edda, absolutamente espectacular.<br \/>\n<img loading=\"lazy\" decoding=\"async\" src=\"http:\/\/soriapasoapaso.es\/wp-content\/uploads\/2018\/03\/4-La-chorronera-300x225.jpg\" alt=\"\" width=\"300\" height=\"225\" class=\"aligncenter size-medium wp-image-2195\" \/><\/p>\n<p>Estuvimos un ratito disfrutando del entorno y regresamos a Velilla. Seguimos por la pista en direcci\u00f3n a Avenales, pasando por el Collado de los Barrancos, hasta encontrar el mencionado pueblito. Est\u00e1 totalmente aislado, ni una carretera a la vista\u2026 sus casas y su iglesia est\u00e1n derruidas, dejando entrever los pedazos de una vida ya olvidada, pasamos por sus calles viviendo y fotografiando una vez m\u00e1s el abandono de nuestros pueblos.<br \/>\n\u00bfCausas? Adem\u00e1s de las habituales, en este caso se sumar\u00eda que posiblemente no lleg\u00f3 a tener servicios de luz el\u00e9ctrica ni agua corriente, puesto que en su momento el alcalde del pueblo consider\u00f3 que era mejor negar el progreso a sus convecinos y continuaron a la luz de las velas y abasteci\u00e9ndose del agua de las fuentes.<\/p>\n<p><img loading=\"lazy\" decoding=\"async\" src=\"http:\/\/soriapasoapaso.es\/wp-content\/uploads\/2018\/03\/5-Avenales-300x226.jpg\" alt=\"\" width=\"300\" height=\"226\" class=\"aligncenter size-medium wp-image-2196\" \/><br \/>\nSiguiendo con los topon\u00edmicos que hemos iniciado con Velilla he le\u00eddo que sus campos de avena pudieron dar nombre al pueblo, aunque pienso que es m\u00e1s factible que Avenales derive del verbo avenar o dar salida al agua, por las numerosas fuentes que siempre han formado parte de su entorno.<br \/>\nPoco despu\u00e9s de dejar el pueblo nos adentramos en un peque\u00f1o ca\u00f1\u00f3n y si durante el camino hemos ido viendo barrancos, pe\u00f1ascales de arcilla y carrascas, aqu\u00ed son protagonistas absolutos, caminamos por una estrecha senda, no hay p\u00e9rdida porque a la izquierda cierran altas paredes rocosas y a la derecha se abre el abismo, al otro lado del barranco se alzan grandes roquedales ocres y al fondo corre el arroyo del Salobral de Avenales.<br \/>\nEstamos en la parte alta del barranco de Avenales o del Salobral y hemos de ir descendiendo por un camino serpenteante que queda interrumpido una y otra vez por ramas de carrasca que hay que levantar o pasar por encima porque no hay espacio para evitarlas. Se han ido desgajando, tronchadas quiz\u00e1 por el peso de la nieve que ha ca\u00eddo recientemente.<br \/>\nEl camino es realmente bonito, adem\u00e1s del fant\u00e1stico paisaje que podemos admirar al fondo y otro lado del barranco, en nuestro caminar se hacen presentes las carrascas, las rocas cubiertas de musgo, la tierra que pisamos intensamente roja\u2026<\/p>\n<p><img loading=\"lazy\" decoding=\"async\" src=\"http:\/\/soriapasoapaso.es\/wp-content\/uploads\/2018\/03\/6-Barranco-300x200.jpg\" alt=\"\" width=\"300\" height=\"200\" class=\"aligncenter size-medium wp-image-2197\" \/><br \/>\nCuando ya hemos atravesado casi todo el barranco el camino se ensancha y est\u00e1 limpio de ramas, tambi\u00e9n la tierra es cada vez m\u00e1s clara, hasta que estamos a la par del paisaje que ve\u00edamos al fondo del barranco.<br \/>\nNo queda ya mucho para llegar a Soma\u00e9n, entramos atravesando las v\u00edas del tren, l\u00ednea convencional (doble v\u00eda) que une Madrid con Barcelona y contin\u00faa a Francia, en una provincia con un \u00fanico tren, de v\u00eda estrecha y que sufre mil peripecias y retrasos hasta llegar a Madrid.<br \/>\n<img loading=\"lazy\" decoding=\"async\" src=\"http:\/\/soriapasoapaso.es\/wp-content\/uploads\/2018\/03\/7-AVE-300x200.jpg\" alt=\"\" width=\"300\" height=\"200\" class=\"aligncenter size-medium wp-image-2198\" \/><\/p>\n<p>Para Soma\u00e9n no encontramos top\u00f3nimo, es una palabra de origen desconocido, tal vez \u00e1rabe y tampoco sabemos de los antecedentes del castillo que vemos sobre el cerro y que fue levantado en \u00e9poca ya un poco tard\u00eda, a finales del siglo XIV por el primer conde de Medinaceli, Bernard de Bearn.<br \/>\nActualmente es un precioso hotel, se salv\u00f3 del incendio provocado por el ej\u00e9rcito napole\u00f3nico en la localidad, no as\u00ed el palacio ducal.<br \/>\nEn nuestra subida no llegamos hasta all\u00ed y la concluimos en el barrio alto, una zona residencial donde se han construido varias casas a cual m\u00e1s interesante, colores rojizos, dise\u00f1os modernos y funcionales que integran elementos antiguos como vigas, ventanas y portones antiguos, algunos pertenecientes a conventos.<br \/>\nPasamos por la zona de ocio del hotel y entramos por la puerta abierta que lleva a un mirador en el que nos detenemos para contemplar el magn\u00edfico paisaje que nos rodea y que est\u00e1 bajo nuestros pies, podemos ver y sentir la gran altura a la que nos hallamos a trav\u00e9s un suelo de material transparente. <\/p>\n<p><img loading=\"lazy\" decoding=\"async\" src=\"http:\/\/soriapasoapaso.es\/wp-content\/uploads\/2018\/03\/8-Soma\u00e9n-grupo-300x200.jpg\" alt=\"\" width=\"300\" height=\"200\" class=\"aligncenter size-medium wp-image-2199\" \/><br \/>\nBajamos por estrechas y empinadas calles hasta llegar a la fuente, pasando ante un par de casas rurales. Antes de poner rumbo a Soria felicitamos nuevamente a Juli\u00e1n con canci\u00f3n incluida y le entregamos un detalle \u00bfQui\u00e9n es Juli\u00e1n? Adem\u00e1s de ser una persona excepcional, es el miembro del grupo de m\u00e1s edad y uno de los m\u00e1s activos, participa en casi todas las salidas y, con \u00c1ngel nuestro querido Sherpa, se patean la provincia buscando nuevas rutas para el grupo. Nuestro agradecimiento para ambos.<br \/>\nY ahora s\u00ed, ponemos rumbo a Soria, dando por finalizada una ruta preciosa y realmente interesante.<\/p>\n<p>Ana Mar\u00eda A.<br \/>\nSoria, 25 de febrero de 2018<\/p>\n","protected":false},"excerpt":{"rendered":"<p>SOMA\u00c9N RUTA CIRCULAR Diecinueve miembros de Soria Paso a Paso, con una temperatura aproximada de 7 grados bajo cero, iniciamos la ruta prevista para el 25 de febrero de 2018 en Soma\u00e9n, perteneciente al Ayuntamiento de Arcos de Jal\u00f3n. No visitaremos el pueblo todav\u00eda pero lo que vemos es precioso, <\/p>\n<p><a class=\"read-more\" href=\"https:\/\/soriapasoapaso.es\/?p=2188\">Read More<\/a><\/p>\n","protected":false},"author":1,"featured_media":0,"comment_status":"open","ping_status":"open","sticky":false,"template":"","format":"standard","meta":{"footnotes":""},"categories":[21,1],"tags":[],"class_list":["post-2188","post","type-post","status-publish","format-standard","hentry","category-rutas","category-uncategorized"],"_links":{"self":[{"href":"https:\/\/soriapasoapaso.es\/index.php?rest_route=\/wp\/v2\/posts\/2188","targetHints":{"allow":["GET"]}}],"collection":[{"href":"https:\/\/soriapasoapaso.es\/index.php?rest_route=\/wp\/v2\/posts"}],"about":[{"href":"https:\/\/soriapasoapaso.es\/index.php?rest_route=\/wp\/v2\/types\/post"}],"author":[{"embeddable":true,"href":"https:\/\/soriapasoapaso.es\/index.php?rest_route=\/wp\/v2\/users\/1"}],"replies":[{"embeddable":true,"href":"https:\/\/soriapasoapaso.es\/index.php?rest_route=%2Fwp%2Fv2%2Fcomments&post=2188"}],"version-history":[{"count":4,"href":"https:\/\/soriapasoapaso.es\/index.php?rest_route=\/wp\/v2\/posts\/2188\/revisions"}],"predecessor-version":[{"id":2190,"href":"https:\/\/soriapasoapaso.es\/index.php?rest_route=\/wp\/v2\/posts\/2188\/revisions\/2190"}],"wp:attachment":[{"href":"https:\/\/soriapasoapaso.es\/index.php?rest_route=%2Fwp%2Fv2%2Fmedia&parent=2188"}],"wp:term":[{"taxonomy":"category","embeddable":true,"href":"https:\/\/soriapasoapaso.es\/index.php?rest_route=%2Fwp%2Fv2%2Fcategories&post=2188"},{"taxonomy":"post_tag","embeddable":true,"href":"https:\/\/soriapasoapaso.es\/index.php?rest_route=%2Fwp%2Fv2%2Ftags&post=2188"}],"curies":[{"name":"wp","href":"https:\/\/api.w.org\/{rel}","templated":true}]}}