{"id":2160,"date":"2018-02-21T20:43:20","date_gmt":"2018-02-21T19:43:20","guid":{"rendered":"http:\/\/soriapasoapaso.es\/?p=2160"},"modified":"2018-12-26T13:22:33","modified_gmt":"2018-12-26T12:22:33","slug":"ruta-circular-por-soria-pasando-por-golmayo","status":"publish","type":"post","link":"https:\/\/soriapasoapaso.es\/?p=2160","title":{"rendered":"Ruta circular por SORIA, pasando por Golmayo."},"content":{"rendered":"<p> \u00bfQu\u00e9 os parece si nos vamos a caminar alrededor de Soria capital?<br \/>\n Esta es una pr\u00e1ctica a la que Soria paso a paso nos hemos acostumbrado y en este s\u00e1bado 17 de Febrero nos vamos a  hacer nuestra ruta llegando a Golmayo y al Pinarcillo .Hoy de nuevo nos acompa\u00f1a Zar y todos le damos la bienvenida.<br \/>\nEmpezamos nuestra andadura desde nuestro punto de encuentro en el Lago, en una ma\u00f1ana nublada y con temperatura agradable, por caminos estrechos y embarrados,  en un campo despejado y salpicado con alguna encina,<img loading=\"lazy\" decoding=\"async\" src=\"http:\/\/soriapasoapaso.es\/wp-content\/uploads\/2018\/02\/IMG_20180217_091116-225x300.jpg\" alt=\"\" width=\"225\" height=\"300\" class=\"aligncenter size-medium wp-image-2161\" \/> hasta la reci\u00e9n construida v\u00eda verde, antiguo trazado de la v\u00eda f\u00e9rrea  Santander \u2013Mediterr\u00e1neo.<br \/>\n<img loading=\"lazy\" decoding=\"async\" src=\"http:\/\/soriapasoapaso.es\/wp-content\/uploads\/2018\/02\/IMG_20180217_093234-225x300.jpg\" alt=\"\" width=\"225\" height=\"300\" class=\"aligncenter size-medium wp-image-2162\" \/><br \/>\nEsta l\u00ednea f\u00e9rrea naci\u00f3 con la intenci\u00f3n de unir los puertos de Santander y Valencia, a principios del s.XX en una \u00e9poca de gran impulso ferroviario y era una de las mejores l\u00edneas europeas del momento. Los trabajos se suspendieron en 1959  y en 1985 fue clausurada definitivamente, tras una larga agon\u00eda provocada por una mala explotaci\u00f3n y su falta de mantenimiento.<br \/>\n<figure id=\"attachment_2163\" aria-describedby=\"caption-attachment-2163\" style=\"width: 300px\" class=\"wp-caption aligncenter\"><img loading=\"lazy\" decoding=\"async\" src=\"http:\/\/soriapasoapaso.es\/wp-content\/uploads\/2018\/02\/IMG_20180217_093951-300x225.jpg\" alt=\"\" width=\"300\" height=\"225\" class=\"size-medium wp-image-2163\" \/><figcaption id=\"caption-attachment-2163\" class=\"wp-caption-text\">oznor<\/figcaption><\/figure><br \/>\n En cuanto caemos sobre este camino de tierra y antigua v\u00eda del tren podemos ver a las queridas y populares cig\u00fce\u00f1as, unas en los campos reci\u00e9n labrados y otras en sus nidos; al estar los \u00e1rboles desnudos se ven perfectamente sus peque\u00f1as construcciones y el mu\u00e9rdago cuelga tambi\u00e9n solitario de las ramas de los despojados chopos que crecen  al lado del R\u00edo Golmayo al que afortunadamente no le falta caudal.<br \/>\n Caminamos y pensamos que quiz\u00e1 nos gustar\u00eda mas pasar  por aqu\u00ed en tren que caminando, pero no se pueden cambiar los acontecimientos pasados por lo que disfrutamos del f\u00e9rreo paseo hasta que lo abandonamos para alcanzar Golmayo.<br \/>\n<figure id=\"attachment_2164\" aria-describedby=\"caption-attachment-2164\" style=\"width: 300px\" class=\"wp-caption aligncenter\"><img loading=\"lazy\" decoding=\"async\" src=\"http:\/\/soriapasoapaso.es\/wp-content\/uploads\/2018\/02\/IMG_20180217_101329-300x225.jpg\" alt=\"\" width=\"300\" height=\"225\" class=\"size-medium wp-image-2164\" \/><figcaption id=\"caption-attachment-2164\" class=\"wp-caption-text\">sdr<\/figcaption><\/figure><br \/>\n Entramos en este  pueblo situado en plena sierra de San Marcos y atravesamos la nacional 122 para llegar a un parque con columpios infantiles y gimnasio para mayores. Golmayo est\u00e1 despoblado a esta temprana hora en esta invernal ma\u00f1ana. El  puente romano de dos ojos, simple en su estructura y con sillares de caliza ,bien conservado o reconstruido, sobre el r\u00edo Golmayo nuevamente,  nos encanta, por lo que  nos hacemos una foto,  unos sobre y otros bajo \u00e9l. Recordamos a nuestro Juli\u00e1n en el d\u00eda de su cumplea\u00f1os y le mandamos esta foto grupal para felicitarlo.<br \/>\n<figure id=\"attachment_2165\" aria-describedby=\"caption-attachment-2165\" style=\"width: 300px\" class=\"wp-caption aligncenter\"><img loading=\"lazy\" decoding=\"async\" src=\"http:\/\/soriapasoapaso.es\/wp-content\/uploads\/2018\/02\/IMG_20180217_101518-300x225.jpg\" alt=\"\" width=\"300\" height=\"225\" class=\"size-medium wp-image-2165\" \/><figcaption id=\"caption-attachment-2165\" class=\"wp-caption-text\">sdr<\/figcaption><\/figure><br \/>\nUn sarc\u00f3fago monol\u00edtico hace las veces de abrevadero en una fuente.<br \/>\nAtravesamos Golmayo por una urbanizaci\u00f3n con casas y jardines que nos parecen lujosos y  magn\u00edficos y aparecemos  en un bosque de robles entre rocas con un suelo esponjado por el musgo y la hojarasca; tenemos que atravesar una zona ganadera, en la que no vemos animal alguno pero si sus restos pero  un conejo atraviesa el campo  y Zar sale disparado a por \u00e9l. Al despejarse los robles podemos ver el Pico Frentes a lo lejos y la v\u00eda verde queda a nuestra izquierda y los ciclistas transitan por ella.<br \/>\n<figure id=\"attachment_2166\" aria-describedby=\"caption-attachment-2166\" style=\"width: 300px\" class=\"wp-caption aligncenter\"><img loading=\"lazy\" decoding=\"async\" src=\"http:\/\/soriapasoapaso.es\/wp-content\/uploads\/2018\/02\/IMG_20180217_110209-300x225.jpg\" alt=\"\" width=\"300\" height=\"225\" class=\"size-medium wp-image-2166\" \/><figcaption id=\"caption-attachment-2166\" class=\"wp-caption-text\">sdr<\/figcaption><\/figure><br \/>\nEs una zona ideal para tomar nuestro almuerzo y para charlar un rato. Unos en pi\u00e9, otros sentados tomamos nuestros bocatas y zar revolotea a nuestro alrededor olisqueando nuestros alimentos  pero no le gusta nada de lo que le ofrecemos. El perro de Feli  est\u00e1 atento a todos nosotros y si alguien se separa del grupo va detr\u00e1s de esa persona hasta que vuelve al redil, adem\u00e1s es un perro muy obediente y el grupo se enriquece con su compa\u00f1\u00eda.<br \/>\nEl siguiente tramo es otra vez un bosque de roble d\u00f3nde ya se  empieza a percibir el olor del tomillo salsero y tras pasar un alambrado perdemos de vista a los robles para darnos  de bruces con los pinos.<br \/>\n<img loading=\"lazy\" decoding=\"async\" src=\"http:\/\/soriapasoapaso.es\/wp-content\/uploads\/2018\/02\/IMG-20180217-WA0024-300x225.jpg\" alt=\"\" width=\"300\" height=\"225\" class=\"aligncenter size-medium wp-image-2167\" \/><br \/>\nNos tropezamos con gente  unos dando un paseo ma\u00f1anero y otros volando su dron. Pasamos otra carretera corriendo, esta vez la que conduce a Burgos(N-234) para entrar en El Pinarcillo,  a las puertas de Valonsadero;  Y ya que estamos aqu\u00ed aprovechamos para dar un paseo delicioso por sus caminos y entre  sus pinos albares de considerable tama\u00f1o, siguiendo la valla  Sanjuanera y recordando la famosa e inigualable Saca Soriana.<br \/>\n<img loading=\"lazy\" decoding=\"async\" src=\"http:\/\/soriapasoapaso.es\/wp-content\/uploads\/2018\/02\/IMG-20180217-WA0017-300x225.jpg\" alt=\"\" width=\"300\" height=\"225\" class=\"aligncenter size-medium wp-image-2168\" \/><br \/>\nYa vamos acabando nuestra ruta, solo nos resta caminar por otro territorio despejado, entre  campos, en los que ya podemos ver alg\u00fan verdor, las nubes se espesan y comienza a caer alguna gota de agua .De frente, nuestra ciudad y a nuestra izquierda la c\u00e1rcel nueva y los montes y monta\u00f1as semicubiertos por los nubarrones.<br \/>\n<figure id=\"attachment_2169\" aria-describedby=\"caption-attachment-2169\" style=\"width: 300px\" class=\"wp-caption aligncenter\"><img loading=\"lazy\" decoding=\"async\" src=\"http:\/\/soriapasoapaso.es\/wp-content\/uploads\/2018\/02\/IMG_20180217_130334-300x225.jpg\" alt=\"\" width=\"300\" height=\"225\" class=\"size-medium wp-image-2169\" \/><figcaption id=\"caption-attachment-2169\" class=\"wp-caption-text\">cof<\/figcaption><\/figure><br \/>\nEntramos de nuevo a la ciudad por el Pol\u00edgono industrial y lo atravesamos hasta llegar a nuestro punto de partida.<br \/>\nMomento de placer con nuestra ca\u00f1a o nuestro vinito, el palique y el balance de la ma\u00f1ana rutera :\u00bfQu\u00e9 opin\u00e1is del recorrido de hoy?<br \/>\n Beneficioso para nuestra salud, agradable ambiente, grata compa\u00f1\u00eda, c\u00f3modo camino, cercano paraje. <\/p>\n<p>Soria, 17 febrero 2018<\/p>\n<p>EMI<\/p>\n","protected":false},"excerpt":{"rendered":"<p>\u00bfQu\u00e9 os parece si nos vamos a caminar alrededor de Soria capital? Esta es una pr\u00e1ctica a la que Soria paso a paso nos hemos acostumbrado y en este s\u00e1bado 17 de Febrero nos vamos a hacer nuestra ruta llegando a Golmayo y al Pinarcillo .Hoy de nuevo nos acompa\u00f1a <\/p>\n<p><a class=\"read-more\" href=\"https:\/\/soriapasoapaso.es\/?p=2160\">Read More<\/a><\/p>\n","protected":false},"author":1,"featured_media":0,"comment_status":"open","ping_status":"open","sticky":false,"template":"","format":"standard","meta":{"footnotes":""},"categories":[21,1],"tags":[],"class_list":["post-2160","post","type-post","status-publish","format-standard","hentry","category-rutas","category-uncategorized"],"_links":{"self":[{"href":"https:\/\/soriapasoapaso.es\/index.php?rest_route=\/wp\/v2\/posts\/2160","targetHints":{"allow":["GET"]}}],"collection":[{"href":"https:\/\/soriapasoapaso.es\/index.php?rest_route=\/wp\/v2\/posts"}],"about":[{"href":"https:\/\/soriapasoapaso.es\/index.php?rest_route=\/wp\/v2\/types\/post"}],"author":[{"embeddable":true,"href":"https:\/\/soriapasoapaso.es\/index.php?rest_route=\/wp\/v2\/users\/1"}],"replies":[{"embeddable":true,"href":"https:\/\/soriapasoapaso.es\/index.php?rest_route=%2Fwp%2Fv2%2Fcomments&post=2160"}],"version-history":[{"count":1,"href":"https:\/\/soriapasoapaso.es\/index.php?rest_route=\/wp\/v2\/posts\/2160\/revisions"}],"predecessor-version":[{"id":2170,"href":"https:\/\/soriapasoapaso.es\/index.php?rest_route=\/wp\/v2\/posts\/2160\/revisions\/2170"}],"wp:attachment":[{"href":"https:\/\/soriapasoapaso.es\/index.php?rest_route=%2Fwp%2Fv2%2Fmedia&parent=2160"}],"wp:term":[{"taxonomy":"category","embeddable":true,"href":"https:\/\/soriapasoapaso.es\/index.php?rest_route=%2Fwp%2Fv2%2Fcategories&post=2160"},{"taxonomy":"post_tag","embeddable":true,"href":"https:\/\/soriapasoapaso.es\/index.php?rest_route=%2Fwp%2Fv2%2Ftags&post=2160"}],"curies":[{"name":"wp","href":"https:\/\/api.w.org\/{rel}","templated":true}]}}