{"id":1976,"date":"2018-02-01T11:10:06","date_gmt":"2018-02-01T10:10:06","guid":{"rendered":"http:\/\/soriapasoapaso.es\/?p=1976"},"modified":"2018-12-26T13:22:33","modified_gmt":"2018-12-26T12:22:33","slug":"berlanga-de-duero-ermita-de-san-baudelio","status":"publish","type":"post","link":"https:\/\/soriapasoapaso.es\/?p=1976","title":{"rendered":"BERLANGA DE DUERO \u2013 ERMITA DE SAN BAUDELIO"},"content":{"rendered":"<p>El s\u00e1bado 27 de enero salimos 17 miembros de Soria Paso a Paso hacia nuestra ruta semanal, una ruta senderista pero tambi\u00e9n una ruta hacia la historia, hacia el arte y la fantas\u00eda que de todo tienen la villa de Berlanga de Duero, declarada Conjunto Hist\u00f3rico-Monumental\u00a0y la ermita moz\u00e1rabe de San Baudelio.<\/p>\n<p>En Berlanga, punto de inicio de la marcha, mientras algunos se van con los coches al punto de destino otros vamos disfrutando de la arquitectura tradicional hasta llegar a la plaza porticada, una preciosa muestra de la misma. Tomamos un caf\u00e9 r\u00e1pido en el bar La Plaza, el \u00fanico abierto a esa hora temprana y enseguida nos unimos a nuestros compa\u00f1eros junto a la gran chimenea de un antiguo hospital de peregrinos.<\/p>\n<p style=\"text-align: center;\"><img loading=\"lazy\" decoding=\"async\" class=\"aligncenter size-medium wp-image-1977\" src=\"http:\/\/soriapasoapaso.es\/wp-content\/uploads\/2018\/02\/IMG_20180127_093654-168x300.jpg\" alt=\"\" width=\"168\" height=\"300\" \/><\/p>\n<p>Nuestro camino comienza con una vista espectacular, a nuestra vera se alza imponente un castillo edificado en el siglo XV sobre una fortaleza musulmana, un magnifico lienzo de muralla del siglo XII y el palacio renacentista de los duques de Fr\u00edas y marqueses de Berlanga, del que se dice que en sus buenos tiempos ten\u00eda uno de los mejores jardines de Europa, el palacio fue pr\u00e1cticamente destruido durante la guerra de la Independencia y en el momento actual solo queda su fachada y una torre.<\/p>\n<p style=\"text-align: center;\"><img loading=\"lazy\" decoding=\"async\" class=\"aligncenter size-medium wp-image-1980\" src=\"http:\/\/soriapasoapaso.es\/wp-content\/uploads\/2018\/02\/IMG_20180127_095618-300x168.jpg\" alt=\"\" width=\"300\" height=\"168\" \/><\/p>\n<p>Es una ruta sencilla y sin apenas desniveles, siguiendo en todo momento un camino que s\u00f3lo se bifurca una vez hasta llegar a nuestro punto de destino, estamos inmersos en un paisaje invernal sin apenas arbolado, s\u00f3lo al principio algunos chopos, es la tierra de labranza la que domina, sus surcos, los diferentes tonos de marr\u00f3n que en algunas fincas ya comienza a verdear\u2026<\/p>\n<p style=\"text-align: center;\"><img loading=\"lazy\" decoding=\"async\" class=\"aligncenter size-medium wp-image-1981\" src=\"http:\/\/soriapasoapaso.es\/wp-content\/uploads\/2018\/02\/IMG_20180127_101650-300x168.jpg\" alt=\"\" width=\"300\" height=\"168\" \/><\/p>\n<p>En cierto momento vemos a cierta distancia un edificio interesante y en ruinas, pues que est\u00e1 como tantas otras edificaciones singulares en la lista roja de Patrimonio, en cuya web nos informan: \u201cA principios del siglo XVI los marqueses de Berlanga mandaron construir en este paraje la ermita de Santa Mar\u00eda de\u00a0Paredes Albas, nombre que tambi\u00e9n adopt\u00f3 el\u00a0convento\u00a0franciscano que se ados\u00f3 a ella entre 1633 y 1636, con varios terrenos contiguos donde se ubicaba la huerta y un estanque.\u201d<\/p>\n<p>El almuerzo lo realizamos en Casillas de Berlanga y nos detenemos en un centro de turismo rural,\u00a0 con los bocadillos, los caf\u00e9s de Luis y de Alicia, frutos secos\u2026 y la tortilla de Agnelo que triunf\u00f3 una vez m\u00e1s, reponemos energ\u00eda y nos disponemos tambi\u00e9n a dar buena cuenta del \u00faltimo trecho del camino.<\/p>\n<p style=\"text-align: center;\"><img loading=\"lazy\" decoding=\"async\" class=\"aligncenter size-medium wp-image-1982\" src=\"http:\/\/soriapasoapaso.es\/wp-content\/uploads\/2018\/02\/Imagen1-300x201.jpg\" alt=\"\" width=\"300\" height=\"201\" \/><\/p>\n<p>Un tibio sol ha ido deshelando la tierra arcillosa, lo que ha ido tambi\u00e9n dificultando nuestros pasos gran parte del camino, pero llega un momento en que la suela de las botas triplica su tama\u00f1o y su peso es considerable, adem\u00e1s de resbalar much\u00edsimo, pero no hay ning\u00fan contratiempo y seguimos camino.<\/p>\n<p style=\"text-align: center;\"><img loading=\"lazy\" decoding=\"async\" class=\"aligncenter size-medium wp-image-1983\" src=\"http:\/\/soriapasoapaso.es\/wp-content\/uploads\/2018\/02\/IMG_20180127_120029-300x168.jpg\" alt=\"\" width=\"300\" height=\"168\" \/><\/p>\n<p>Al ir ascendiendo el paisaje ha ido cambiando, ya es pleno monte y el romero y su aroma nos envuelve, en la lejan\u00eda algunos compa\u00f1eros ven un peque\u00f1o grupo de corzos que logran fotografiar.<\/p>\n<p>Al doblar la \u00faltima loma vemos una estructura cubica con tejado a cuatro aguas y otra m\u00e1s peque\u00f1a con dos vertientes, ya llegamos a San Baudelio, si no supi\u00e9ramos lo que vamos a encontrar dentro pasar\u00eda casi desapercibida, una humilde ermita en medio del monte, en medio de un paisaje casi des\u00e9rtico, as\u00ed lo debieron de ver quienes construyeron un oasis lleno de fantas\u00eda y color.<\/p>\n<p>Datar la fecha de construcci\u00f3n de la ermita es complicado porque est\u00e1 en plena l\u00ednea fronteriza y se suced\u00edan los periodos en los que esta tierra pertenec\u00eda al bando cristiano o al musulm\u00e1n y podr\u00edan haberla construido en cualquiera de los primeros. Se considera como lo m\u00e1s probable que fuera edificada por constructores moz\u00e1rabes durante el siglo XI, sin embargo hay distintas teor\u00edas, como muy acertadamente nos expuso nuestro presi Luis, y datos para pensar que su origen es anterior y de tradici\u00f3n cenobita.<\/p>\n<p style=\"text-align: center;\"><img loading=\"lazy\" decoding=\"async\" class=\"aligncenter size-medium wp-image-1984\" src=\"http:\/\/soriapasoapaso.es\/wp-content\/uploads\/2018\/02\/IMG_20180127_120815-300x168.jpg\" alt=\"\" width=\"300\" height=\"168\" \/><\/p>\n<p>Est\u00e1 asentada sobre la roca, junto a ella mana una fuente de aguas claras y junto al \u00e1bside hay una peque\u00f1a necr\u00f3polis con tumbas antropomorfas escavadas en la roca.\u00a0 Su entrada principal est\u00e1 orientada al norte y al oeste hay una entrada secundaria.<\/p>\n<p>Por muchas veces que se haya visitado San Baudelio, siempre sorprende. Nada m\u00e1s entrar por la puerta de doble arco de herradura vemos una gran palmera de ocho ramas, es la columna cuyos nervios soportan la b\u00f3veda, y aprovechado el hueco entre ellos se abren unos vanos que dejan ver una peque\u00f1a c\u00e1mara cubierta por una peque\u00f1a c\u00fapula nerviada, espacio que en otros lugares llaman linterna de los muertos, aqu\u00ed no se sabe para que se utilizaba, si para guardar objetos sagrados como las reliquias de su santo titular o para eremitas a lo Sim\u00f3n Estilita.\u200b<\/p>\n<p style=\"text-align: center;\"><img loading=\"lazy\" decoding=\"async\" class=\"aligncenter size-medium wp-image-1985\" src=\"http:\/\/soriapasoapaso.es\/wp-content\/uploads\/2018\/02\/IMG_20180127_121850-300x168.jpg\" alt=\"\" width=\"300\" height=\"168\" \/><\/p>\n<p>Detr\u00e1s de la palmera, la arquer\u00eda de una min\u00fascula mezquita con decorados rojos y azules rematados con flores de lis, sobre ella y adosado a la palmera un peque\u00f1o espacio ocupado por un oratorio o capilla que no est\u00e1 permitido visitar. Entre la puerta de entrada y las columnas se descubren dos de las pinturas m\u00e1s curiosas, un gran oso pardo y un elefante blanco con un castillo sobre su lomo, pintado por alguien a quien alguien hab\u00eda contado c\u00f3mo era un elefante.\u00a0 En el lienzo norte de la entrada, en la parte baja de la pared una formidable escena de la caza que busca dar una sensaci\u00f3n de movimiento con ciervos, cazadores, liebres y perros en actitud de carrera.<\/p>\n<p>Hay otras pinturas en la zona alta de las paredes, desde el muro sur hacia el muro norte aparecer\u00edan \u00a0Las tres Mar\u00edas ante el sepulcro,\u00a0Curaci\u00f3n del ciego,\u00a0Resurrecci\u00f3n de L\u00e1zaro,\u00a0Bodas de Can\u00e1,\u00a0Tentaci\u00f3n de Cristo,\u00a0Entrada en Jerusal\u00e9n,\u00a0Santa Cena y\u00a0Episodios de la Pasi\u00f3n. La mayor\u00eda de ellas apenas se intuyen, pero resultan notables cuando hay alguna como \u00a0la entrada Jerusal\u00e9n con dos burritos o la \u00faltima cena que deja apreciar personajes \u00a0y colorido.<\/p>\n<p>El \u00e1bside es rectangular con un peque\u00f1o altar y una estrecha ventana en el centro, en su clave aparece el Esp\u00edritu Santo descendiendo, dato curioso porque siempre es representado hacia arriba,\u00a0 a la izquierda tenemos a San Nicol\u00e1s de Bari y a la derecha al Santo de Nimes, San Baudelio, con el b\u00e1culo rematado con una flor de lis, dato, que como el de la paloma invertida, nos hace notar la amable gu\u00eda de San Baudelio, as\u00ed como los ibis pintados en el arco de su entrada.<\/p>\n<p>Me llam\u00f3 la atenci\u00f3n el dato del ibis y buscando informaci\u00f3n sobre estas aves, que por cierto casi han desaparecido de Europa, son conocidas como ibis eremita y curiosamente aqu\u00ed inclinan su cuello hacia abajo, hacia la profundidad de la tierra donde oraban los eremitas y all\u00ed vamos a ir.<\/p>\n<p>Antes pasamos junto a la palmera, descubrimos un galgo rampante como guardi\u00e1n, y un precioso dromedario, as\u00ed como la estrecha escalera que lleva a la capilla y al coro al que tambi\u00e9n se accede desde el exterior. Al fondo del muro, en el rinc\u00f3n m\u00e1s oscuro de la nave hay una peque\u00f1a entrada que lleva a la cueva.<\/p>\n<p>Hace tiempo que quer\u00eda entrar y hoy, por fin, es un hecho. El camino al principio resulta algo incomodo aunque es corto y pronto se llega a una peque\u00f1a sala y despu\u00e9s a otra algo mayor pero tambi\u00e9n de peque\u00f1as dimensiones, nos hemos detenido all\u00ed un ratito y nos hemos fotografiado.<\/p>\n<p>Una historia muy distinta a la de los anacoretas, ellos al entrar en la gruta \u00bfrealizar\u00edan ese mismo camino de fuera hacia dentro, en ellos mismos?\u00a0 El silencio, la oscuridad, la soledad, el ayuno\u2026 son circunstancias ciertamente dif\u00edciles de sortear. No, sortear no, todo lo contrario tendr\u00edan que hacerlas parte de si mismos, para llegar al fondo de su alma, para comenzar a entrever a Dios.<\/p>\n<p>Y llegar\u00eda el momento de regresar a la vida cotidiana, como un nuevo nacimiento, del tranquilo vientre p\u00e9treo pasar\u00edan por un angosto t\u00fanel para llegar a un lugar donde ya los sentidos comienzan a despertar.<\/p>\n<p>Las dificultades aqu\u00ed ser\u00edan de otra \u00edndole. Un camino de dificultad y triunfo, tal y como simbolizan las escenas de caza.<\/p>\n<p>Todo en esta ermita tiene distintos niveles. As\u00ed, las pinturas comenzar\u00edan en lo m\u00e1s alto, entre las ocho ramas de la palmera se narran los momentos in\u00edciales de la venida de Jes\u00fas a la tierra que van desde la Anunciaci\u00f3n a la Huida a Egipto aunque tambi\u00e9n est\u00e1n muy deteriorados y no se pueden apreciar. En \u00a0la capilla, est\u00e1n representados los Reyes Magos y San Miguel pisando al drag\u00f3n, las pinturas altas con las ya enumeradas escenas de la vida p\u00fablica de Jes\u00fas y las bajas de de tem\u00e1tica mundana con su correspondiente carga simb\u00f3lica y religiosa.<\/p>\n<p style=\"text-align: center;\"><img loading=\"lazy\" decoding=\"async\" class=\"size-medium wp-image-1986 alignleft\" src=\"http:\/\/soriapasoapaso.es\/wp-content\/uploads\/2018\/02\/IMG_20180127_121916-300x168.jpg\" alt=\"\" width=\"300\" height=\"168\" \/><\/p>\n<p style=\"text-align: right;\"><img loading=\"lazy\" decoding=\"async\" class=\"aligncenter size-medium wp-image-1987\" src=\"http:\/\/soriapasoapaso.es\/wp-content\/uploads\/2018\/02\/IMG_20180127_121921-300x168.jpg\" alt=\"\" width=\"300\" height=\"168\" \/><\/p>\n<p>&nbsp;<\/p>\n<p>Tambi\u00e9n la arquitectura de la ermita posee niveles perfectamente definidos, la cueva, la nave y cinco escalones por encima est\u00e1 el \u00e1bside, m\u00e1s elevados se hallan el coro y la capilla, oculta para quien est\u00e9 en la nave de la ermita, inexistente para quien est\u00e9 distra\u00eddo con el juego de formas y colores del dise\u00f1o arquitect\u00f3nico y de las pinturas, y finalmente e igualmente dif\u00edcil de ver y aparentemente inaccesible, est\u00e1 la c\u00e1mara que hay sobre la palmera a la que s\u00f3lo se podr\u00eda tener acceso desde el exterior.<\/p>\n<p>Se ha hablado mucho de las pinturas pero no se ha comentado que est\u00e1n ejecutadas al temple sobre un ligero enlucido de yeso, y se cree que trabajaron en ella al menos dos talleres, al primero corresponder\u00edan el ins\u00f3lito bestiario y las escenas de caza, siendo las religiosas posteriores y pertenecientes al periodo rom\u00e1nico.<\/p>\n<p><img loading=\"lazy\" decoding=\"async\" class=\"aligncenter size-medium wp-image-1988\" src=\"http:\/\/soriapasoapaso.es\/wp-content\/uploads\/2018\/02\/IMG_20180127_121939-300x168.jpg\" alt=\"\" width=\"300\" height=\"168\" \/><\/p>\n<p>Esta ermitilla sigue siendo tan espectacular que permite recrearse con los restos de los murales originales, a pesar del expolio sufrido en su etapa m\u00e1s oscura, en la que este mundo de fantas\u00eda perdi\u00f3 la luminosidad y el color de sus pinturas.<\/p>\n<p>Desde la desamortizaci\u00f3n del siglo XIX era propiedad de varios vecinos del contorno que la utilizaban como majada, pero en 1907 pasaron por all\u00ed unos j\u00f3venes que reconocieron sus valor, Manuel An\u00edbal \u00c1lvarez y Jos\u00e9 Ram\u00f3n M\u00e9lida, autores de la memoria descriptiva enviada a la Academia de Bellas Artes de San Fernando para proponer la designaci\u00f3n de San Baudelio como Monumento Nacional y lo lograron en 1917.<\/p>\n<p>En 1922, el tratante de arte italiano Le\u00f3n Lev\u00ed, obviando este hecho compr\u00f3 para un cliente. Mr. Dereppe, las pinturas del antiguo cenobio por 65.00 pesetas. Inmediatamente llego una cuadrilla de obreros italianos y traspasaron una fina capa de las pinturas a lienzos armados en bastidores, por eso a\u00fan quedan restos que pueden dar idea del esplendor que tuvieron.<\/p>\n<p>Hubo una abierta oposici\u00f3n por parte la Comisi\u00f3n de Monumentos de Soria y el Gobierno Civil incluso intervino la Fiscal\u00eda del Supremo. En 1923 el Estado resolvi\u00f3 ejercer el derecho de retracto sobre la compraventa, pero el Tribunal Supremo en sentencia de 12 de febrero de 1925 estim\u00f3 el recurso de los interesados en la operaci\u00f3n declarando su potestad de vender libremente las pinturas murales de la ermita de San Baudelio.<\/p>\n<p>Inmediatamente fueron enviadas las pinturas a EE.UU., reparti\u00e9ndose entre los museos de Boston, Indianapolis, Cincinnati y The Cloisters de Nueva York. En 1957 seis de esos fragmentos se trajeron al Museo del Prado, donde se exponen actualmente. Se canjearon seis murales por el \u00e1bside rom\u00e1nico de San Mart\u00edn de Fuentidue\u00f1a (Segovia)<\/p>\n<p style=\"text-align: left;\">\u00a0Y esta es la historia de la ermita soriana de San Baudelio, ahora toca regresar en los coches que los compa\u00f1eros hab\u00edan dejado aqu\u00ed por la ma\u00f1ana, algunos volvemos directamente a Soria y otros se quedan visitando la gran Colegiata renacentista de Berlanga y la hermosa talla del siglo XII de Nuestra Se\u00f1ora del Mercado y, c\u00f3mo no, viendo al lagarto (cocodrilo) que trajera Fray Tom\u00e1s de su viaj<img loading=\"lazy\" decoding=\"async\" class=\"size-medium wp-image-1989 alignleft\" src=\"http:\/\/soriapasoapaso.es\/wp-content\/uploads\/2018\/02\/IMG_20180127_134648-168x300.jpg\" alt=\"\" width=\"168\" height=\"300\" \/>e a las Islas Gal\u00e1pagos y que lleva cientos de a\u00f1os en un muro de la colegiata.<\/p>\n<p><img loading=\"lazy\" decoding=\"async\" class=\"aligncenter size-medium wp-image-1990\" src=\"http:\/\/soriapasoapaso.es\/wp-content\/uploads\/2018\/02\/IMG_20180127_134944-300x168.jpg\" alt=\"\" width=\"300\" height=\"168\" \/><\/p>\n<p>&nbsp;<\/p>\n<p>&nbsp;<\/p>\n<p>&nbsp;<\/p>\n<p>&nbsp;<\/p>\n<p>&nbsp;<\/p>\n<p>Ana Mar\u00eda A.<\/p>\n","protected":false},"excerpt":{"rendered":"<p>El s\u00e1bado 27 de enero salimos 17 miembros de Soria Paso a Paso hacia nuestra ruta semanal, una ruta senderista pero tambi\u00e9n una ruta hacia la historia, hacia el arte y la fantas\u00eda que de todo tienen la villa de Berlanga de Duero, declarada Conjunto Hist\u00f3rico-Monumental\u00a0y la ermita moz\u00e1rabe de <\/p>\n<p><a class=\"read-more\" href=\"https:\/\/soriapasoapaso.es\/?p=1976\">Read More<\/a><\/p>\n","protected":false},"author":1,"featured_media":0,"comment_status":"open","ping_status":"open","sticky":false,"template":"","format":"standard","meta":{"footnotes":""},"categories":[21,1],"tags":[],"class_list":["post-1976","post","type-post","status-publish","format-standard","hentry","category-rutas","category-uncategorized"],"_links":{"self":[{"href":"https:\/\/soriapasoapaso.es\/index.php?rest_route=\/wp\/v2\/posts\/1976","targetHints":{"allow":["GET"]}}],"collection":[{"href":"https:\/\/soriapasoapaso.es\/index.php?rest_route=\/wp\/v2\/posts"}],"about":[{"href":"https:\/\/soriapasoapaso.es\/index.php?rest_route=\/wp\/v2\/types\/post"}],"author":[{"embeddable":true,"href":"https:\/\/soriapasoapaso.es\/index.php?rest_route=\/wp\/v2\/users\/1"}],"replies":[{"embeddable":true,"href":"https:\/\/soriapasoapaso.es\/index.php?rest_route=%2Fwp%2Fv2%2Fcomments&post=1976"}],"version-history":[{"count":2,"href":"https:\/\/soriapasoapaso.es\/index.php?rest_route=\/wp\/v2\/posts\/1976\/revisions"}],"predecessor-version":[{"id":1992,"href":"https:\/\/soriapasoapaso.es\/index.php?rest_route=\/wp\/v2\/posts\/1976\/revisions\/1992"}],"wp:attachment":[{"href":"https:\/\/soriapasoapaso.es\/index.php?rest_route=%2Fwp%2Fv2%2Fmedia&parent=1976"}],"wp:term":[{"taxonomy":"category","embeddable":true,"href":"https:\/\/soriapasoapaso.es\/index.php?rest_route=%2Fwp%2Fv2%2Fcategories&post=1976"},{"taxonomy":"post_tag","embeddable":true,"href":"https:\/\/soriapasoapaso.es\/index.php?rest_route=%2Fwp%2Fv2%2Ftags&post=1976"}],"curies":[{"name":"wp","href":"https:\/\/api.w.org\/{rel}","templated":true}]}}