{"id":18510,"date":"2026-03-12T08:04:37","date_gmt":"2026-03-12T07:04:37","guid":{"rendered":"https:\/\/soriapasoapaso.es\/?p=18510"},"modified":"2026-03-12T08:04:54","modified_gmt":"2026-03-12T07:04:54","slug":"historicas-atalayas-ojos-del-pasado-soria-7-marzo-2026","status":"publish","type":"post","link":"https:\/\/soriapasoapaso.es\/?p=18510","title":{"rendered":"HISTORICAS ATALAYAS, OJOS DEL PASADO  \tSoria, 7 Marzo 2026"},"content":{"rendered":"<p>Ha sido una constante en nuestra actividad senderista no solo recorrer distancias por caminos \u00a0m\u00e1s o menos accesibles o inc\u00f3modos, y comprobar que nuestras piernas todav\u00eda resisten el paso de los a\u00f1os y estimulan nuestro vigor f\u00edsico, sino tambi\u00e9n \u00a0conocer y enriquecernos \u00a0con los aspectos de inter\u00e9s que el entorno \u00a0ofrece y nos deja la impresi\u00f3n visual de haber aprendido algo nuevo en cada recorrido.<\/p>\n<p>No creo derrapar mucho si digo que la ruta de hoy nos ha llevado a un triple enriquecimiento de saberes: historia, arte y tradici\u00f3n.<\/p>\n<p>Son las 8,00 de la ma\u00f1ana. Puntuales a nuestra cita habitual, nos encontramos ya en el lugar de costumbre para tomar los coches que nos acercar\u00e1n hasta el pueblo de Caltojar, punto de arranque de nuestro periplo caminante de hoy.<\/p>\n<p><img loading=\"lazy\" decoding=\"async\" class=\"alignnone size-large wp-image-18511\" src=\"http:\/\/soriapasoapaso.es\/wp-content\/uploads\/2026\/03\/IMG_20260307_090445-1024x461.jpg\" alt=\"\" width=\"880\" height=\"396\" srcset=\"https:\/\/soriapasoapaso.es\/wp-content\/uploads\/2026\/03\/IMG_20260307_090445-1024x461.jpg 1024w, https:\/\/soriapasoapaso.es\/wp-content\/uploads\/2026\/03\/IMG_20260307_090445-300x135.jpg 300w, https:\/\/soriapasoapaso.es\/wp-content\/uploads\/2026\/03\/IMG_20260307_090445-768x346.jpg 768w, https:\/\/soriapasoapaso.es\/wp-content\/uploads\/2026\/03\/IMG_20260307_090445-1536x691.jpg 1536w, https:\/\/soriapasoapaso.es\/wp-content\/uploads\/2026\/03\/IMG_20260307_090445-2048x922.jpg 2048w\" sizes=\"auto, (max-width: 880px) 100vw, 880px\" \/><\/p>\n<p>No son todav\u00eda a las 9,00 h cuando completamos los poco m\u00e1s de 60 Km que separan Soria de la citada poblaci\u00f3n. Y cerca de\u00a0 la Iglesia del pueblo aparcamos los veh\u00edculos. Casi sin tiempo a recoger nuestros pertrechos senderistas y estirar los bastones, vemos que por un lateral de la calle aparece Lali, acompa\u00f1ada de su padre, con dos grandes cafeteras, hasta una casa pr\u00f3xima al lugar, propiedad de su familia, para ofrecernos este inesperado y magn\u00edfico estimulante preliminar a la ruta que vamos a iniciar. Lali es oriunda de este municipio y se ha adelantado a nuestro viaje para preparar el caf\u00e9 y unas pastas con que obsequiarnos a nuestra llegada. Primer motivo de agradecimiento por este improvisado y espont\u00e1neo \u00a0ofrecimiento a sus compa\u00f1eros de grupo. En realidad, ha sido ella quien\u00a0 ha dise\u00f1ado y programado la caminata de hoy. Quiere ense\u00f1arnos su pueblo, sus campos, sus alrededores, sus recuerdos de infancia y juventud\u2026.<\/p>\n<p>Este inesperado \u201cchute\u201d de cafe\u00edna, nos permite que arranquemos el camino con m\u00e1s energ\u00eda de la habitual.<\/p>\n<figure id=\"attachment_18512\" aria-describedby=\"caption-attachment-18512\" style=\"width: 880px\" class=\"wp-caption alignnone\"><img loading=\"lazy\" decoding=\"async\" class=\"size-large wp-image-18512\" src=\"http:\/\/soriapasoapaso.es\/wp-content\/uploads\/2026\/03\/IMG202603070949563-1024x461.jpg\" alt=\"\" width=\"880\" height=\"396\" srcset=\"https:\/\/soriapasoapaso.es\/wp-content\/uploads\/2026\/03\/IMG202603070949563-1024x461.jpg 1024w, https:\/\/soriapasoapaso.es\/wp-content\/uploads\/2026\/03\/IMG202603070949563-300x135.jpg 300w, https:\/\/soriapasoapaso.es\/wp-content\/uploads\/2026\/03\/IMG202603070949563-768x346.jpg 768w, https:\/\/soriapasoapaso.es\/wp-content\/uploads\/2026\/03\/IMG202603070949563-1536x691.jpg 1536w, https:\/\/soriapasoapaso.es\/wp-content\/uploads\/2026\/03\/IMG202603070949563-2048x922.jpg 2048w\" sizes=\"auto, (max-width: 880px) 100vw, 880px\" \/><figcaption id=\"caption-attachment-18512\" class=\"wp-caption-text\">oplus_2<\/figcaption><\/figure>\n<p>La ma\u00f1ana presenta un cielo plomizo y cubierto de nubes negras que auguran un tiempo poco luminoso y\u00a0 con perspectivas de lluvia. Pero ya estamos avisados. Los pron\u00f3sticos se cumplen y las capas de pl\u00e1stico protectoras y algunos paraguas mitigan el efecto de las lloviznas intermitentes que vamos a soportar durante toda la ma\u00f1ana.<\/p>\n<p>El primer objetivo de esta salida es la visita a algunas de las atalayas califales que salpican estas tierras, emplazadas en sus colinas y ribazos m\u00e1s elevados.<\/p>\n<figure id=\"attachment_18513\" aria-describedby=\"caption-attachment-18513\" style=\"width: 880px\" class=\"wp-caption alignnone\"><img loading=\"lazy\" decoding=\"async\" class=\"size-large wp-image-18513\" src=\"http:\/\/soriapasoapaso.es\/wp-content\/uploads\/2026\/03\/IMG202603070950062-1024x461.jpg\" alt=\"\" width=\"880\" height=\"396\" srcset=\"https:\/\/soriapasoapaso.es\/wp-content\/uploads\/2026\/03\/IMG202603070950062-1024x461.jpg 1024w, https:\/\/soriapasoapaso.es\/wp-content\/uploads\/2026\/03\/IMG202603070950062-300x135.jpg 300w, https:\/\/soriapasoapaso.es\/wp-content\/uploads\/2026\/03\/IMG202603070950062-768x346.jpg 768w, https:\/\/soriapasoapaso.es\/wp-content\/uploads\/2026\/03\/IMG202603070950062-1536x691.jpg 1536w, https:\/\/soriapasoapaso.es\/wp-content\/uploads\/2026\/03\/IMG202603070950062-2048x922.jpg 2048w\" sizes=\"auto, (max-width: 880px) 100vw, 880px\" \/><figcaption id=\"caption-attachment-18513\" class=\"wp-caption-text\">oplus_2<\/figcaption><\/figure>\n<p>Tomamos\u00a0 una c\u00f3moda pista para uso de veh\u00edculos agr\u00edcolas, mientras afrontamos una prolongada y suave pendiente hacia el lado norte de la poblaci\u00f3n que dejamos a nuestra espalda. A derecha e izquierda las extensas tierras de cultivo de esta zona: algunas presentan ya el brote verde del cereal que empieza a asomar\u00a0 (principalmente cebada),\u00a0 mientras otras\u00a0 parcelas ofrecen el color \u00a0pardo-rojizo de la tierra arada y preparada para el florecimiento del girasol, todav\u00eda no sembrado. La sierra que vamos divisando muestra un aspecto de vegetaci\u00f3n rastrera y herb\u00e1cea, con escasez de ejemplares arb\u00f3reos, aunque alguna\u00a0 carrasca aislada vamos divisando en puntos elevados, fruto, seg\u00fan me comenta Lali que ha o\u00eddo de los viejos del lugar, de la carencia de ganado , sobre todo ovino, que ha permitido el crecimiento de esta especie arb\u00f3rea, casi testimonial.<\/p>\n<p>El camino, f\u00e1cilmente transitable, se hace c\u00f3modo y la conversaci\u00f3n entre los distintos grupitos es, igualmente, amena y animada, no as\u00ed la meteorolog\u00eda, como ha quedado indicado, nada complaciente con nuestro deseo de un tiempo menos lluvioso y m\u00e1s soleado.<\/p>\n<p>Y poco a poco nos vamos acercando hacia la altitud que conduce hasta la primera de las atalayas que visitaremos. Pero antes de entrar en\u00a0 detalle de cada una de estas fortificaciones, quisiera hacer un breve apunte sobre el origen y funci\u00f3n de estas reliquias hist\u00f3ricas.<\/p>\n<p>El sistema de atalayas califales emplazadas en la regi\u00f3n comprendida entre el r\u00edo Duero y la ciudad de Medinaceli estaba dise\u00f1ado para funcionar eficazmente en el control y defensa de la frontera del reino del al-Andalus en esta zona cr\u00edtica. Estamos hablando del siglo X, per\u00edodo en el que las luchas entre los reinos musulm\u00e1n y cristiano por la ruptura de la frontera y la conquista de las plazas importantes de esta zona del Duero fueron m\u00e1s intensas. De ah\u00ed que el posicionamiento de estas atalayas responde a una planificaci\u00f3n y un proyecto cuidadosamente estudiados, que deb\u00eda posibilitar, simult\u00e1neamente, el control visual de los caminos\u00a0 y la comunicaci\u00f3n entre ellos, con el objetivo de transmitir fielmente la se\u00f1al \u201ctelegr\u00e1fica\u201d hacia el castillo de Medinaceli (\u201cMadinat Selim\u201d para los musulmanes), el cuartel general militar del reino de al_Andalus, su principal emplazamiento permanente de tropas desde el siglo anterior, dada la aproximaci\u00f3n peligrosa de los reyes cristianos hasta esta zona del alto Duero, en nuestra provincia de Soria. Por eso, yo me he tomado la licencia de calificar a estas inteligentes defensas del territorio como \u201cojos del pasado\u201d.<\/p>\n<figure id=\"attachment_18514\" aria-describedby=\"caption-attachment-18514\" style=\"width: 880px\" class=\"wp-caption alignnone\"><img loading=\"lazy\" decoding=\"async\" class=\"size-large wp-image-18514\" src=\"http:\/\/soriapasoapaso.es\/wp-content\/uploads\/2026\/03\/IMG202603071036432-1024x461.jpg\" alt=\"\" width=\"880\" height=\"396\" srcset=\"https:\/\/soriapasoapaso.es\/wp-content\/uploads\/2026\/03\/IMG202603071036432-1024x461.jpg 1024w, https:\/\/soriapasoapaso.es\/wp-content\/uploads\/2026\/03\/IMG202603071036432-300x135.jpg 300w, https:\/\/soriapasoapaso.es\/wp-content\/uploads\/2026\/03\/IMG202603071036432-768x346.jpg 768w, https:\/\/soriapasoapaso.es\/wp-content\/uploads\/2026\/03\/IMG202603071036432-1536x691.jpg 1536w, https:\/\/soriapasoapaso.es\/wp-content\/uploads\/2026\/03\/IMG202603071036432-2048x922.jpg 2048w\" sizes=\"auto, (max-width: 880px) 100vw, 880px\" \/><figcaption id=\"caption-attachment-18514\" class=\"wp-caption-text\">oplus_2<\/figcaption><\/figure>\n<p>Y tras esta \u201cdistracci\u00f3n\u201d hist\u00f3rica sobre el origen y objetivo de las atalayas, continuamos nuestro camino hacia una de ellas que nos resulta \u00a0m\u00e1s cercana: la atalaya conocida como \u201cEl Ti\u00f1on\u201d, en el t\u00e9rmino municipal de Rello. Se trata de una de las atalayas m\u00e1s originales -seg\u00fan reza el panel informativo emplazado en sus proximidades,- caracterizada por su forma de chimenea, de planta circular y un alzado ligeramente troncoc\u00f3nico. \u00a0Se asienta sobre un basamento de piedras que sobresale 30 cm. del\u00a0 resto de la construcci\u00f3n. La planta \u00a0baja tiene una altura de 4 m., hasta el primer piso, donde se sit\u00faa la puerta, a la que se accede actualmente por una escalera de hierro. Una vez en el interior se puede ascender hasta la parte superior\u00a0 mediante una escalera de madera de \u00a0dos tramos, que permite asomarse al visitante por encima de la apertura de la misma. Desde su emplazamiento son visibles la torre Melero (que describiremos a continuaci\u00f3n) en La Riba de Escalote , el\u00a0 n\u00facleo amurallado de Rello y la Ojaraca de Caltojar, al Norte, que no visitamos por falta de tiempo,\u00a0 lo que \u00a0convierte a esta de Rello en uno de los puntos estrat\u00e9gicos para el control de todo el valle del alto Escalote.<\/p>\n<p><img loading=\"lazy\" decoding=\"async\" class=\"alignnone size-large wp-image-18515\" src=\"http:\/\/soriapasoapaso.es\/wp-content\/uploads\/2026\/03\/IMG_20260307_103822-1024x461.jpg\" alt=\"\" width=\"880\" height=\"396\" srcset=\"https:\/\/soriapasoapaso.es\/wp-content\/uploads\/2026\/03\/IMG_20260307_103822-1024x461.jpg 1024w, https:\/\/soriapasoapaso.es\/wp-content\/uploads\/2026\/03\/IMG_20260307_103822-300x135.jpg 300w, https:\/\/soriapasoapaso.es\/wp-content\/uploads\/2026\/03\/IMG_20260307_103822-768x346.jpg 768w, https:\/\/soriapasoapaso.es\/wp-content\/uploads\/2026\/03\/IMG_20260307_103822-1536x691.jpg 1536w, https:\/\/soriapasoapaso.es\/wp-content\/uploads\/2026\/03\/IMG_20260307_103822-2048x922.jpg 2048w\" sizes=\"auto, (max-width: 880px) 100vw, 880px\" \/><\/p>\n<p>Seguimos nuestro recorrido por similar camino que hemos tra\u00eddo, \u00a0\u00a0aunque sorteando de vez en cuando el barro acumulado\u00a0 por efecto de las lluvias de d\u00edas pasados.<\/p>\n<p><img loading=\"lazy\" decoding=\"async\" class=\"alignnone size-large wp-image-18516\" src=\"http:\/\/soriapasoapaso.es\/wp-content\/uploads\/2026\/03\/IMG_20260307_114143-1024x461.jpg\" alt=\"\" width=\"880\" height=\"396\" srcset=\"https:\/\/soriapasoapaso.es\/wp-content\/uploads\/2026\/03\/IMG_20260307_114143-1024x461.jpg 1024w, https:\/\/soriapasoapaso.es\/wp-content\/uploads\/2026\/03\/IMG_20260307_114143-300x135.jpg 300w, https:\/\/soriapasoapaso.es\/wp-content\/uploads\/2026\/03\/IMG_20260307_114143-768x346.jpg 768w, https:\/\/soriapasoapaso.es\/wp-content\/uploads\/2026\/03\/IMG_20260307_114143-1536x691.jpg 1536w, https:\/\/soriapasoapaso.es\/wp-content\/uploads\/2026\/03\/IMG_20260307_114143-2048x922.jpg 2048w\" sizes=\"auto, (max-width: 880px) 100vw, 880px\" \/><\/p>\n<p>Y llega la hora de reposici\u00f3n de fuerzas. Mientras avanzamos por la pista pecuaria, encontramos las ruinas de lo que fue una majada.\u00a0 Por los alrededores hay\u00a0 piedras diseminadas que sirven de soporte a\u00a0 nuestras mochilas, mientras buscamos improvisados \u201casientos\u201d que faciliten el acomodo para la ingesta del bocadillo. El suelo est\u00e1 h\u00famedo, por lo que procuramos invertir menos tiempo de lo habitual en dar cuenta del sustento energ\u00e9tico.<\/p>\n<figure id=\"attachment_18517\" aria-describedby=\"caption-attachment-18517\" style=\"width: 880px\" class=\"wp-caption alignnone\"><img loading=\"lazy\" decoding=\"async\" class=\"size-large wp-image-18517\" src=\"http:\/\/soriapasoapaso.es\/wp-content\/uploads\/2026\/03\/IMG20260307120319-1024x461.jpg\" alt=\"\" width=\"880\" height=\"396\" srcset=\"https:\/\/soriapasoapaso.es\/wp-content\/uploads\/2026\/03\/IMG20260307120319-1024x461.jpg 1024w, https:\/\/soriapasoapaso.es\/wp-content\/uploads\/2026\/03\/IMG20260307120319-300x135.jpg 300w, https:\/\/soriapasoapaso.es\/wp-content\/uploads\/2026\/03\/IMG20260307120319-768x346.jpg 768w, https:\/\/soriapasoapaso.es\/wp-content\/uploads\/2026\/03\/IMG20260307120319-1536x691.jpg 1536w, https:\/\/soriapasoapaso.es\/wp-content\/uploads\/2026\/03\/IMG20260307120319-2048x922.jpg 2048w\" sizes=\"auto, (max-width: 880px) 100vw, 880px\" \/><figcaption id=\"caption-attachment-18517\" class=\"wp-caption-text\">oplus_2<\/figcaption><\/figure>\n<p>Y \u201cburla, burlando\u201d (como dir\u00eda Lope de Vega) hemos llegado hasta otra de las atalayas, objeto de nuestra visita, conocida como Torre Melero, en el t\u00e9rmino municipal de La Riba de Escalote. Como la anterior, data su construcci\u00f3n del siglo X, cuando el califato reforz\u00f3 las l\u00edneas de defensa musulmanas en la frontera, frente al\u00a0 avance castellano. Esta atalaya vigila el curso del r\u00edo Escalote (una m\u00e1s) y junto con las de Torre Ti\u00f1on y Ojaraca, son punta de lanza en el control de esta zona.\u00a0 Alcanza una altura de 10 m., distribuidos en tres plantas y est\u00e1 coronada por almenas.<\/p>\n<p><img loading=\"lazy\" decoding=\"async\" class=\"alignnone size-large wp-image-18518\" src=\"http:\/\/soriapasoapaso.es\/wp-content\/uploads\/2026\/03\/IMG_20260307_122030-461x1024.jpg\" alt=\"\" width=\"461\" height=\"1024\" srcset=\"https:\/\/soriapasoapaso.es\/wp-content\/uploads\/2026\/03\/IMG_20260307_122030-461x1024.jpg 461w, https:\/\/soriapasoapaso.es\/wp-content\/uploads\/2026\/03\/IMG_20260307_122030-135x300.jpg 135w, https:\/\/soriapasoapaso.es\/wp-content\/uploads\/2026\/03\/IMG_20260307_122030-768x1707.jpg 768w, https:\/\/soriapasoapaso.es\/wp-content\/uploads\/2026\/03\/IMG_20260307_122030-691x1536.jpg 691w, https:\/\/soriapasoapaso.es\/wp-content\/uploads\/2026\/03\/IMG_20260307_122030-922x2048.jpg 922w, https:\/\/soriapasoapaso.es\/wp-content\/uploads\/2026\/03\/IMG_20260307_122030-scaled.jpg 1152w\" sizes=\"auto, (max-width: 461px) 100vw, 461px\" \/><\/p>\n<p>Un elemento caracter\u00edstico de esta es su puerta de entrada, claramente isl\u00e1mico. Es una puerta doble, con arco de herradura al exterior y al interior un arco rebajado inferior. Cuenta con un doble cuerpo cil\u00edndrico. El cuerpo \u00a0cil\u00edndrico exterior est\u00e1 dotado de \u00a0un pozo de planta cuadrada, de tres metros de profundidad, \u00a0que ser\u00eda \u00a0un dispositivo para dificultar el acceso a cualquier atacante.<\/p>\n<figure id=\"attachment_18519\" aria-describedby=\"caption-attachment-18519\" style=\"width: 880px\" class=\"wp-caption alignnone\"><img loading=\"lazy\" decoding=\"async\" class=\"size-large wp-image-18519\" src=\"http:\/\/soriapasoapaso.es\/wp-content\/uploads\/2026\/03\/IMG_20260307_121245_edit_3740258398357389-1024x496.jpg\" alt=\"\" width=\"880\" height=\"426\" srcset=\"https:\/\/soriapasoapaso.es\/wp-content\/uploads\/2026\/03\/IMG_20260307_121245_edit_3740258398357389-1024x496.jpg 1024w, https:\/\/soriapasoapaso.es\/wp-content\/uploads\/2026\/03\/IMG_20260307_121245_edit_3740258398357389-300x145.jpg 300w, https:\/\/soriapasoapaso.es\/wp-content\/uploads\/2026\/03\/IMG_20260307_121245_edit_3740258398357389-768x372.jpg 768w, https:\/\/soriapasoapaso.es\/wp-content\/uploads\/2026\/03\/IMG_20260307_121245_edit_3740258398357389-1536x743.jpg 1536w, https:\/\/soriapasoapaso.es\/wp-content\/uploads\/2026\/03\/IMG_20260307_121245_edit_3740258398357389-2048x991.jpg 2048w\" sizes=\"auto, (max-width: 880px) 100vw, 880px\" \/><figcaption id=\"caption-attachment-18519\" class=\"wp-caption-text\">sdr<\/figcaption><\/figure>\n<p>Para algunos historiadores, este ser\u00eda un aljibe o recolector de agua, seg\u00fan el texto recogido en el \u00a0panel informativo, \u00a0para otros, esta interpretaci\u00f3n no tiene sentido. Somos senderistas. No entramos ni salimos en interpretaciones hist\u00f3ricas.<\/p>\n<p>Y cumplido terminada la visita a la atalaya, ponemos rumbo al punto de origen.<\/p>\n<p><img loading=\"lazy\" decoding=\"async\" class=\"alignnone size-large wp-image-18520\" src=\"http:\/\/soriapasoapaso.es\/wp-content\/uploads\/2026\/03\/IMG_20260307_123819-1024x461.jpg\" alt=\"\" width=\"880\" height=\"396\" srcset=\"https:\/\/soriapasoapaso.es\/wp-content\/uploads\/2026\/03\/IMG_20260307_123819-1024x461.jpg 1024w, https:\/\/soriapasoapaso.es\/wp-content\/uploads\/2026\/03\/IMG_20260307_123819-300x135.jpg 300w, https:\/\/soriapasoapaso.es\/wp-content\/uploads\/2026\/03\/IMG_20260307_123819-768x346.jpg 768w, https:\/\/soriapasoapaso.es\/wp-content\/uploads\/2026\/03\/IMG_20260307_123819-1536x691.jpg 1536w, https:\/\/soriapasoapaso.es\/wp-content\/uploads\/2026\/03\/IMG_20260307_123819-2048x922.jpg 2048w\" sizes=\"auto, (max-width: 880px) 100vw, 880px\" \/><\/p>\n<p>Pero antes, nos sorprenden otros paisajes y lugares por los que transitamos. Uno de ellos es el corto ca\u00f1\u00f3n que se extiende casi paralelo a la carretera comarcal que une Caltojar con sus poblaciones vecinas. Como todo ca\u00f1\u00f3n es lugar de estancia de buitres y otras rapaces, a juzgar por los residuos org\u00e1nicos que impregnan las paredes verticales de este peque\u00f1o ca\u00f1\u00f3n.<\/p>\n<p>Pero Lali nos lleva a otro espacio m\u00e1s singular y menos com\u00fan por estas sierras: se trata de una cantera de donde se extra\u00edan,\u00a0 o all\u00ed mismo se labraban, las piedras de molino que luego se instalaban en los que hab\u00eda por la comarca.<\/p>\n<p><img loading=\"lazy\" decoding=\"async\" class=\"alignnone size-large wp-image-18521\" src=\"http:\/\/soriapasoapaso.es\/wp-content\/uploads\/2026\/03\/IMG_20260307_124748-1024x461.jpg\" alt=\"\" width=\"880\" height=\"396\" srcset=\"https:\/\/soriapasoapaso.es\/wp-content\/uploads\/2026\/03\/IMG_20260307_124748-1024x461.jpg 1024w, https:\/\/soriapasoapaso.es\/wp-content\/uploads\/2026\/03\/IMG_20260307_124748-300x135.jpg 300w, https:\/\/soriapasoapaso.es\/wp-content\/uploads\/2026\/03\/IMG_20260307_124748-768x346.jpg 768w, https:\/\/soriapasoapaso.es\/wp-content\/uploads\/2026\/03\/IMG_20260307_124748-1536x691.jpg 1536w, https:\/\/soriapasoapaso.es\/wp-content\/uploads\/2026\/03\/IMG_20260307_124748-2048x922.jpg 2048w\" sizes=\"auto, (max-width: 880px) 100vw, 880px\" \/><\/p>\n<p>Todav\u00eda son visibles las formas redondeadas que cuidadosamente los canteros han dejado como testimonio de\u00a0 su trabajo de extracci\u00f3n de estas moles para usos\u00a0 necesarios en la transformaci\u00f3n del grano.<\/p>\n<p>Desde aqu\u00ed seguimos en descenso, por el todav\u00eda camino agradable de la serran\u00eda, hasta alcanzar la carretera comarcal. Algunos compa\u00f1eros\/as previsores vienen provistos del chaleco amarillo reflectante, lo que facilita nuestra visibilidad para el tr\u00e1fico rodado.<\/p>\n<p>Y mientras caminamos por el duro suelo de asfalto de la calzada,<\/p>\n<p><img loading=\"lazy\" decoding=\"async\" class=\"alignnone size-large wp-image-18522\" src=\"http:\/\/soriapasoapaso.es\/wp-content\/uploads\/2026\/03\/IMG_20260307_130204-1-1024x461.jpg\" alt=\"\" width=\"880\" height=\"396\" srcset=\"https:\/\/soriapasoapaso.es\/wp-content\/uploads\/2026\/03\/IMG_20260307_130204-1-1024x461.jpg 1024w, https:\/\/soriapasoapaso.es\/wp-content\/uploads\/2026\/03\/IMG_20260307_130204-1-300x135.jpg 300w, https:\/\/soriapasoapaso.es\/wp-content\/uploads\/2026\/03\/IMG_20260307_130204-1-768x346.jpg 768w, https:\/\/soriapasoapaso.es\/wp-content\/uploads\/2026\/03\/IMG_20260307_130204-1-1536x691.jpg 1536w, https:\/\/soriapasoapaso.es\/wp-content\/uploads\/2026\/03\/IMG_20260307_130204-1-2048x922.jpg 2048w\" sizes=\"auto, (max-width: 880px) 100vw, 880px\" \/><\/p>\n<p>Lali nos muestra, a nuestra izquierda, lo que queda de un molino que ha estado operativo hasta los a\u00f1os 80, regentado por tres hermanos, donde ten\u00edan all\u00ed tambi\u00e9n la vivienda. Un poco m\u00e1s adelante, encontraremos otro molino, pero en estado \u00a0m\u00e1s ruinoso que el anterior. Y a nuestra vera, cual fiel compa\u00f1ero de viaje, el acorde fluvial del Escalote, que baja impetuoso y crecido\u00a0 por las lluvias recibidas los d\u00edas pasados.<\/p>\n<p>A nuestra derecha, a escasos 3 Km. ya de Caltojar, Lali nos indica que la amplia y verde parcela que contemplamos se conoc\u00eda como la \u201chuerta de Valparaiso\u201d, debido a la abundancia de \u00e1rboles frutales que\u00a0 all\u00ed florec\u00edan. Recuerdos del pasado, porque hoy no vemos ning\u00fan ejemplar.<\/p>\n<p>Y mientras caminamos, comentamos o, sencillamente, pensamos en lo que vamos viendo, divisamos ya las primeras viviendas de Caltojar.<\/p>\n<figure id=\"attachment_18523\" aria-describedby=\"caption-attachment-18523\" style=\"width: 1017px\" class=\"wp-caption alignnone\"><img loading=\"lazy\" decoding=\"async\" class=\"size-full wp-image-18523\" src=\"http:\/\/soriapasoapaso.es\/wp-content\/uploads\/2026\/03\/IMG_20260307_184745.jpg\" alt=\"\" width=\"1017\" height=\"475\" srcset=\"https:\/\/soriapasoapaso.es\/wp-content\/uploads\/2026\/03\/IMG_20260307_184745.jpg 1017w, https:\/\/soriapasoapaso.es\/wp-content\/uploads\/2026\/03\/IMG_20260307_184745-300x140.jpg 300w, https:\/\/soriapasoapaso.es\/wp-content\/uploads\/2026\/03\/IMG_20260307_184745-768x359.jpg 768w\" sizes=\"auto, (max-width: 1017px) 100vw, 1017px\" \/><figcaption id=\"caption-attachment-18523\" class=\"wp-caption-text\">sdr<\/figcaption><\/figure>\n<p>Nuestra anfitriona de hoy ha acordado una visita a la Iglesia del pueblo con el p\u00e1rroco que ser\u00e1 nuestro gu\u00eda . Y la verdad es que D. Guillermo (as\u00ed se llama el sacerdote) ha hecho gala de una paciencia franciscana, si tenemos en cuenta la hora anunciada que \u00edbamos a llegar y el retraso considerable con el que nos presentamos en la Iglesia. Y con la misma paciencia que nos ha esperado,\u00a0 ha puesto la misma ilusi\u00f3n y entusiasmo en ense\u00f1arnos y explicarnos los pormenores de este bello tempo caltojare\u00f1o: la Iglesia de San Miguel Arc\u00e1ngel. No me detendr\u00e9 mucho en exponer su valor art\u00edstico. Ya lo hizo el citado cura. Si acaso, resaltar alg\u00fan aspecto del mismo que me llam\u00f3 la atenci\u00f3n. En primer lugar,\u00a0 la iglesia, erigida\u00a0 a principios del siglo XIII, de corte rom\u00e1nico, sorprende por la estructura\u00a0 de su fachada sur: cuatro arquivoltas de medio punto articulan el vano abocinado, ornamentadas con boceles y medias ca\u00f1as, excepto la exterior que presenta una llamativa decoraci\u00f3n con desarrollo en zigzag. El elemento m\u00e1s singular de esta portada, no obstante, es su t\u00edmpano, compuesto por un arco de medio punto duplicado, cuyos arcos\u00a0 rematan en un capitel colgante, sin parteluz, es decir, sin un soporte vertical, pilar o columna, \u00a0que lo sustente.<\/p>\n<p>Y otro dato curioso que me llam\u00f3 la atenci\u00f3n son las figuras talladas en relieve que ornamentan la puerta del sagrario en el centro del retablo. Explica nuestra gu\u00eda que alguna de ellas ha habido que desviar ligeramente su emplazamiento con suma precisi\u00f3n, por cuanto imped\u00eda el cierre seguro del mismo. Y todav\u00eda resulta m\u00e1s original el comentario que nos hace de que algunos sagrarios tienen esa decoraci\u00f3n por dentro, lo que impide la valoraci\u00f3n del visitante y solo es accesible al oficiante de los servicios religiosos.<\/p>\n<p>Terminamos la visita, agradeciendo al p\u00e1rroco que nos haya dado a conocer este espl\u00e9ndido ejemplar arquitect\u00f3nico de arte religioso. Algunos compa\u00f1eros optan por regresar ya a Soria, mientras otro grupo hemos decidido quedarnos a comer de mochila, para conocer otros encantos del pueblo y de su vecino Bordecorex.<\/p>\n<p><img loading=\"lazy\" decoding=\"async\" class=\"alignnone size-large wp-image-18524\" src=\"http:\/\/soriapasoapaso.es\/wp-content\/uploads\/2026\/03\/IMG_20260307_161909-1-1024x461.jpg\" alt=\"\" width=\"880\" height=\"396\" srcset=\"https:\/\/soriapasoapaso.es\/wp-content\/uploads\/2026\/03\/IMG_20260307_161909-1-1024x461.jpg 1024w, https:\/\/soriapasoapaso.es\/wp-content\/uploads\/2026\/03\/IMG_20260307_161909-1-300x135.jpg 300w, https:\/\/soriapasoapaso.es\/wp-content\/uploads\/2026\/03\/IMG_20260307_161909-1-768x346.jpg 768w, https:\/\/soriapasoapaso.es\/wp-content\/uploads\/2026\/03\/IMG_20260307_161909-1-1536x691.jpg 1536w, https:\/\/soriapasoapaso.es\/wp-content\/uploads\/2026\/03\/IMG_20260307_161909-1-2048x922.jpg 2048w\" sizes=\"auto, (max-width: 880px) 100vw, 880px\" \/><\/p>\n<p>Primero visitamos uno de los dos bares del pueblo para refrescar las gargantas con la deseada cerveza o el estimulante vino, a modo de auto recompensa por haber finalizado nuestra ruta sin incidentes. Nos atiende un amable y orondo camarero (suponemos el due\u00f1o del establecimiento), mientras degustamos en las mesas del bar la bebida elegida para estimular nuestro apetito. Y desde aqu\u00ed, nos dirigimos al otro bar del municipio, donde hacemos la comida de mochila. Lo regenta un personaje peculiar, de profesi\u00f3n ingeniero, residente en Madrid, y de afici\u00f3n hostelero los fines de semana (ya que solo abre durante estos d\u00edas) en su pueblo, Caltojar.\u00a0 Nos facilita todo tipo de medios para que estemos c\u00f3modos (sillas, mesas, asistencia en la barra, etc. Ya se ha encargado antes Lali de preparar el terreno), mientras vamos, de nuevo, vaciando las mochilas del resto gastron\u00f3mico restante \u00a0para la ocasi\u00f3n. Estamos a gusto y ahora el tiempo que pasamos aqu\u00ed no tiene l\u00edmite establecido. Cada cual ha pedido la bebida para acompa\u00f1ar su bocata\u00a0 y no pocos hemos finalizado la comida con un estimulante caf\u00e9, habitual en nuestra pr\u00e1ctica dom\u00e9stica. Algunos nos llevamos de recuerdo un tentador tarro de miel de romero, obra, seg\u00fan nos dice el ingeniero-hostelero, de sus hermanos.<\/p>\n<p><img loading=\"lazy\" decoding=\"async\" class=\"alignnone size-large wp-image-18525\" src=\"http:\/\/soriapasoapaso.es\/wp-content\/uploads\/2026\/03\/IMG_20260307_140258-1-768x1024.jpg\" alt=\"\" width=\"768\" height=\"1024\" srcset=\"https:\/\/soriapasoapaso.es\/wp-content\/uploads\/2026\/03\/IMG_20260307_140258-1-768x1024.jpg 768w, https:\/\/soriapasoapaso.es\/wp-content\/uploads\/2026\/03\/IMG_20260307_140258-1-225x300.jpg 225w, https:\/\/soriapasoapaso.es\/wp-content\/uploads\/2026\/03\/IMG_20260307_140258-1-1152x1536.jpg 1152w, https:\/\/soriapasoapaso.es\/wp-content\/uploads\/2026\/03\/IMG_20260307_140258-1-1536x2048.jpg 1536w, https:\/\/soriapasoapaso.es\/wp-content\/uploads\/2026\/03\/IMG_20260307_140258-1-scaled.jpg 1920w\" sizes=\"auto, (max-width: 768px) 100vw, 768px\" \/><\/p>\n<p>Salimos a la calle y la primera imagen visual que tenemos es alguna pintura de la obra picassiana que aqu\u00ed se desarroll\u00f3. No es la primera vez que lo vemos, pero ahora es el momento de conocer con detalle esa original idea.\u00a0\u00a0 Sabido es que all\u00e1, por los a\u00f1os 80, Caltojar se dio a conocer por una iniciativa peculiar, obra de un secretario que en aquel tiempo atend\u00eda el Ayuntamiento del municipio, donde emplaz\u00f3 a la poblaci\u00f3n y en concreto, a la generaci\u00f3n de ni\u00f1os y j\u00f3venes que por entonces habitaban el pueblo, reproducir las pinturas de Picasso, sobre las paredes y muros que jalonaban \u00a0la carretera que atravesaba el pueblo. \u00c9l fue quien reproduc\u00eda el \u201desqueleto\u201d o estructura b\u00e1sica de las pinturas, mientras los ni\u00f1os y j\u00f3venes de la localidad, completaban el contenido de la obra picassiana. La impronta medi\u00e1tica no se hizo esperar: prensa, radio o TV acudieron a conocer y dar a conocer esta singular iniciativa, acariciada en un remoto y casi desconocido pueblo de la provincia de Soria. Algunas de aquellas obras ha habido que restaurarlas por su deterioro con el paso del tiempo. Otras, sin embargo, como el emblem\u00e1tico \u201cGuernica\u201d picassiano, luce con toda su elegancia y esplendor sobre la pared lateral del coqueto front\u00f3n caltojare\u00f1o. Y no es la \u00fanica que permanece visible.<\/p>\n<p>M\u00e1s\u00a0 cosas de su pueblo nos ha mostrado Lali, que no voy a extenderme para no alargar en exceso esta cr\u00f3nica. Pero s\u00ed quiero reproducir, a modo de homenaje a su padre, una elegante y bien torneada mesa de piedra, similar\u00a0 a una\u00a0 rueda de molino, que \u00e9l mismo labr\u00f3 para colocar en el jard\u00edn adyacente a su casa. Pura artesan\u00eda de un cantero.<\/p>\n<p><img loading=\"lazy\" decoding=\"async\" class=\"alignnone size-large wp-image-18526\" src=\"http:\/\/soriapasoapaso.es\/wp-content\/uploads\/2026\/03\/IMG_20260307_164534-1024x461.jpg\" alt=\"\" width=\"880\" height=\"396\" srcset=\"https:\/\/soriapasoapaso.es\/wp-content\/uploads\/2026\/03\/IMG_20260307_164534-1024x461.jpg 1024w, https:\/\/soriapasoapaso.es\/wp-content\/uploads\/2026\/03\/IMG_20260307_164534-300x135.jpg 300w, https:\/\/soriapasoapaso.es\/wp-content\/uploads\/2026\/03\/IMG_20260307_164534-768x346.jpg 768w, https:\/\/soriapasoapaso.es\/wp-content\/uploads\/2026\/03\/IMG_20260307_164534-1536x691.jpg 1536w, https:\/\/soriapasoapaso.es\/wp-content\/uploads\/2026\/03\/IMG_20260307_164534-2048x922.jpg 2048w\" sizes=\"auto, (max-width: 880px) 100vw, 880px\" \/><\/p>\n<p>Y completada la visita por las calles y alrededores de Caltojar, nos trasladamos a la vecina localidad de Bordecorex. Contra todo pron\u00f3stico, tenemos el bar de la localidad abierto, junto a la escuela que vamos a visitar. \u00a0Lo distintivo de esta escuela es que se trata de la reproducci\u00f3n del modelo de escuela de los a\u00f1os 40, 50\u00a0 y bien entrados los 60.<\/p>\n<p><img loading=\"lazy\" decoding=\"async\" class=\"alignnone size-large wp-image-18527\" src=\"http:\/\/soriapasoapaso.es\/wp-content\/uploads\/2026\/03\/IMG_20260307_171553-1024x461.jpg\" alt=\"\" width=\"880\" height=\"396\" srcset=\"https:\/\/soriapasoapaso.es\/wp-content\/uploads\/2026\/03\/IMG_20260307_171553-1024x461.jpg 1024w, https:\/\/soriapasoapaso.es\/wp-content\/uploads\/2026\/03\/IMG_20260307_171553-300x135.jpg 300w, https:\/\/soriapasoapaso.es\/wp-content\/uploads\/2026\/03\/IMG_20260307_171553-768x346.jpg 768w, https:\/\/soriapasoapaso.es\/wp-content\/uploads\/2026\/03\/IMG_20260307_171553-1536x691.jpg 1536w, https:\/\/soriapasoapaso.es\/wp-content\/uploads\/2026\/03\/IMG_20260307_171553-2048x922.jpg 2048w\" sizes=\"auto, (max-width: 880px) 100vw, 880px\" \/><\/p>\n<p>Este es el motivo que nos ha tra\u00eddo hasta aqu\u00ed, no sin antes visitar su lavadero y la piedra labrada que adorna este espacio p\u00fablico, punto de encuentro no solo para el ejercicio\u00a0 del lavado de ropa, sino de interacci\u00f3n social entre vecinos\/as ( tal vez m\u00e1s de las \u00faltimas).<\/p>\n<p><img loading=\"lazy\" decoding=\"async\" class=\"alignnone size-large wp-image-18528\" src=\"http:\/\/soriapasoapaso.es\/wp-content\/uploads\/2026\/03\/IMG_20260307_174019-1024x768.jpg\" alt=\"\" width=\"880\" height=\"660\" srcset=\"https:\/\/soriapasoapaso.es\/wp-content\/uploads\/2026\/03\/IMG_20260307_174019-1024x768.jpg 1024w, https:\/\/soriapasoapaso.es\/wp-content\/uploads\/2026\/03\/IMG_20260307_174019-300x225.jpg 300w, https:\/\/soriapasoapaso.es\/wp-content\/uploads\/2026\/03\/IMG_20260307_174019-768x576.jpg 768w, https:\/\/soriapasoapaso.es\/wp-content\/uploads\/2026\/03\/IMG_20260307_174019-1536x1152.jpg 1536w, https:\/\/soriapasoapaso.es\/wp-content\/uploads\/2026\/03\/IMG_20260307_174019-2048x1536.jpg 2048w\" sizes=\"auto, (max-width: 880px) 100vw, 880px\" \/><\/p>\n<p>Y la visita a la escuela antigua no deja de sorprendernos por su buen estado de conservaci\u00f3n original, y la fiel reproducci\u00f3n del modelo educativo, en su formato f\u00edsico, que varias generaciones hemos conocido.<\/p>\n<p>Un d\u00eda intenso, pero rico en conocimientos, experiencias y sensaciones.<\/p>\n<p>Son algo m\u00e1s de las 6 de la tarde. Dejamos a Lali que vuelva a Caltojar, mientras el resto del grupo emprendemos direcci\u00f3n a Soria. Han sido casi 17 Km recorridos por campos, colinas, poblaciones, carretera\u2026 Solo buscamos el merecido descanso a esta singular jornada senderista.<\/p>\n<p>Agradecer, por \u00faltimo, a Lali su inestimable labor como gu\u00eda y eficaz entusiasta en mostrarnos los encantos de su pueblo.<\/p>\n<p><strong>Agnelo Yubero <\/strong><\/p>\n","protected":false},"excerpt":{"rendered":"<p>Ha sido una constante en nuestra actividad senderista no solo recorrer distancias por caminos \u00a0m\u00e1s o menos accesibles o inc\u00f3modos, y comprobar que nuestras piernas todav\u00eda resisten el paso de los a\u00f1os y estimulan nuestro vigor f\u00edsico, sino tambi\u00e9n \u00a0conocer y enriquecernos \u00a0con los aspectos de inter\u00e9s que el entorno <\/p>\n<p><a class=\"read-more\" href=\"https:\/\/soriapasoapaso.es\/?p=18510\">Read More<\/a><\/p>\n","protected":false},"author":1,"featured_media":18529,"comment_status":"open","ping_status":"open","sticky":false,"template":"","format":"standard","meta":{"footnotes":""},"categories":[21,1],"tags":[],"class_list":["post-18510","post","type-post","status-publish","format-standard","has-post-thumbnail","hentry","category-rutas","category-uncategorized"],"_links":{"self":[{"href":"https:\/\/soriapasoapaso.es\/index.php?rest_route=\/wp\/v2\/posts\/18510","targetHints":{"allow":["GET"]}}],"collection":[{"href":"https:\/\/soriapasoapaso.es\/index.php?rest_route=\/wp\/v2\/posts"}],"about":[{"href":"https:\/\/soriapasoapaso.es\/index.php?rest_route=\/wp\/v2\/types\/post"}],"author":[{"embeddable":true,"href":"https:\/\/soriapasoapaso.es\/index.php?rest_route=\/wp\/v2\/users\/1"}],"replies":[{"embeddable":true,"href":"https:\/\/soriapasoapaso.es\/index.php?rest_route=%2Fwp%2Fv2%2Fcomments&post=18510"}],"version-history":[{"count":1,"href":"https:\/\/soriapasoapaso.es\/index.php?rest_route=\/wp\/v2\/posts\/18510\/revisions"}],"predecessor-version":[{"id":18530,"href":"https:\/\/soriapasoapaso.es\/index.php?rest_route=\/wp\/v2\/posts\/18510\/revisions\/18530"}],"wp:featuredmedia":[{"embeddable":true,"href":"https:\/\/soriapasoapaso.es\/index.php?rest_route=\/wp\/v2\/media\/18529"}],"wp:attachment":[{"href":"https:\/\/soriapasoapaso.es\/index.php?rest_route=%2Fwp%2Fv2%2Fmedia&parent=18510"}],"wp:term":[{"taxonomy":"category","embeddable":true,"href":"https:\/\/soriapasoapaso.es\/index.php?rest_route=%2Fwp%2Fv2%2Fcategories&post=18510"},{"taxonomy":"post_tag","embeddable":true,"href":"https:\/\/soriapasoapaso.es\/index.php?rest_route=%2Fwp%2Fv2%2Ftags&post=18510"}],"curies":[{"name":"wp","href":"https:\/\/api.w.org\/{rel}","templated":true}]}}