{"id":18093,"date":"2026-01-26T19:09:25","date_gmt":"2026-01-26T18:09:25","guid":{"rendered":"https:\/\/soriapasoapaso.es\/?p=18093"},"modified":"2026-01-26T19:14:27","modified_gmt":"2026-01-26T18:14:27","slug":"rutas-que-son-memoria-e-historia-20-de-diciembre-de-2025-y-17-enero-de-2026","status":"publish","type":"post","link":"https:\/\/soriapasoapaso.es\/?p=18093","title":{"rendered":"RUTAS QUE SON MEMORIA E HISTORIA.  (20 de diciembre de 2025 y 17 enero de 2026)"},"content":{"rendered":"<p>El t\u00edtulo no es caprichoso. Porque hay rutas que hacemos anualmente, siguiendo una tradici\u00f3n, casi reverencial, en funci\u00f3n del tiempo y el lugar hacia el que dirigimos nuestro peregrinaje.<\/p>\n<p>Y una de ellas, casi la m\u00e1s consagrada por nuestro grupo, es la puesta del Bel\u00e9n en el Pico Frentes, cada a\u00f1o por Navidad. Y la retirada de este, pasadas las fiestas navide\u00f1as<\/p>\n<p>Y este a\u00f1o no pod\u00eda faltar el culto a las puertas de estas entra\u00f1ables fiestas, como es la colocaci\u00f3n del Belen, a los pies del entra\u00f1able pico que observa nuestros movimientos por la ciudad que nos acoge, junto a la placa que recuerda la memoria de quien fue un ejemplar compa\u00f1ero del grupo. Y, posteriormente, la subida a nuestro familiar Pico a retirar las figuras que han testimoniado nuestra simb\u00f3lica presencia durante estos d\u00edas.<\/p>\n<p><img loading=\"lazy\" decoding=\"async\" class=\"alignnone size-large wp-image-18094\" src=\"http:\/\/soriapasoapaso.es\/wp-content\/uploads\/2026\/01\/1-noob4.2qF6_20-12-2025_08.53.36_363.iPhone-vibrant-1024x576.jpg\" alt=\"\" width=\"880\" height=\"495\" srcset=\"https:\/\/soriapasoapaso.es\/wp-content\/uploads\/2026\/01\/1-noob4.2qF6_20-12-2025_08.53.36_363.iPhone-vibrant-1024x576.jpg 1024w, https:\/\/soriapasoapaso.es\/wp-content\/uploads\/2026\/01\/1-noob4.2qF6_20-12-2025_08.53.36_363.iPhone-vibrant-300x169.jpg 300w, https:\/\/soriapasoapaso.es\/wp-content\/uploads\/2026\/01\/1-noob4.2qF6_20-12-2025_08.53.36_363.iPhone-vibrant-768x432.jpg 768w, https:\/\/soriapasoapaso.es\/wp-content\/uploads\/2026\/01\/1-noob4.2qF6_20-12-2025_08.53.36_363.iPhone-vibrant-1536x864.jpg 1536w, https:\/\/soriapasoapaso.es\/wp-content\/uploads\/2026\/01\/1-noob4.2qF6_20-12-2025_08.53.36_363.iPhone-vibrant-2048x1152.jpg 2048w\" sizes=\"auto, (max-width: 880px) 100vw, 880px\" \/><\/p>\n<p>Empecemos por lo primero. La subida al Pico Frentes siempre es un d\u00eda de alegr\u00eda, celebraci\u00f3n y recordatorio de las fechas que vivimos. Y, como no pod\u00eda ser menos, no hacemos la subida ya reiterada y ritual de acceso directo hasta el punto geod\u00e9sico que marca la altitud de la colina m\u00e1s elevada en las inmediaciones de la poblaci\u00f3n soriana de Fuentetoba si no que vamos serpenteando entre carrascas, pedregales y yermos p\u00e1ramos \u00a0\u00a0para visitar otros lugares que, no por no ser la primera vez que admiramos, resultan menos atractivos a nuestra curiosidad senderista.<\/p>\n<p><img loading=\"lazy\" decoding=\"async\" class=\"alignnone size-large wp-image-18095\" src=\"http:\/\/soriapasoapaso.es\/wp-content\/uploads\/2026\/01\/2-noob4.2qF6_20-12-2025_10.06.38_590.iPhone-vibrant-1024x576.jpg\" alt=\"\" width=\"880\" height=\"495\" srcset=\"https:\/\/soriapasoapaso.es\/wp-content\/uploads\/2026\/01\/2-noob4.2qF6_20-12-2025_10.06.38_590.iPhone-vibrant-1024x576.jpg 1024w, https:\/\/soriapasoapaso.es\/wp-content\/uploads\/2026\/01\/2-noob4.2qF6_20-12-2025_10.06.38_590.iPhone-vibrant-300x169.jpg 300w, https:\/\/soriapasoapaso.es\/wp-content\/uploads\/2026\/01\/2-noob4.2qF6_20-12-2025_10.06.38_590.iPhone-vibrant-768x432.jpg 768w, https:\/\/soriapasoapaso.es\/wp-content\/uploads\/2026\/01\/2-noob4.2qF6_20-12-2025_10.06.38_590.iPhone-vibrant.jpg 1063w\" sizes=\"auto, (max-width: 880px) 100vw, 880px\" \/><\/p>\n<p>Mientras caminamos, vamos encontrando a ras de suelo restos de las antiguas carboneras, todo un arte para quemar la madera de las carrascas y encinas que abundan por estos lares y obtener el preciado carb\u00f3n, que era la materia prima con la que calentar viviendas en los crudos d\u00edas del invierno soriano, a la vez que solucionaban el uso de la energ\u00eda calor\u00edfica para fines culinarios.<\/p>\n<p>Y no por conocidos resultan menos atrayentes otros rincones que, intencionadamente, est\u00e1n marcados hoy en nuestra ruta.:<\/p>\n<p>Uno de ellos es la llamada Cueva de los Cazadores. Se trata de una generosa oquedad formada por desprendimiento del suelo junto a una pared rocosa, que da origen a una amplia galer\u00eda bajo cobertura del macizo p\u00e9treo en forma de visera que protege su interior. Se accede a ella por una relativa f\u00e1cil pendiente y, como su nombre indica, era el lugar de reuni\u00f3n, cuando no de protecci\u00f3n de los accidentes meteorol\u00f3gicos, de los cazadores que por estas tierras bat\u00edan espacios en busca del preciado trofeo cineg\u00e9tico. En su interior a\u00fan se conserva alguna rudimentaria mesa de piedra, cuyo uso no es dif\u00edcil imaginar a qu\u00e9 estaba destinado.<\/p>\n<p><img loading=\"lazy\" decoding=\"async\" class=\"alignnone size-large wp-image-18096\" src=\"http:\/\/soriapasoapaso.es\/wp-content\/uploads\/2026\/01\/3-noob4.2qF6_20-12-2025_10.32.59_259.iPhone-vibrant-1024x576.jpg\" alt=\"\" width=\"880\" height=\"495\" srcset=\"https:\/\/soriapasoapaso.es\/wp-content\/uploads\/2026\/01\/3-noob4.2qF6_20-12-2025_10.32.59_259.iPhone-vibrant-1024x576.jpg 1024w, https:\/\/soriapasoapaso.es\/wp-content\/uploads\/2026\/01\/3-noob4.2qF6_20-12-2025_10.32.59_259.iPhone-vibrant-300x169.jpg 300w, https:\/\/soriapasoapaso.es\/wp-content\/uploads\/2026\/01\/3-noob4.2qF6_20-12-2025_10.32.59_259.iPhone-vibrant-768x432.jpg 768w, https:\/\/soriapasoapaso.es\/wp-content\/uploads\/2026\/01\/3-noob4.2qF6_20-12-2025_10.32.59_259.iPhone-vibrant.jpg 1063w\" sizes=\"auto, (max-width: 880px) 100vw, 880px\" \/><\/p>\n<p>Y siguiendo la programada ruta que nuestros sherpas han dise\u00f1ado para hacer m\u00e1s agradable la prosaica subida al Pico, nos encontramos con otro rinc\u00f3n de indudable inter\u00e9s para los amantes de la espeleolog\u00eda: el espacio conocido como La Sima. \u00a0Como su nombre indica, no es un lugar que sea f\u00e1cilmente visitable en su interior, salvo para los profesionales que hurgan en las cavidades interiores de nuestra corteza terrestre, y que a los ajenos en esta materia solo nos queda escuchar de aquellos lo que ocultan estos agujeros internos, a modo de acertijos sugerentes para nuestra capacidad de admiraci\u00f3n. Solo diremos que, desde el exterior, se observa una prolongada grieta sobre el suelo, que nos hace pensar en una indefinida profundidad alargada hasta espacios que no alcanzamos a divisar.<\/p>\n<p><img loading=\"lazy\" decoding=\"async\" class=\"alignnone size-large wp-image-18097\" src=\"http:\/\/soriapasoapaso.es\/wp-content\/uploads\/2026\/01\/4-noob4.2qF6_20-12-2025_10.26.24_309.iPhone-vibrant-1024x576.jpg\" alt=\"\" width=\"880\" height=\"495\" srcset=\"https:\/\/soriapasoapaso.es\/wp-content\/uploads\/2026\/01\/4-noob4.2qF6_20-12-2025_10.26.24_309.iPhone-vibrant-1024x576.jpg 1024w, https:\/\/soriapasoapaso.es\/wp-content\/uploads\/2026\/01\/4-noob4.2qF6_20-12-2025_10.26.24_309.iPhone-vibrant-300x169.jpg 300w, https:\/\/soriapasoapaso.es\/wp-content\/uploads\/2026\/01\/4-noob4.2qF6_20-12-2025_10.26.24_309.iPhone-vibrant-768x432.jpg 768w, https:\/\/soriapasoapaso.es\/wp-content\/uploads\/2026\/01\/4-noob4.2qF6_20-12-2025_10.26.24_309.iPhone-vibrant.jpg 1063w\" sizes=\"auto, (max-width: 880px) 100vw, 880px\" \/><\/p>\n<p>Seguimos entre un espeso arbolado de encinas y carrascas, que pronto dan salida a un trecho del camino de aspecto m\u00e1s austero, donde la pisada se asienta sobre prominentes pedregales, hendidos en su capa m\u00e1s superficial por numerosas perforaciones producidas por efecto del agua, el sol, la lluvia, \u2026..En definitiva, agujeros producidos por procesos geol\u00f3gicos como la meteorizaci\u00f3n (erosi\u00f3n por viento, agua, \u00e1cido) y procesos internos durante su formaci\u00f3n (peque\u00f1os huecos o poros llenos de cristales que se erosionan). Es un suelo abrupto, en el que es necesario tomar ciertas precauciones al pisar, si la piedra est\u00e1 h\u00fameda, aunque en este caso no encontramos mayores dificultades para transitar por ellas.<\/p>\n<p>Y enseguida salimos a la cara m\u00e1s occidental del Pico Frentes, que nos permite una visi\u00f3n m\u00e1s n\u00edtida de los n\u00facleos de poblaci\u00f3n que se estiran bajo las faldas de esta emblem\u00e1tica y reconocida elevaci\u00f3n monta\u00f1osa (1.345 m. de altitud): Toledillo, Cidones y en su cara nororiental el pol\u00edgono de Carbonera y las proximidades de Golmayo.<\/p>\n<p><img loading=\"lazy\" decoding=\"async\" class=\"alignnone size-large wp-image-18098\" src=\"http:\/\/soriapasoapaso.es\/wp-content\/uploads\/2026\/01\/5-noob4.2qF6_20-12-2025_11.27.54_651.iPhone-vibrant-1024x576.jpg\" alt=\"\" width=\"880\" height=\"495\" srcset=\"https:\/\/soriapasoapaso.es\/wp-content\/uploads\/2026\/01\/5-noob4.2qF6_20-12-2025_11.27.54_651.iPhone-vibrant-1024x576.jpg 1024w, https:\/\/soriapasoapaso.es\/wp-content\/uploads\/2026\/01\/5-noob4.2qF6_20-12-2025_11.27.54_651.iPhone-vibrant-300x169.jpg 300w, https:\/\/soriapasoapaso.es\/wp-content\/uploads\/2026\/01\/5-noob4.2qF6_20-12-2025_11.27.54_651.iPhone-vibrant-768x432.jpg 768w, https:\/\/soriapasoapaso.es\/wp-content\/uploads\/2026\/01\/5-noob4.2qF6_20-12-2025_11.27.54_651.iPhone-vibrant.jpg 1063w\" sizes=\"auto, (max-width: 880px) 100vw, 880px\" \/><\/p>\n<p>Continuamos por esta cumbre en animada conversaci\u00f3n que forman los min\u00fasculos grupos que se han ido creando a lo largo de la subida, con la mirada puesta en el horizonte m\u00e1s elevado en la distancia: la peque\u00f1a columna cil\u00edndrica que marca el punto geod\u00e9sico de m\u00e1xima altitud.<\/p>\n<p>A\u00f1os atr\u00e1s, nuestro modesto Bel\u00e9n lo coloc\u00e1bamos bajo una encina pr\u00f3xima a este emplazamiento. Desde el a\u00f1o 2019, con motivo del fallecimiento de nuestro recordado Juli\u00e1n, hemos trasladado este emotivo recuerdo unos metros m\u00e1s abajo, emplazando la colocaci\u00f3n de las figuras navide\u00f1as al amparo de una oquedad que forma la pared de piedra pr\u00f3xima a la placa que recuerda a nuestro compa\u00f1ero.<\/p>\n<p><img loading=\"lazy\" decoding=\"async\" class=\"alignnone size-large wp-image-18099\" src=\"http:\/\/soriapasoapaso.es\/wp-content\/uploads\/2026\/01\/6-IMG_20251220_114314-1024x769.jpg\" alt=\"\" width=\"880\" height=\"661\" srcset=\"https:\/\/soriapasoapaso.es\/wp-content\/uploads\/2026\/01\/6-IMG_20251220_114314-1024x769.jpg 1024w, https:\/\/soriapasoapaso.es\/wp-content\/uploads\/2026\/01\/6-IMG_20251220_114314-300x225.jpg 300w, https:\/\/soriapasoapaso.es\/wp-content\/uploads\/2026\/01\/6-IMG_20251220_114314-768x577.jpg 768w, https:\/\/soriapasoapaso.es\/wp-content\/uploads\/2026\/01\/6-IMG_20251220_114314.jpg 1063w\" sizes=\"auto, (max-width: 880px) 100vw, 880px\" \/><\/p>\n<p>El tiempo, aunque con cielo gris oto\u00f1al, nos hab\u00eda respetado. All\u00ed hacemos el consabido refuerzo gastron\u00f3mico que toda ruta exige. Y es en ese momento cuando el tiempo se torna hostil y comienza a enviarnos una lluvia-granizo-nieve, en forma de min\u00fasculas bolas del tama\u00f1o de la sopa de s\u00e9mola, que se empe\u00f1an en enturbiar la desenvoltura del bocadillo. No dura mucho tiempo y en apenas 5 minutos, volvemos de nuevo a disfrutar de las viandas celosamente conservadas en la mochila y, en esta ocasi\u00f3n, ampliadas con los presentes que cada compa\u00f1ero aporta para hacer m\u00e1s intenso y alegre este momento de la colocaci\u00f3n de nuestro peque\u00f1o Belen, tributo a la Navidad con que el grupo rememora esta tradici\u00f3n hist\u00f3rica.<\/p>\n<p><img loading=\"lazy\" decoding=\"async\" class=\"alignnone size-large wp-image-18100\" src=\"http:\/\/soriapasoapaso.es\/wp-content\/uploads\/2026\/01\/7-noob4.2qF6_20-12-2025_12.07.40_235.iPhone-vibrant-1024x575.jpg\" alt=\"\" width=\"880\" height=\"494\" srcset=\"https:\/\/soriapasoapaso.es\/wp-content\/uploads\/2026\/01\/7-noob4.2qF6_20-12-2025_12.07.40_235.iPhone-vibrant-1024x575.jpg 1024w, https:\/\/soriapasoapaso.es\/wp-content\/uploads\/2026\/01\/7-noob4.2qF6_20-12-2025_12.07.40_235.iPhone-vibrant-300x169.jpg 300w, https:\/\/soriapasoapaso.es\/wp-content\/uploads\/2026\/01\/7-noob4.2qF6_20-12-2025_12.07.40_235.iPhone-vibrant-768x431.jpg 768w, https:\/\/soriapasoapaso.es\/wp-content\/uploads\/2026\/01\/7-noob4.2qF6_20-12-2025_12.07.40_235.iPhone-vibrant.jpg 1068w\" sizes=\"auto, (max-width: 880px) 100vw, 880px\" \/><\/p>\n<p>Gemma ha subido las figuritas navide\u00f1as, que, celosamente, va colocando en la oquedad de la piedra que ya se ha convertido casi en patrimonio del club en estas fechas navide\u00f1as. Y Chus Romero va repartiendo los folios cuidadosamente conservados en una cartuchera de pl\u00e1stico, donde est\u00e1n recogidas las letras de los villancicos que, espont\u00e1neamente, vamos entonando, uno detr\u00e1s de otro, mientras facilitamos el tr\u00e1nsito intestinal de los bombones, las delicatesen de los turrones, el cava que ha descorchado Jos\u00e9 o las peque\u00f1as barritas de chocolate almendrado que reparte Enedina. Por poner algunos ejemplos, porque han sido m\u00e1s los compa\u00f1eros que han aportado su particular \u00f3bolo, en forma de delicias navide\u00f1as.<\/p>\n<p><img loading=\"lazy\" decoding=\"async\" class=\"alignnone size-large wp-image-18101\" src=\"http:\/\/soriapasoapaso.es\/wp-content\/uploads\/2026\/01\/8-IMG_20251220_122453-1024x461.jpg\" alt=\"\" width=\"880\" height=\"396\" srcset=\"https:\/\/soriapasoapaso.es\/wp-content\/uploads\/2026\/01\/8-IMG_20251220_122453-1024x461.jpg 1024w, https:\/\/soriapasoapaso.es\/wp-content\/uploads\/2026\/01\/8-IMG_20251220_122453-300x135.jpg 300w, https:\/\/soriapasoapaso.es\/wp-content\/uploads\/2026\/01\/8-IMG_20251220_122453-768x346.jpg 768w, https:\/\/soriapasoapaso.es\/wp-content\/uploads\/2026\/01\/8-IMG_20251220_122453.jpg 1063w\" sizes=\"auto, (max-width: 880px) 100vw, 880px\" \/><\/p>\n<p>Satisfechas nuestras gargantas, tanto por la pr\u00e1ctica del canto, como de la ingesta propia de la celebraci\u00f3n, nos disponemos a emprender el camino de regreso hacia el punto de partida. Y lo hacemos por el sitio habitual, es decir, por el camino m\u00e1s corto hasta Fuentetoba, pero tambi\u00e9n el m\u00e1s vertical. Y en poco m\u00e1s de media hora estamos de nuevo ante el aparcamiento de los coches que nos devuelven a Soria.<\/p>\n<p>Todav\u00eda quedan algunas semanas para que volvamos a recoger nuestra \u201cpertenec\u00eda\u201d navide\u00f1a, que hemos dejado all\u00e1 arriba, junto a la placa y la memoria de un compa\u00f1ero que se fue.<\/p>\n<p><img loading=\"lazy\" decoding=\"async\" class=\"size-full wp-image-18102 aligncenter\" src=\"http:\/\/soriapasoapaso.es\/wp-content\/uploads\/2026\/01\/10-20260117_125448.jpg\" alt=\"\" width=\"403\" height=\"870\" srcset=\"https:\/\/soriapasoapaso.es\/wp-content\/uploads\/2026\/01\/10-20260117_125448.jpg 403w, https:\/\/soriapasoapaso.es\/wp-content\/uploads\/2026\/01\/10-20260117_125448-139x300.jpg 139w\" sizes=\"auto, (max-width: 403px) 100vw, 403px\" \/><\/p>\n<p>Es el d\u00eda de S. Ant\u00f3n cuando de nuevo caminamos monta\u00f1a arriba a recoger nuestro peque\u00f1o nacimiento y a saludar de nuevo a nuestro recordado Juli\u00e1n. Hoy comenzamos la jornada con aviso de lluvias, probabilidad de nieve y con una imagen fant\u00e1stica del macizo de Pico Frentes con un gran remate de nubes espesas sobre \u00e9l, por lo que, aquellos que saben apreciar el momento de tomar una buena instant\u00e1nea fotogr\u00e1fica empiezan a sacar fotos ya desde el interior del coche seg\u00fan nos vamos acercando a la urbanizaci\u00f3n de Fuentetoba.<\/p>\n<p><img loading=\"lazy\" decoding=\"async\" class=\"alignnone size-large wp-image-18103\" src=\"http:\/\/soriapasoapaso.es\/wp-content\/uploads\/2026\/01\/11-20260117_090452-1024x473.jpg\" alt=\"\" width=\"880\" height=\"406\" srcset=\"https:\/\/soriapasoapaso.es\/wp-content\/uploads\/2026\/01\/11-20260117_090452-1024x473.jpg 1024w, https:\/\/soriapasoapaso.es\/wp-content\/uploads\/2026\/01\/11-20260117_090452-300x139.jpg 300w, https:\/\/soriapasoapaso.es\/wp-content\/uploads\/2026\/01\/11-20260117_090452-768x355.jpg 768w, https:\/\/soriapasoapaso.es\/wp-content\/uploads\/2026\/01\/11-20260117_090452.jpg 1063w\" sizes=\"auto, (max-width: 880px) 100vw, 880px\" \/><\/p>\n<p>El d\u00eda es plomizo e invernal y tanto por el campo de trigo que empezamos bordeando como por el sendero que seguimos hacia el alto de la Celada el suelo es blando, arcilloso y pegajoso; en esta ocasi\u00f3n tampoco podemos identificar la surgencia de la Fuente Romana porque sigue seca. Las nieblas se van moviendo de forma que desde el alto, vemos que ahora est\u00e1n sobre Soria y sobre las monta\u00f1as del sur de forma que a lo lejos los aerogeneradores parecen surgencias fantasmales entre la niebla.<\/p>\n<p><img loading=\"lazy\" decoding=\"async\" class=\"alignnone size-large wp-image-18104\" src=\"http:\/\/soriapasoapaso.es\/wp-content\/uploads\/2026\/01\/12-noob4.2qF6_17-01-2026_09.11.38_007.iPhone-ZSL-1024x576.jpg\" alt=\"\" width=\"880\" height=\"495\" srcset=\"https:\/\/soriapasoapaso.es\/wp-content\/uploads\/2026\/01\/12-noob4.2qF6_17-01-2026_09.11.38_007.iPhone-ZSL-1024x576.jpg 1024w, https:\/\/soriapasoapaso.es\/wp-content\/uploads\/2026\/01\/12-noob4.2qF6_17-01-2026_09.11.38_007.iPhone-ZSL-300x169.jpg 300w, https:\/\/soriapasoapaso.es\/wp-content\/uploads\/2026\/01\/12-noob4.2qF6_17-01-2026_09.11.38_007.iPhone-ZSL-768x432.jpg 768w, https:\/\/soriapasoapaso.es\/wp-content\/uploads\/2026\/01\/12-noob4.2qF6_17-01-2026_09.11.38_007.iPhone-ZSL.jpg 1063w\" sizes=\"auto, (max-width: 880px) 100vw, 880px\" \/><\/p>\n<p>Nuestro siguiente objetivo es ir directos al borde de la Sierra Llana, dejando a un lado encinares, cuevas y simas porque Chano va alertando de que debemos espabilar y no entretenernos en nuestro camino ya que se escapa alg\u00fan copo. La naturaleza nos regala el espect\u00e1culo de una manada de ciervos corriendo a lo lejos, seg\u00fan llegamos al borde de precipicio donde seguimos haciendo fotograf\u00edas de la peculiar atm\u00f3sfera que produce la combinaci\u00f3n de capas de niebla sobre los pueblos y las monta\u00f1as nevadas.<\/p>\n<p><img loading=\"lazy\" decoding=\"async\" class=\"alignnone size-large wp-image-18105\" src=\"http:\/\/soriapasoapaso.es\/wp-content\/uploads\/2026\/01\/13-noob4.2qF6_17-01-2026_11.07.58_641.iPhone-vibrant-1024x575.jpg\" alt=\"\" width=\"880\" height=\"494\" srcset=\"https:\/\/soriapasoapaso.es\/wp-content\/uploads\/2026\/01\/13-noob4.2qF6_17-01-2026_11.07.58_641.iPhone-vibrant-1024x575.jpg 1024w, https:\/\/soriapasoapaso.es\/wp-content\/uploads\/2026\/01\/13-noob4.2qF6_17-01-2026_11.07.58_641.iPhone-vibrant-300x169.jpg 300w, https:\/\/soriapasoapaso.es\/wp-content\/uploads\/2026\/01\/13-noob4.2qF6_17-01-2026_11.07.58_641.iPhone-vibrant-768x431.jpg 768w, https:\/\/soriapasoapaso.es\/wp-content\/uploads\/2026\/01\/13-noob4.2qF6_17-01-2026_11.07.58_641.iPhone-vibrant.jpg 1068w\" sizes=\"auto, (max-width: 880px) 100vw, 880px\" \/><\/p>\n<p>Las grandes aves que se hospedan en los cortados calc\u00e1reos nos reciben en gran n\u00famero formando un batall\u00f3n que planea muy bajo y que nos acompa\u00f1a hasta llegar al punto geod\u00e9sico donde como en tantas otras ocasiones nos deleitamos con vistas \u00fanicas y nos hacemos otra entra\u00f1able foto pasopaasera.<\/p>\n<p><img loading=\"lazy\" decoding=\"async\" class=\"alignnone size-large wp-image-18106\" src=\"http:\/\/soriapasoapaso.es\/wp-content\/uploads\/2026\/01\/14-IMG_20260117_111851-1024x473.jpg\" alt=\"\" width=\"880\" height=\"406\" srcset=\"https:\/\/soriapasoapaso.es\/wp-content\/uploads\/2026\/01\/14-IMG_20260117_111851-1024x473.jpg 1024w, https:\/\/soriapasoapaso.es\/wp-content\/uploads\/2026\/01\/14-IMG_20260117_111851-300x139.jpg 300w, https:\/\/soriapasoapaso.es\/wp-content\/uploads\/2026\/01\/14-IMG_20260117_111851-768x355.jpg 768w, https:\/\/soriapasoapaso.es\/wp-content\/uploads\/2026\/01\/14-IMG_20260117_111851.jpg 1063w\" sizes=\"auto, (max-width: 880px) 100vw, 880px\" \/><\/p>\n<p>Al llegar al lugar donde hab\u00edamos colocado nuestro peque\u00f1o Bel\u00e9n, nos encontramos con que parte de las figuras est\u00e1n esparcidas por el suelo. Afortunadamente, ninguna ha sufrido da\u00f1os y son recogidas y guardadas cuidadosamente para el pr\u00f3ximo a\u00f1o por Gema y Ana.<\/p>\n<p><img loading=\"lazy\" decoding=\"async\" class=\"alignnone size-large wp-image-18107\" src=\"http:\/\/soriapasoapaso.es\/wp-content\/uploads\/2026\/01\/15-14520260117_113319-1024x473.jpg\" alt=\"\" width=\"880\" height=\"406\" srcset=\"https:\/\/soriapasoapaso.es\/wp-content\/uploads\/2026\/01\/15-14520260117_113319-1024x473.jpg 1024w, https:\/\/soriapasoapaso.es\/wp-content\/uploads\/2026\/01\/15-14520260117_113319-300x139.jpg 300w, https:\/\/soriapasoapaso.es\/wp-content\/uploads\/2026\/01\/15-14520260117_113319-768x355.jpg 768w, https:\/\/soriapasoapaso.es\/wp-content\/uploads\/2026\/01\/15-14520260117_113319.jpg 1063w\" sizes=\"auto, (max-width: 880px) 100vw, 880px\" \/><\/p>\n<p>Las nubes procedentes de las monta\u00f1as del noroeste se tornan especialmente amenazadoras, y pronto nos vemos alcanzados por un par de algarazos de nieve por lo que tomamos el almuerzo r\u00e1pidamente y un\u201d Ferrero Rocher\u201d ofrecido por Jes\u00fas, pone el broche final a nuestra hoy breve pausa de media ma\u00f1ana para iniciar el descenso de la monta\u00f1a, apremiados por la llegada de los nubarrones.<\/p>\n<p><img loading=\"lazy\" decoding=\"async\" class=\"alignnone size-large wp-image-18108\" src=\"http:\/\/soriapasoapaso.es\/wp-content\/uploads\/2026\/01\/16-noob4.2qF6_17-01-2026_11.44.32_613.iPhone-vibrant-1024x576.jpg\" alt=\"\" width=\"880\" height=\"495\" srcset=\"https:\/\/soriapasoapaso.es\/wp-content\/uploads\/2026\/01\/16-noob4.2qF6_17-01-2026_11.44.32_613.iPhone-vibrant-1024x576.jpg 1024w, https:\/\/soriapasoapaso.es\/wp-content\/uploads\/2026\/01\/16-noob4.2qF6_17-01-2026_11.44.32_613.iPhone-vibrant-300x169.jpg 300w, https:\/\/soriapasoapaso.es\/wp-content\/uploads\/2026\/01\/16-noob4.2qF6_17-01-2026_11.44.32_613.iPhone-vibrant-768x432.jpg 768w, https:\/\/soriapasoapaso.es\/wp-content\/uploads\/2026\/01\/16-noob4.2qF6_17-01-2026_11.44.32_613.iPhone-vibrant.jpg 1063w\" sizes=\"auto, (max-width: 880px) 100vw, 880px\" \/><\/p>\n<p>Como parte de nuestra ruta de descenso, inevitablemente pasamos por la Monj\u00eda, lo que nos brinda la oportunidad de contemplar de cerca el avanzado deterioro de este emblem\u00e1tico lugar. Al observar sus tejados completamente hundidos, surge la esperanza de que la situaci\u00f3n mejore ahora que el antiguo monasterio del siglo XI forma parte del patrimonio del ayuntamiento del pueblo.<\/p>\n<p><img loading=\"lazy\" decoding=\"async\" class=\"alignnone size-large wp-image-18109\" src=\"http:\/\/soriapasoapaso.es\/wp-content\/uploads\/2026\/01\/17-20260117_122402-1024x473.jpg\" alt=\"\" width=\"880\" height=\"406\" srcset=\"https:\/\/soriapasoapaso.es\/wp-content\/uploads\/2026\/01\/17-20260117_122402-1024x473.jpg 1024w, https:\/\/soriapasoapaso.es\/wp-content\/uploads\/2026\/01\/17-20260117_122402-300x139.jpg 300w, https:\/\/soriapasoapaso.es\/wp-content\/uploads\/2026\/01\/17-20260117_122402-768x355.jpg 768w, https:\/\/soriapasoapaso.es\/wp-content\/uploads\/2026\/01\/17-20260117_122402.jpg 1063w\" sizes=\"auto, (max-width: 880px) 100vw, 880px\" \/><\/p>\n<p>Junto a la Monj\u00eda, la cascada de la Toba es otro de los dos enclaves m\u00e1s destacados de las faldas del Pico Frentes y cada vez que recorremos estos parajes la visitamos como colof\u00f3n de nuestra ruta, comprobando el caudal de agua que desciende por la cascada, cuya fuerza y volumen dependen directamente del nivel de agua almacenado en el interior de la sierra.<\/p>\n<p>Cumplida la misi\u00f3n de recoger nuestro Bel\u00e9n, llega el esperado momento de la comida anual, en la que todos los miembros del grupo nos reunimos para compartir mucho m\u00e1s que un simple almuerzo porque es ya una tradici\u00f3n que refuerza los lazos de amistad entre nosotros, permiti\u00e9ndonos descubrir afinidades y nuevos puntos en com\u00fan a trav\u00e9s de la conversaci\u00f3n y la convivencia. Todos estamos de acuerdo en que hay una pasi\u00f3n com\u00fan ya compartida por todos: caminar por la naturaleza, subir y bajar monta\u00f1as, cruzar r\u00edos y explorar nuevos senderos.<\/p>\n<p><img loading=\"lazy\" decoding=\"async\" class=\"alignnone size-large wp-image-18110\" src=\"http:\/\/soriapasoapaso.es\/wp-content\/uploads\/2026\/01\/18-20260117_160446-1024x461.jpg\" alt=\"\" width=\"880\" height=\"396\" srcset=\"https:\/\/soriapasoapaso.es\/wp-content\/uploads\/2026\/01\/18-20260117_160446-1024x461.jpg 1024w, https:\/\/soriapasoapaso.es\/wp-content\/uploads\/2026\/01\/18-20260117_160446-300x135.jpg 300w, https:\/\/soriapasoapaso.es\/wp-content\/uploads\/2026\/01\/18-20260117_160446-768x346.jpg 768w, https:\/\/soriapasoapaso.es\/wp-content\/uploads\/2026\/01\/18-20260117_160446.jpg 1068w\" sizes=\"auto, (max-width: 880px) 100vw, 880px\" \/><\/p>\n<p>Cerramos una etapa especial porque se ha celebrado el d\u00e9cimo aniversario del grupo y pudimos compartir una estupenda celebraci\u00f3n con personas que pertenecieron al grupo y que fueron pilares fundamentales para su consolidaci\u00f3n y buen funcionamiento. Hemos tenido un a\u00f1o de grandes aventuras y de experiencias inolvidables que nos han llevado a explorar desde las profundidades de la tierra en profundas gargantas hasta alcanzar cumbres de gran altitud porque algunos de los m\u00e1s valientes y fuertes del grupo lograron batir el r\u00e9cord de alcanzar un pico de 3.000 metros, un logro que supone un motivo de orgullo para todos.<\/p>\n<p>Nuestros recorridos han atravesado ecosistemas muy diversos: hayedos llenos de vida, quejigares, sabinares, pinares, acebales, e incluso una impresionante Tejeda. Tambi\u00e9n hemos paseado entre vi\u00f1edos, subido cerros y visitado cascadas y majestuosos mayos, completando as\u00ed un a\u00f1o repleto de experiencias y paisajes \u00fanicos.<\/p>\n<p><img loading=\"lazy\" decoding=\"async\" class=\"alignnone size-large wp-image-18111\" src=\"http:\/\/soriapasoapaso.es\/wp-content\/uploads\/2026\/01\/19-20260117_111132-1024x474.jpg\" alt=\"\" width=\"880\" height=\"407\" srcset=\"https:\/\/soriapasoapaso.es\/wp-content\/uploads\/2026\/01\/19-20260117_111132-1024x474.jpg 1024w, https:\/\/soriapasoapaso.es\/wp-content\/uploads\/2026\/01\/19-20260117_111132-300x139.jpg 300w, https:\/\/soriapasoapaso.es\/wp-content\/uploads\/2026\/01\/19-20260117_111132-768x355.jpg 768w, https:\/\/soriapasoapaso.es\/wp-content\/uploads\/2026\/01\/19-20260117_111132.jpg 1068w\" sizes=\"auto, (max-width: 880px) 100vw, 880px\" \/><\/p>\n<p>Al iniciar las actividades de 2026, resulta imprescindible destacar la labor fundamental y altruista que realiza la junta directiva, cuyos miembros se encargan de organizar cada detalle de las actividades, asegurando que todo funcione correctamente y que la experiencia de los senderistas sea siempre satisfactoria. La implicaci\u00f3n de todos es clave para fortalecer el esp\u00edritu del colectivo pasopasero y garantizar que las futuras iniciativas sigan siendo tan enriquecedoras como hasta ahora, para que nuestras rutas sigan quedando en nuestra memoria y haciendo historia.<\/p>\n<p>AGNELO Y EMI<\/p>\n","protected":false},"excerpt":{"rendered":"<p>El t\u00edtulo no es caprichoso. Porque hay rutas que hacemos anualmente, siguiendo una tradici\u00f3n, casi reverencial, en funci\u00f3n del tiempo y el lugar hacia el que dirigimos nuestro peregrinaje. Y una de ellas, casi la m\u00e1s consagrada por nuestro grupo, es la puesta del Bel\u00e9n en el Pico Frentes, cada <\/p>\n<p><a class=\"read-more\" href=\"https:\/\/soriapasoapaso.es\/?p=18093\">Read More<\/a><\/p>\n","protected":false},"author":1,"featured_media":18112,"comment_status":"open","ping_status":"open","sticky":false,"template":"","format":"standard","meta":{"footnotes":""},"categories":[21,1],"tags":[],"class_list":["post-18093","post","type-post","status-publish","format-standard","has-post-thumbnail","hentry","category-rutas","category-uncategorized"],"_links":{"self":[{"href":"https:\/\/soriapasoapaso.es\/index.php?rest_route=\/wp\/v2\/posts\/18093","targetHints":{"allow":["GET"]}}],"collection":[{"href":"https:\/\/soriapasoapaso.es\/index.php?rest_route=\/wp\/v2\/posts"}],"about":[{"href":"https:\/\/soriapasoapaso.es\/index.php?rest_route=\/wp\/v2\/types\/post"}],"author":[{"embeddable":true,"href":"https:\/\/soriapasoapaso.es\/index.php?rest_route=\/wp\/v2\/users\/1"}],"replies":[{"embeddable":true,"href":"https:\/\/soriapasoapaso.es\/index.php?rest_route=%2Fwp%2Fv2%2Fcomments&post=18093"}],"version-history":[{"count":2,"href":"https:\/\/soriapasoapaso.es\/index.php?rest_route=\/wp\/v2\/posts\/18093\/revisions"}],"predecessor-version":[{"id":18115,"href":"https:\/\/soriapasoapaso.es\/index.php?rest_route=\/wp\/v2\/posts\/18093\/revisions\/18115"}],"wp:featuredmedia":[{"embeddable":true,"href":"https:\/\/soriapasoapaso.es\/index.php?rest_route=\/wp\/v2\/media\/18112"}],"wp:attachment":[{"href":"https:\/\/soriapasoapaso.es\/index.php?rest_route=%2Fwp%2Fv2%2Fmedia&parent=18093"}],"wp:term":[{"taxonomy":"category","embeddable":true,"href":"https:\/\/soriapasoapaso.es\/index.php?rest_route=%2Fwp%2Fv2%2Fcategories&post=18093"},{"taxonomy":"post_tag","embeddable":true,"href":"https:\/\/soriapasoapaso.es\/index.php?rest_route=%2Fwp%2Fv2%2Ftags&post=18093"}],"curies":[{"name":"wp","href":"https:\/\/api.w.org\/{rel}","templated":true}]}}