{"id":16071,"date":"2025-02-09T16:19:12","date_gmt":"2025-02-09T15:19:12","guid":{"rendered":"https:\/\/soriapasoapaso.es\/?p=16071"},"modified":"2025-02-09T16:25:10","modified_gmt":"2025-02-09T15:25:10","slug":"paseo-por-el-acebal-de-garagueta-1-de-febrero-de-2025","status":"publish","type":"post","link":"https:\/\/soriapasoapaso.es\/?p=16071","title":{"rendered":"Paseo por el Acebal de Garag\u00fceta. (1 de febrero de 2025)"},"content":{"rendered":"<p>Ar\u00e9valo de la Sierra es el lugar escogido para comenzar a caminar en esta ma\u00f1ana invernal de principios de febrero. Cuando ponemos pie en las calles de Ar\u00e9valo nos resbalamos porque una capa de hielo cubre su pavimento lo que nos obliga a caminar con cautela al comienzo de la marcha a la que hoy nos acompa\u00f1a Adolfo, amigo de Agnelo y conocedor del lugar.<br \/>\nAtravesamos la carretera del pueblo dirigi\u00e9ndonos hacia la iglesia de la Virgen de la Asunci\u00f3n cuya espada\u00f1a alberga el hogar de una cig\u00fce\u00f1a que echa a volar ante nuestra llegada, pertenece a finales del siglo XVIII.<br \/>\n<img loading=\"lazy\" decoding=\"async\" class=\"alignnone size-full wp-image-16072\" src=\"http:\/\/soriapasoapaso.es\/wp-content\/uploads\/2025\/02\/10.jpg\" alt=\"\" width=\"640\" height=\"296\" srcset=\"https:\/\/soriapasoapaso.es\/wp-content\/uploads\/2025\/02\/10.jpg 640w, https:\/\/soriapasoapaso.es\/wp-content\/uploads\/2025\/02\/10-300x139.jpg 300w\" sizes=\"auto, (max-width: 640px) 100vw, 640px\" \/><\/p>\n<p>Seguimos por el Cerrado de Cristo, que parte de la trasera del templo, aguantando una ligera llovizna porque las nubes y nieblas van y vienen revelando ocasionalmente el cielo azul; a lo lejos vemos las serran\u00edas ligeramente nevadas y aunque es invierno, el ganado tiene pastos verdes y montones de heno que su due\u00f1o les proporciona al salir de los establos, cuando atravesamos el paraje de\u201d Los Ca\u00f1uelos\u201d<\/p>\n<p><img loading=\"lazy\" decoding=\"async\" class=\"alignnone size-full wp-image-16073\" src=\"http:\/\/soriapasoapaso.es\/wp-content\/uploads\/2025\/02\/11.jpg\" alt=\"\" width=\"640\" height=\"296\" srcset=\"https:\/\/soriapasoapaso.es\/wp-content\/uploads\/2025\/02\/11.jpg 640w, https:\/\/soriapasoapaso.es\/wp-content\/uploads\/2025\/02\/11-300x139.jpg 300w\" sizes=\"auto, (max-width: 640px) 100vw, 640px\" \/>Aunque no lo intu\u00edamos desde lo lejos, empezamos a sentir en nuestras piernas y pulmones que este camino que nos parec\u00eda recto se empina bastante llegando el momento del esfuerzo hasta coger un desv\u00edo hacia la izquierda cuya se\u00f1al nos dice que nos quedan 0,7 m para llegar al Acebal de Garag\u00fceta que es el objetivo que perseguimos esta ma\u00f1ana, porque, aunque ya lo conocemos y lo hemos recorrido en varias ocasiones es un lugar \u00fanico y especial en nuestra provincia por el que siempre merece la pena pasear.<\/p>\n<p><img loading=\"lazy\" decoding=\"async\" class=\"alignnone size-full wp-image-16087\" src=\"http:\/\/soriapasoapaso.es\/wp-content\/uploads\/2025\/02\/24.jpg\" alt=\"\" width=\"640\" height=\"360\" srcset=\"https:\/\/soriapasoapaso.es\/wp-content\/uploads\/2025\/02\/24.jpg 640w, https:\/\/soriapasoapaso.es\/wp-content\/uploads\/2025\/02\/24-300x169.jpg 300w\" sizes=\"auto, (max-width: 640px) 100vw, 640px\" \/><br \/>\nA la entrada de la Reserva Natural del Acebal de Garag\u00fceta, dirigimos nuestra atenci\u00f3n y nuestros pies hacia el Alto de la Cruz, donde entre los siglos VI y IV a.C. se estableci\u00f3 un peque\u00f1o poblado castre\u00f1o de 1,2 hect\u00e1reas.<\/p>\n<figure id=\"attachment_16079\" aria-describedby=\"caption-attachment-16079\" style=\"width: 640px\" class=\"wp-caption alignnone\"><img loading=\"lazy\" decoding=\"async\" class=\"size-full wp-image-16079\" src=\"http:\/\/soriapasoapaso.es\/wp-content\/uploads\/2025\/02\/17.jpg\" alt=\"\" width=\"640\" height=\"360\" srcset=\"https:\/\/soriapasoapaso.es\/wp-content\/uploads\/2025\/02\/17.jpg 640w, https:\/\/soriapasoapaso.es\/wp-content\/uploads\/2025\/02\/17-300x169.jpg 300w\" sizes=\"auto, (max-width: 640px) 100vw, 640px\" \/><figcaption id=\"caption-attachment-16079\" class=\"wp-caption-text\">oplus_0<\/figcaption><\/figure>\n<p>Este castro estuvo rodeado totalmente por una muralla y ten\u00eda forma ovalada y alargada. La elevaci\u00f3n es de 1474 metros y nos encontramos en la frontera entre Gallinero y Ar\u00e9valo. En la altura sentimos m\u00e1s el fuerte viento, pero aguantamos un buen rato sobre la peque\u00f1a cumbre divisando hacia el norte la sierra de Montes Claros, parcialmente cubierta por neblina y nubes, de las que desciende un arco\u00edris hasta tocar la llanura. Vamos girando 180 grados por la extensa base de la cumbre para contemplar el resto del cielo que por el sur est\u00e1 m\u00e1s abierto, el valle y los pueblos asentados en \u00e9l. Descendemos del cerro con precauci\u00f3n debido a la presencia de nieve y hielo, mientras alguna rapaz nos sobrevuela.<\/p>\n<p><img loading=\"lazy\" decoding=\"async\" class=\"alignnone size-full wp-image-16086\" src=\"http:\/\/soriapasoapaso.es\/wp-content\/uploads\/2025\/02\/25.jpg\" alt=\"\" width=\"640\" height=\"360\" srcset=\"https:\/\/soriapasoapaso.es\/wp-content\/uploads\/2025\/02\/25.jpg 640w, https:\/\/soriapasoapaso.es\/wp-content\/uploads\/2025\/02\/25-300x169.jpg 300w\" sizes=\"auto, (max-width: 640px) 100vw, 640px\" \/><br \/>\nNos asomamos a la dehesa desde el mirador de la entrada del acebal y nos lanzamos a patear al camino que nos lleva a la fuente que marca el principio del bosque de pir\u00e1mides verdes que en invierno muestran su fruto rojo y sirven de alimento y cobijo a una gran variedad de fauna.<\/p>\n<p><img loading=\"lazy\" decoding=\"async\" class=\"alignnone size-full wp-image-16085\" src=\"http:\/\/soriapasoapaso.es\/wp-content\/uploads\/2025\/02\/23.jpg\" alt=\"\" width=\"360\" height=\"640\" srcset=\"https:\/\/soriapasoapaso.es\/wp-content\/uploads\/2025\/02\/23.jpg 360w, https:\/\/soriapasoapaso.es\/wp-content\/uploads\/2025\/02\/23-169x300.jpg 169w\" sizes=\"auto, (max-width: 360px) 100vw, 360px\" \/><\/p>\n<p>En esta ocasi\u00f3n apenas los acebos lucen rojo, pero por ello no dejan de ser impresionantes con su gran su porte y desarrollo.<\/p>\n<p><img loading=\"lazy\" decoding=\"async\" class=\"alignnone size-full wp-image-16075\" src=\"http:\/\/soriapasoapaso.es\/wp-content\/uploads\/2025\/02\/13.jpg\" alt=\"\" width=\"640\" height=\"296\" srcset=\"https:\/\/soriapasoapaso.es\/wp-content\/uploads\/2025\/02\/13.jpg 640w, https:\/\/soriapasoapaso.es\/wp-content\/uploads\/2025\/02\/13-300x139.jpg 300w\" sizes=\"auto, (max-width: 640px) 100vw, 640px\" \/><\/p>\n<p>Dentro del parque hay ciertos lugares emblem\u00e1ticos que visitamos en nuestro paseo como el exterior de la taina donde aun queda alguna figura del Bel\u00e9n de este a\u00f1o, el sestil con sus condiciones particulares de oscuridad y cobijo para el ganado o el chozo de pastores.<\/p>\n<p><img loading=\"lazy\" decoding=\"async\" class=\"alignnone size-full wp-image-16076\" src=\"http:\/\/soriapasoapaso.es\/wp-content\/uploads\/2025\/02\/14.jpg\" alt=\"\" width=\"640\" height=\"296\" srcset=\"https:\/\/soriapasoapaso.es\/wp-content\/uploads\/2025\/02\/14.jpg 640w, https:\/\/soriapasoapaso.es\/wp-content\/uploads\/2025\/02\/14-300x139.jpg 300w\" sizes=\"auto, (max-width: 640px) 100vw, 640px\" \/><\/p>\n<p>El paisaje est\u00e1 condicionado por la vocaci\u00f3n ganadera de la zona que es compartida por Arevalo y Torrear\u00e9valo.<\/p>\n<p><img loading=\"lazy\" decoding=\"async\" class=\"alignnone size-full wp-image-16077\" src=\"http:\/\/soriapasoapaso.es\/wp-content\/uploads\/2025\/02\/15.jpg\" alt=\"\" width=\"640\" height=\"296\" srcset=\"https:\/\/soriapasoapaso.es\/wp-content\/uploads\/2025\/02\/15.jpg 640w, https:\/\/soriapasoapaso.es\/wp-content\/uploads\/2025\/02\/15-300x139.jpg 300w\" sizes=\"auto, (max-width: 640px) 100vw, 640px\" \/><\/p>\n<p>El canchal es el lugar m\u00e1s propicio para el almuerzo porque la lluvia sigue moj\u00e1ndolo todo y aunque las rocas tienen hielo tambi\u00e9n, nos vamos desperdigando por ellas a diferentes alturas para acomodarnos un poco y sacar de la mochila nuestros bocatas.<\/p>\n<figure id=\"attachment_16081\" aria-describedby=\"caption-attachment-16081\" style=\"width: 640px\" class=\"wp-caption alignnone\"><img loading=\"lazy\" decoding=\"async\" class=\"size-full wp-image-16081\" src=\"http:\/\/soriapasoapaso.es\/wp-content\/uploads\/2025\/02\/19.jpg\" alt=\"\" width=\"640\" height=\"360\" srcset=\"https:\/\/soriapasoapaso.es\/wp-content\/uploads\/2025\/02\/19.jpg 640w, https:\/\/soriapasoapaso.es\/wp-content\/uploads\/2025\/02\/19-300x169.jpg 300w\" sizes=\"auto, (max-width: 640px) 100vw, 640px\" \/><figcaption id=\"caption-attachment-16081\" class=\"wp-caption-text\">oplus_0<\/figcaption><\/figure>\n<p>Desde la entrada del acebal hemos estado oyendo tiros a lo lejos y un cartel en el camino que discurre sobre el canchal nos proh\u00edbe avanzar por haber monter\u00eda, por lo que volvemos por el mismo camino de nuevo entre los majestuosos acebos con un solillo que de vez en cuando aparece y nos alivia el ambiente invernal de hoy. Salimos del recinto con las botas embarradas y caminamos de nuevo hacia Ar\u00e9valo.<\/p>\n<p>El <img loading=\"lazy\" decoding=\"async\" class=\"alignnone size-full wp-image-16083\" src=\"http:\/\/soriapasoapaso.es\/wp-content\/uploads\/2025\/02\/21.jpg\" alt=\"\" width=\"640\" height=\"360\" srcset=\"https:\/\/soriapasoapaso.es\/wp-content\/uploads\/2025\/02\/21.jpg 640w, https:\/\/soriapasoapaso.es\/wp-content\/uploads\/2025\/02\/21-300x169.jpg 300w\" sizes=\"auto, (max-width: 640px) 100vw, 640px\" \/>regreso es diferente porque lo hacemos por el sendero de la carrera de la Horca que est\u00e1 flanqueado por enormes robles y por donde saltamos un par de arroyos.<\/p>\n<p><img loading=\"lazy\" decoding=\"async\" class=\"alignnone size-full wp-image-16082\" src=\"http:\/\/soriapasoapaso.es\/wp-content\/uploads\/2025\/02\/20.jpg\" alt=\"\" width=\"640\" height=\"360\" srcset=\"https:\/\/soriapasoapaso.es\/wp-content\/uploads\/2025\/02\/20.jpg 640w, https:\/\/soriapasoapaso.es\/wp-content\/uploads\/2025\/02\/20-300x169.jpg 300w\" sizes=\"auto, (max-width: 640px) 100vw, 640px\" \/><\/p>\n<p>Un gran arco\u00edris aparece de nuevo, este haciendo su arco completo entre los nubarrones y la tierra cuando ya nos queda poco para llegar nuevamente a la localidad que alberga el centro de interpretaci\u00f3n sobre este recurso protegido y al lado de este centro se encuentra el bar donde nos apropiamos de todas las mesas disponibles ya que somos 30 personas para tomar una cervecita, vino o aquarius. Adolfo nos ense\u00f1a su casa y su acebo particular y una vez todo recogido en el bar volvemos a nuestros hogares con los objetivos cumplidos de pasos hechos hoy y calor\u00edas gastadas y apenas nos hemos enterado.<br \/>\nEmi<\/p>\n","protected":false},"excerpt":{"rendered":"<p>Ar\u00e9valo de la Sierra es el lugar escogido para comenzar a caminar en esta ma\u00f1ana invernal de principios de febrero. Cuando ponemos pie en las calles de Ar\u00e9valo nos resbalamos porque una capa de hielo cubre su pavimento lo que nos obliga a caminar con cautela al comienzo de la <\/p>\n<p><a class=\"read-more\" href=\"https:\/\/soriapasoapaso.es\/?p=16071\">Read More<\/a><\/p>\n","protected":false},"author":1,"featured_media":16084,"comment_status":"open","ping_status":"open","sticky":false,"template":"","format":"standard","meta":{"footnotes":""},"categories":[21,1],"tags":[],"class_list":["post-16071","post","type-post","status-publish","format-standard","has-post-thumbnail","hentry","category-rutas","category-uncategorized"],"_links":{"self":[{"href":"https:\/\/soriapasoapaso.es\/index.php?rest_route=\/wp\/v2\/posts\/16071","targetHints":{"allow":["GET"]}}],"collection":[{"href":"https:\/\/soriapasoapaso.es\/index.php?rest_route=\/wp\/v2\/posts"}],"about":[{"href":"https:\/\/soriapasoapaso.es\/index.php?rest_route=\/wp\/v2\/types\/post"}],"author":[{"embeddable":true,"href":"https:\/\/soriapasoapaso.es\/index.php?rest_route=\/wp\/v2\/users\/1"}],"replies":[{"embeddable":true,"href":"https:\/\/soriapasoapaso.es\/index.php?rest_route=%2Fwp%2Fv2%2Fcomments&post=16071"}],"version-history":[{"count":1,"href":"https:\/\/soriapasoapaso.es\/index.php?rest_route=\/wp\/v2\/posts\/16071\/revisions"}],"predecessor-version":[{"id":16090,"href":"https:\/\/soriapasoapaso.es\/index.php?rest_route=\/wp\/v2\/posts\/16071\/revisions\/16090"}],"wp:featuredmedia":[{"embeddable":true,"href":"https:\/\/soriapasoapaso.es\/index.php?rest_route=\/wp\/v2\/media\/16084"}],"wp:attachment":[{"href":"https:\/\/soriapasoapaso.es\/index.php?rest_route=%2Fwp%2Fv2%2Fmedia&parent=16071"}],"wp:term":[{"taxonomy":"category","embeddable":true,"href":"https:\/\/soriapasoapaso.es\/index.php?rest_route=%2Fwp%2Fv2%2Fcategories&post=16071"},{"taxonomy":"post_tag","embeddable":true,"href":"https:\/\/soriapasoapaso.es\/index.php?rest_route=%2Fwp%2Fv2%2Ftags&post=16071"}],"curies":[{"name":"wp","href":"https:\/\/api.w.org\/{rel}","templated":true}]}}