{"id":16022,"date":"2025-01-17T20:58:53","date_gmt":"2025-01-17T19:58:53","guid":{"rendered":"https:\/\/soriapasoapaso.es\/?p=16022"},"modified":"2025-01-17T21:00:51","modified_gmt":"2025-01-17T20:00:51","slug":"desde-el-pico-frentes-21-12-24-y-11-1-25","status":"publish","type":"post","link":"https:\/\/soriapasoapaso.es\/?p=16022","title":{"rendered":"DESDE EL PICO FRENTES. 21 \/12\/ 24 y 11\/1 \/25."},"content":{"rendered":"<p>El Pico Frentes forma parte del emblema de Soria Paso a Paso, es el lugar donde acabamos el periodo senderista celebrando la Navidad y donde damos la bienvenida al nuevo a\u00f1o recogiendo el Bel\u00e9n, adem\u00e1s es el monte donde nos hemos encontrado botellas de champ\u00e1n o bombones y sobre todo es la cumbre que nos acerca al compa\u00f1ero que siempre llevamos en el coraz\u00f3n. As\u00ed pues, el grupo tiene muchos motivos para que al llegar diciembre este deseando subir de nuevo a cumplir la tradici\u00f3n de poner el Bel\u00e9n y de celebrar la navidad todos juntos.<\/p>\n<p>La ma\u00f1ana del 21 de diciembre de 2024 amanece luminosa y g\u00e9lida pero los senderistas con gran \u00e1nimo, todos ataviados con vistosos colores rojos y verdes brillantes, con gorros, pinos navide\u00f1os y cuernos en nuestras cabezas nos lanzamos directamente a pisar el campo escarchado, a la vez que el sol va apareciendo sobre las cumbres y va haciendo que el roc\u00edo congelado se llene de peque\u00f1os colores y brillos.<\/p>\n<p>Del campo pasamos al camino de tierra, tambi\u00e9n dura y congelada hasta llegar al llamado \u201cde la majada del cura\u201d, pasando por la fuente romana que no mana.<\/p>\n<p>El alto de la Cerrada es siempre nuestra primera parada para mirar hacia Soria descubri\u00e9ndola sumergida en brumas y nieblas. Tras este primer repecho debemos superar otro desnivel al que ya estamos acostumbrados, quiz\u00e1 nos molesta m\u00e1s el pedregal calizo que nos obliga a caminar con sumo cuidado.<\/p>\n<p><img loading=\"lazy\" decoding=\"async\" class=\"alignnone size-large wp-image-16024\" src=\"http:\/\/soriapasoapaso.es\/wp-content\/uploads\/2025\/01\/IMG_20241221_101852-1024x460.jpg\" alt=\"\" width=\"880\" height=\"395\" srcset=\"https:\/\/soriapasoapaso.es\/wp-content\/uploads\/2025\/01\/IMG_20241221_101852-1024x460.jpg 1024w, https:\/\/soriapasoapaso.es\/wp-content\/uploads\/2025\/01\/IMG_20241221_101852-300x135.jpg 300w, https:\/\/soriapasoapaso.es\/wp-content\/uploads\/2025\/01\/IMG_20241221_101852-768x345.jpg 768w, https:\/\/soriapasoapaso.es\/wp-content\/uploads\/2025\/01\/IMG_20241221_101852-1536x690.jpg 1536w, https:\/\/soriapasoapaso.es\/wp-content\/uploads\/2025\/01\/IMG_20241221_101852-2048x920.jpg 2048w\" sizes=\"auto, (max-width: 880px) 100vw, 880px\" \/><\/p>\n<p>La segunda parada es en una parte de la Sierra Llana, justo encima de Ocenilla donde nos acercamos al precipicio para ahora pasar revista a la provincia de norte a Sur: las monta\u00f1as tienen un poco de nieve y como vamos cumbreando en l\u00ednea recta al borde de la sierra como si fuera un balc\u00f3n, vamos \u00a0\u00a0dejando \u00a0atr\u00e1s Urbi\u00f3n, el Pantano, \u00a0Cidones \u00a0y Ocenilla para ver desde Pedrajas hasta\u00a0 la zona de Hinojosa de la Sierra; llegamos a Toledillo y por fin vemos \u00a0Valonsadero y Soria porque ya estamos a la cima geod\u00e9sica donde otra parada es obligada y la fotograf\u00eda navide\u00f1a tambi\u00e9n.<\/p>\n<figure id=\"attachment_16023\" aria-describedby=\"caption-attachment-16023\" style=\"width: 880px\" class=\"wp-caption alignnone\"><img loading=\"lazy\" decoding=\"async\" class=\"size-large wp-image-16023\" src=\"http:\/\/soriapasoapaso.es\/wp-content\/uploads\/2025\/01\/IMG20241221110908-1024x576.jpg\" alt=\"\" width=\"880\" height=\"495\" srcset=\"https:\/\/soriapasoapaso.es\/wp-content\/uploads\/2025\/01\/IMG20241221110908-1024x576.jpg 1024w, https:\/\/soriapasoapaso.es\/wp-content\/uploads\/2025\/01\/IMG20241221110908-300x169.jpg 300w, https:\/\/soriapasoapaso.es\/wp-content\/uploads\/2025\/01\/IMG20241221110908-768x432.jpg 768w, https:\/\/soriapasoapaso.es\/wp-content\/uploads\/2025\/01\/IMG20241221110908-1536x864.jpg 1536w, https:\/\/soriapasoapaso.es\/wp-content\/uploads\/2025\/01\/IMG20241221110908-2048x1152.jpg 2048w\" sizes=\"auto, (max-width: 880px) 100vw, 880px\" \/><figcaption id=\"caption-attachment-16023\" class=\"wp-caption-text\">oplus_0<\/figcaption><\/figure>\n<figure id=\"attachment_16025\" aria-describedby=\"caption-attachment-16025\" style=\"width: 880px\" class=\"wp-caption alignnone\"><img loading=\"lazy\" decoding=\"async\" class=\"size-large wp-image-16025\" src=\"http:\/\/soriapasoapaso.es\/wp-content\/uploads\/2025\/01\/IMG20241221122640-1024x576.jpg\" alt=\"\" width=\"880\" height=\"495\" srcset=\"https:\/\/soriapasoapaso.es\/wp-content\/uploads\/2025\/01\/IMG20241221122640-1024x576.jpg 1024w, https:\/\/soriapasoapaso.es\/wp-content\/uploads\/2025\/01\/IMG20241221122640-300x169.jpg 300w, https:\/\/soriapasoapaso.es\/wp-content\/uploads\/2025\/01\/IMG20241221122640-768x432.jpg 768w, https:\/\/soriapasoapaso.es\/wp-content\/uploads\/2025\/01\/IMG20241221122640-1536x864.jpg 1536w, https:\/\/soriapasoapaso.es\/wp-content\/uploads\/2025\/01\/IMG20241221122640-2048x1152.jpg 2048w\" sizes=\"auto, (max-width: 880px) 100vw, 880px\" \/><figcaption id=\"caption-attachment-16025\" class=\"wp-caption-text\">oplus_256<\/figcaption><\/figure>\n<p>Como ya conocemos el balc\u00f3n favorito de los buitres para tomar el sol, nos acercamos despacio y sin ruido al precipicio para poder observarlos antes de bajar al cobijo entre rocas donde hemos establecido nuestro peque\u00f1o santuario particular junto a una gran encina.<\/p>\n<figure id=\"attachment_16026\" aria-describedby=\"caption-attachment-16026\" style=\"width: 880px\" class=\"wp-caption alignnone\"><img loading=\"lazy\" decoding=\"async\" class=\"size-large wp-image-16026\" src=\"http:\/\/soriapasoapaso.es\/wp-content\/uploads\/2025\/01\/IMG20241221122333-1024x576.jpg\" alt=\"\" width=\"880\" height=\"495\" srcset=\"https:\/\/soriapasoapaso.es\/wp-content\/uploads\/2025\/01\/IMG20241221122333-1024x576.jpg 1024w, https:\/\/soriapasoapaso.es\/wp-content\/uploads\/2025\/01\/IMG20241221122333-300x169.jpg 300w, https:\/\/soriapasoapaso.es\/wp-content\/uploads\/2025\/01\/IMG20241221122333-768x432.jpg 768w, https:\/\/soriapasoapaso.es\/wp-content\/uploads\/2025\/01\/IMG20241221122333-1536x864.jpg 1536w, https:\/\/soriapasoapaso.es\/wp-content\/uploads\/2025\/01\/IMG20241221122333-2048x1152.jpg 2048w\" sizes=\"auto, (max-width: 880px) 100vw, 880px\" \/><figcaption id=\"caption-attachment-16026\" class=\"wp-caption-text\">oplus_256<\/figcaption><\/figure>\n<p>El champ\u00e1n y la sidra sustituyen hoy a nuestra bota y tenemos postre navide\u00f1o con dulces de muchas clases. Mientras se pone el Bel\u00e9n el ambiente de alegr\u00eda va aumentando y los villancicos van apareciendo hasta hacer un gran coro con pandereta y turuta incluidas; cantamos siguiendo a Alicia que es nuestra experta cantora y que adem\u00e1s nos ofrece un solo precioso como despedida.<\/p>\n<p>El descenso nos lo tomamos con tranquilidad, parece que fu\u00e9ramos por El Collado viendo escaparates, porque, aunque nuestros sherpas nos lo ponen f\u00e1cil hay que ir con cuidado en determinadas zonas.<\/p>\n<p>Bajamos por la falda meridional cayendo sobre la Monj\u00eda; solo nos resta visitar el acu\u00edfero donde damos la ruta por finalizada que no la jornada, \u00e9sta no acaba hasta que nos tomamos nuestro vermut que hoy se celebra en el bar de la Piscina del pueblo con choricillo de pueblo hecho por Enedina.<\/p>\n<figure id=\"attachment_16027\" aria-describedby=\"caption-attachment-16027\" style=\"width: 880px\" class=\"wp-caption alignnone\"><img loading=\"lazy\" decoding=\"async\" class=\"size-large wp-image-16027\" src=\"http:\/\/soriapasoapaso.es\/wp-content\/uploads\/2025\/01\/IMG20241221134752-1024x576.jpg\" alt=\"\" width=\"880\" height=\"495\" srcset=\"https:\/\/soriapasoapaso.es\/wp-content\/uploads\/2025\/01\/IMG20241221134752-1024x576.jpg 1024w, https:\/\/soriapasoapaso.es\/wp-content\/uploads\/2025\/01\/IMG20241221134752-300x169.jpg 300w, https:\/\/soriapasoapaso.es\/wp-content\/uploads\/2025\/01\/IMG20241221134752-768x432.jpg 768w, https:\/\/soriapasoapaso.es\/wp-content\/uploads\/2025\/01\/IMG20241221134752-1536x864.jpg 1536w, https:\/\/soriapasoapaso.es\/wp-content\/uploads\/2025\/01\/IMG20241221134752-2048x1152.jpg 2048w\" sizes=\"auto, (max-width: 880px) 100vw, 880px\" \/><figcaption id=\"caption-attachment-16027\" class=\"wp-caption-text\">oplus_256<\/figcaption><\/figure>\n<p>Si se hace un repaso del a\u00f1o senderista hay que reconocer que ha habido gran variedad de rutas para todos los gustos y exigencias, las ha habido sencillas y por los alrededores cercanos al Duero o por los cerros que lo rodean; se ha visitado cuevas, muelas, ca\u00f1ones y calderas; se han visto cascadas y fuentes, nacimientos de r\u00edos, picos y lagunas. Nos hemos escapado de Soria hacia Cuenca y los Pirineos o Logro\u00f1o y hemos hecho ruta por ciudad tambi\u00e9n. Nos ha quedado pendiente pillar con agua el Salto del Nervi\u00f3n y subir al Ibon de Panticosa.<\/p>\n<p>El 11 de enero de 2025, emprendemos camino de nuevo hacia la cima del Pico Frentes, porque para tener un buen comienzo de a\u00f1o lo primero que hacemos es subir a recoger el Bel\u00e9n. En esta ocasi\u00f3n la ma\u00f1ana es m\u00e1s templada y h\u00fameda y un gran n\u00famero de participantes se ha unido a la ruta hasta el punto de que los walkies son necesarios para mejorar la comunicaci\u00f3n y controlar la gran fila. Esta vez, cuando nuestras botas pisan el campo se llenan de barro y saltamos charcos ya que durante la noche ha llovido bastante, aun as\u00ed, la fuente Romana sigue sin manar agua y desde el alto de la Cerrada, Soria aparece bajo un gran cielo azul. En el alto de la sierra la poca nieve que se distingu\u00eda en las grandes monta\u00f1as sorianas hace unos d\u00edas ha desaparecido por completo, incluso parece que las cumbres reverdecen ya. La fauna est\u00e1 muy activa, un corzo joven corre r\u00e1pidamente al vernos y los buitres hacen un gran escuadr\u00f3n a\u00e9reo sobre nuestras cabezas acompa\u00f1\u00e1ndonos hasta el v\u00e9rtice de la sierra desde donde quedamos asombrados al ver un gran arco\u00edris que parte de las monta\u00f1as y se pierde dentro de los nubarrones. Se desprenden de la tierra diferentes aromas siendo el del tomillo el que m\u00e1s distinguimos y aparecen muchas lombrices porque seg\u00fan dice Pilar, que es una gran observadora de la naturaleza, se nota que la lluvia ha limpiado e hidratado toda la vegetaci\u00f3n dando lozan\u00eda y frescura a la espesura y al arbolado.<\/p>\n<p>Compartimos un poco de conversaci\u00f3n con otros senderistas en nuestro rinc\u00f3n preferido donde tomamos el bocata sintiendo el calor del sol en nuestros rostros y bajamos siguiendo los pasos del primer d\u00eda, despidi\u00e9ndonos por ahora del monte emblem\u00e1tico y haciendo la \u00faltima visita a la cascada que, aunque con poca agua siempre resulta atractiva con su transparente agua y el musgo all\u00ed donde hubo cascada.<\/p>\n<figure id=\"attachment_16028\" aria-describedby=\"caption-attachment-16028\" style=\"width: 880px\" class=\"wp-caption alignnone\"><img loading=\"lazy\" decoding=\"async\" class=\"size-large wp-image-16028\" src=\"http:\/\/soriapasoapaso.es\/wp-content\/uploads\/2025\/01\/IMG20250111151557-1024x576.jpg\" alt=\"\" width=\"880\" height=\"495\" srcset=\"https:\/\/soriapasoapaso.es\/wp-content\/uploads\/2025\/01\/IMG20250111151557-1024x576.jpg 1024w, https:\/\/soriapasoapaso.es\/wp-content\/uploads\/2025\/01\/IMG20250111151557-300x169.jpg 300w, https:\/\/soriapasoapaso.es\/wp-content\/uploads\/2025\/01\/IMG20250111151557-768x432.jpg 768w, https:\/\/soriapasoapaso.es\/wp-content\/uploads\/2025\/01\/IMG20250111151557-1536x864.jpg 1536w, https:\/\/soriapasoapaso.es\/wp-content\/uploads\/2025\/01\/IMG20250111151557-2048x1152.jpg 2048w\" sizes=\"auto, (max-width: 880px) 100vw, 880px\" \/><figcaption id=\"caption-attachment-16028\" class=\"wp-caption-text\">oplus_0<\/figcaption><\/figure>\n<p>Nuestro punto de inter\u00e9s hoy va m\u00e1s all\u00e1 del senderismo ya que celebramos nuestra comida anual a la que se unen compa\u00f1eras muy especiales que hoy no pueden caminar con el grupo, tambi\u00e9n echamos de menos a las personas que no han podido venir a la celebraci\u00f3n. Comemos en buena armon\u00eda charlando y conoci\u00e9ndonos unos a otros con m\u00e1s detalle. Pero aqu\u00ed tampoco acaba la jornada, se le dar\u00eda fin en EL HUECO.<\/p>\n<p>Vamos a por el 2025, con el \u00e1nimo y la energ\u00eda que nos da el caminar cada s\u00e1bado con Soria Paso a Paso.<\/p>\n<p>Emi<\/p>\n","protected":false},"excerpt":{"rendered":"<p>El Pico Frentes forma parte del emblema de Soria Paso a Paso, es el lugar donde acabamos el periodo senderista celebrando la Navidad y donde damos la bienvenida al nuevo a\u00f1o recogiendo el Bel\u00e9n, adem\u00e1s es el monte donde nos hemos encontrado botellas de champ\u00e1n o bombones y sobre todo <\/p>\n<p><a class=\"read-more\" href=\"https:\/\/soriapasoapaso.es\/?p=16022\">Read More<\/a><\/p>\n","protected":false},"author":1,"featured_media":16023,"comment_status":"open","ping_status":"open","sticky":false,"template":"","format":"standard","meta":{"footnotes":""},"categories":[21],"tags":[],"class_list":["post-16022","post","type-post","status-publish","format-standard","has-post-thumbnail","hentry","category-rutas"],"_links":{"self":[{"href":"https:\/\/soriapasoapaso.es\/index.php?rest_route=\/wp\/v2\/posts\/16022","targetHints":{"allow":["GET"]}}],"collection":[{"href":"https:\/\/soriapasoapaso.es\/index.php?rest_route=\/wp\/v2\/posts"}],"about":[{"href":"https:\/\/soriapasoapaso.es\/index.php?rest_route=\/wp\/v2\/types\/post"}],"author":[{"embeddable":true,"href":"https:\/\/soriapasoapaso.es\/index.php?rest_route=\/wp\/v2\/users\/1"}],"replies":[{"embeddable":true,"href":"https:\/\/soriapasoapaso.es\/index.php?rest_route=%2Fwp%2Fv2%2Fcomments&post=16022"}],"version-history":[{"count":1,"href":"https:\/\/soriapasoapaso.es\/index.php?rest_route=\/wp\/v2\/posts\/16022\/revisions"}],"predecessor-version":[{"id":16029,"href":"https:\/\/soriapasoapaso.es\/index.php?rest_route=\/wp\/v2\/posts\/16022\/revisions\/16029"}],"wp:featuredmedia":[{"embeddable":true,"href":"https:\/\/soriapasoapaso.es\/index.php?rest_route=\/wp\/v2\/media\/16023"}],"wp:attachment":[{"href":"https:\/\/soriapasoapaso.es\/index.php?rest_route=%2Fwp%2Fv2%2Fmedia&parent=16022"}],"wp:term":[{"taxonomy":"category","embeddable":true,"href":"https:\/\/soriapasoapaso.es\/index.php?rest_route=%2Fwp%2Fv2%2Fcategories&post=16022"},{"taxonomy":"post_tag","embeddable":true,"href":"https:\/\/soriapasoapaso.es\/index.php?rest_route=%2Fwp%2Fv2%2Ftags&post=16022"}],"curies":[{"name":"wp","href":"https:\/\/api.w.org\/{rel}","templated":true}]}}