{"id":15207,"date":"2024-06-29T09:22:50","date_gmt":"2024-06-29T07:22:50","guid":{"rendered":"https:\/\/soriapasoapaso.es\/?p=15207"},"modified":"2024-06-29T09:22:50","modified_gmt":"2024-06-29T07:22:50","slug":"por-el-duero-22-6-24","status":"publish","type":"post","link":"https:\/\/soriapasoapaso.es\/?p=15207","title":{"rendered":"Por el Duero. 22\/6\/24"},"content":{"rendered":"<p>El verano acaba de comenzar y es el momento de hacer una pausa en nuestro caminar semanal. Si repasamos nuestra videoteca desde que bajamos del Pico Frentes con nuestro bel\u00e9n, hemos recorrido desde Urbi\u00f3n con sus cumbres, roquedos y tejos hasta la profundidad del Ca\u00f1\u00f3n del R\u00edo Lobos, hemos caminado por parajes de pueblos como Cabrejas del Pinar, Villaciervos o Br\u00cdas y hemos viajado a Cuenca, al Salto del Nervi\u00f3n y al Camero Viejo llegando hasta los mism\u00edsimos Pirineos. Con todas estas experiencias senderistas en nuestras mochilas cerramos contentos y orgullosos de ser pasopaseros la primera etapa de este a\u00f1o pegados a nuestro Duero y sus senderos, disfrutando de la exuberante vegetaci\u00f3n que nos ofrece despu\u00e9s de una lluviosa primavera y si a estas circunstancias a\u00f1adimos que hoy nos acompa\u00f1a Alberto que es nuestro experto en naturaleza y especies animales y vegetales, nos resulta una ruta muy interesante y un relatejo con mucha bot\u00e1nica.<br \/>\n Desde el barrio de las casas cruzamos la calzada frente a la gasolinera y alborotamos a todos los perros que hay en este paraje que pega a la carreta de Logro\u00f1o, desde aqu\u00ed descendemos la monta\u00f1a   por \u201cmala quebrada\u201d por donde nos vamos hundiendo y van apareciendo encinas y alg\u00fan negral solitario, el verdor y la frondosidad van aumentando seg\u00fan avanzamos hasta uniros al Duero en su margen derecho de forma que lo vamos siguiendo contracorriente camino de Garray. Aunque es un paseo muy conocido, esta ma\u00f1ana el campo a ambos lados del sendero es un show de lozan\u00eda y colorido vegetal:  podemos empezar por las espinosas que muestran su mejor cara en estos momentos como los majuelos, rosales silvestres o rosas caninas con tono ligeramente viol\u00e1ceo. Alberto nos muestra la mil en rama compuesta por multitud de florecillas blancas que se unen formando un atractivo conjunto. Nos llaman la atenci\u00f3n los salix o sauces blancos cuya corteza contiene salicina de la que se obtiene el \u00e1cido salic\u00edlico que es la aspirina.<br \/>\nTodas las herb\u00e1ceas tienen gran tama\u00f1o, entre ellas sobresale las flores amarillas en ristra de los gordolobos con sus hojas aterciopeladas, los l\u00fapulos est\u00e1n en flor tambi\u00e9n y las diferentes especies de cardos se ven plet\u00f3ricos, unos con verde intenso como el cardo de cardadores y otros con sus  corolas moradas como los cardos marianos.<br \/>\nCaminamos escuchando el pasar del r\u00edo a veces tranquilo, otras veces haciendo remolinos o fuertes corrientes e imaginamos formas entre los troncos ca\u00eddos como la cabeza de un ciervo que sobresale del agua o nos paramos en\u201d el \u00e1rbol del abrazo \u201cdone un chopo y un fresno se han entrelazado y que nos recuerda a nuestro antiguo compa\u00f1ero Vicente. Encontramos en esta zona conchas peque\u00f1itas y nos enteramos de que hay almejas de r\u00edo (margaritifera auricularia). En el camino se nos explica que la ra\u00edz de una planta com\u00fan con flores azules y que estamos cansados de ver al borde de los senderos es de donde se saca la achicoria.<br \/>\nLlegamos a Garray por las instalaciones que gestionan y miden el agua, viendo a lo lejos \u201cel campamento Altoreal\u201d donde se hacen las representaciones sobre la tem\u00e1tica Numantina y aqu\u00ed tomamos el almuerzo en la zona de recreo junto al puente. Venimos disfrutando de una ma\u00f1ana con una templada  temperatura, con brumas en el cielo por lo que el sol no nos molesta, pero aqu\u00ed al lado del agua nos echamos las chaquetas por encima; estamos entre sauces y chopos pero nos encanta una gran catalpa en su plena floraci\u00f3n que est\u00e1 al pie del puente .Hacemos una visita al famoso restaurante \u201cEl Goyo \u201cpara tomar un caf\u00e9 y seguir nuestra ruta por el GR 14,pegaditos a la orilla porque ahora podemos admirar las plantas acu\u00e1ticas en todo su esplendor: nen\u00fafares con sus flores flotantes amarillas y los lirios acu\u00e1ticos del mismo color que adornan esta parte del r\u00edo junto a los juncos. En\u201d las Cerradillas\u201d ya empiezan a abundar los abedules y por\u201d tajones de la vega\u201d la hierba nos humedece hasta el muslo, un \u201cmolinillo\u201d de los que sopl\u00e1bamos en nuestra infancia retiene nuestra atenci\u00f3n por su gran tama\u00f1o. Seguimos el paseo por la ribera del Duero con los abedules como acompa\u00f1antes principales sorprendi\u00e9ndonos la cantidad de ejemplares y su tama\u00f1o, muchos de ellos han nacido en racimos, tambi\u00e9n abundan los fresnos y llegamos a rincones frescos y escondidos bajo el ramaje con peque\u00f1as lagunillas estancadas donde crecen plantas acu\u00e1ticas y algas. Las ra\u00edces de los abedules sobresalen del camino y bajan hasta el r\u00edo. Un gran negral que crece tambi\u00e9n en la margen del agua nos marca el momento de alejarnos del Duero para empezar a virar y tomar el camino de vuelta pasando por un pinar que parece de repoblaci\u00f3n por la geometr\u00eda que hay entre los troncos de lo que nos parece albares pero un poco m\u00e1s adelante predominan las cortezas rojizas de los negrales. Al acabar el pinar caminamos circunvalando una zona con animales de granja y muchas cig\u00fce\u00f1as. Si hemos tenido poca variedad de ambientes a\u00fan nos queda pasear por\u201d el cuarto del gallego\u201d entre robles  con sus hojas reci\u00e9n estrenadas tambi\u00e9n y con las olorosas dando  color al suelo como el morado de la lav\u00e1ndula, ya solo nos queda caminar entre trigales todav\u00eda verdes y rodeados de flores multicolores llegando a la parte trasera del barrio de Las Casas a temprana hora.<br \/>\nDamos el merecido y acostumbrado final a esta ma\u00f1ana senderista con nuestro vermut, el torreznillo y haciendo un gran brindis  que abarca  a todo el grupo dese\u00e1ndonos :<br \/>\n\u00a1FELIZ VERANO!<\/p>\n","protected":false},"excerpt":{"rendered":"<p>El verano acaba de comenzar y es el momento de hacer una pausa en nuestro caminar semanal. Si repasamos nuestra videoteca desde que bajamos del Pico Frentes con nuestro bel\u00e9n, hemos recorrido desde Urbi\u00f3n con sus cumbres, roquedos y tejos hasta la profundidad del Ca\u00f1\u00f3n del R\u00edo Lobos, hemos caminado <\/p>\n<p><a class=\"read-more\" href=\"https:\/\/soriapasoapaso.es\/?p=15207\">Read More<\/a><\/p>\n","protected":false},"author":1,"featured_media":15210,"comment_status":"open","ping_status":"open","sticky":false,"template":"","format":"standard","meta":{"footnotes":""},"categories":[21],"tags":[],"class_list":["post-15207","post","type-post","status-publish","format-standard","has-post-thumbnail","hentry","category-rutas"],"_links":{"self":[{"href":"https:\/\/soriapasoapaso.es\/index.php?rest_route=\/wp\/v2\/posts\/15207","targetHints":{"allow":["GET"]}}],"collection":[{"href":"https:\/\/soriapasoapaso.es\/index.php?rest_route=\/wp\/v2\/posts"}],"about":[{"href":"https:\/\/soriapasoapaso.es\/index.php?rest_route=\/wp\/v2\/types\/post"}],"author":[{"embeddable":true,"href":"https:\/\/soriapasoapaso.es\/index.php?rest_route=\/wp\/v2\/users\/1"}],"replies":[{"embeddable":true,"href":"https:\/\/soriapasoapaso.es\/index.php?rest_route=%2Fwp%2Fv2%2Fcomments&post=15207"}],"version-history":[{"count":1,"href":"https:\/\/soriapasoapaso.es\/index.php?rest_route=\/wp\/v2\/posts\/15207\/revisions"}],"predecessor-version":[{"id":15211,"href":"https:\/\/soriapasoapaso.es\/index.php?rest_route=\/wp\/v2\/posts\/15207\/revisions\/15211"}],"wp:featuredmedia":[{"embeddable":true,"href":"https:\/\/soriapasoapaso.es\/index.php?rest_route=\/wp\/v2\/media\/15210"}],"wp:attachment":[{"href":"https:\/\/soriapasoapaso.es\/index.php?rest_route=%2Fwp%2Fv2%2Fmedia&parent=15207"}],"wp:term":[{"taxonomy":"category","embeddable":true,"href":"https:\/\/soriapasoapaso.es\/index.php?rest_route=%2Fwp%2Fv2%2Fcategories&post=15207"},{"taxonomy":"post_tag","embeddable":true,"href":"https:\/\/soriapasoapaso.es\/index.php?rest_route=%2Fwp%2Fv2%2Ftags&post=15207"}],"curies":[{"name":"wp","href":"https:\/\/api.w.org\/{rel}","templated":true}]}}