{"id":13913,"date":"2023-10-23T16:23:00","date_gmt":"2023-10-23T14:23:00","guid":{"rendered":"http:\/\/soriapasoapaso.es\/?p=13913"},"modified":"2023-10-23T16:23:00","modified_gmt":"2023-10-23T14:23:00","slug":"hayedo-del-moncayo-verde-otono-21-10-2023","status":"publish","type":"post","link":"https:\/\/soriapasoapaso.es\/?p=13913","title":{"rendered":"Hayedo del Moncayo, verde oto\u00f1o 21\/10\/2023"},"content":{"rendered":"<p>&nbsp;<\/p>\n<p>Despu\u00e9s de unos meses de septiembre y octubre inusualmente calurosos, esta semana se asent\u00f3 el oto\u00f1o entre fuertes lluvias, que este s\u00e1bado, nos han dado una tregua para cumplir con una de nuestras citas ineludibles en estas fechas, los hayedos; Volvemos al Hayedo del Moncayo.<\/p>\n<p>Tenemos prevista la misma ruta de 2021, de 11,37 Km con una altitud m\u00edn. de 1.250 m y altitud m\u00e1x. de 1.679 m. La primera parte ser\u00e1 tambi\u00e9n la m\u00e1s dura puesto que ascenderemos un desnivel de 420 m. en los primeros 3 km. despu\u00e9s ya ser\u00e1 un suave descenso.<\/p>\n<p>Las rutas que ya hemos realizado siempre nos ofrecen nuevas perspectivas y especialmente este a\u00f1o porque el oto\u00f1o apenas se hace notar, de manera que el cromatismo del paisaje no ser\u00e1 el acostumbrado.<\/p>\n<p>Salimos de Soria a las 8 de la ma\u00f1ana, vamos por Agreda hasta Vozmediano con su castillo del S.XII recort\u00e1ndose en la ladera del Moncayo y enseguida dejamos atr\u00e1s la provincia de Soria para entrar en la de Zaragoza. Estamos en el macizo del Moncayo, exento y m\u00e1xima altitud del Sistema Ib\u00e9rico consta de varias cumbres que superan los 2000 m. siendo las tres principales: el Moncayo de Castilla o Pe\u00f1a Negra, de 2118 m. el propio Moncayo, de 2316 m. y Lobera, de 2226 m. Otras secundarias son San Juan, de 2283 m. Morca, de 2273 m. y Pe\u00f1a Negrilla, de 2171 m.<\/p>\n<p><img loading=\"lazy\" decoding=\"async\" class=\"alignnone size-medium wp-image-13914 aligncenter\" src=\"http:\/\/soriapasoapaso.es\/wp-content\/uploads\/2023\/10\/1-300x169.jpg\" alt=\"\" width=\"300\" height=\"169\" srcset=\"https:\/\/soriapasoapaso.es\/wp-content\/uploads\/2023\/10\/1-300x169.jpg 300w, https:\/\/soriapasoapaso.es\/wp-content\/uploads\/2023\/10\/1-768x432.jpg 768w, https:\/\/soriapasoapaso.es\/wp-content\/uploads\/2023\/10\/1.jpg 885w\" sizes=\"auto, (max-width: 300px) 100vw, 300px\" \/><\/p>\n<p>Llegamos al punto de partida, al aparcamiento de la Fuente del Sacrist\u00e1n, a\u00fan vac\u00edo y rodeado por vegetaci\u00f3n casi veraniega de hayas, pinos y helechos. Un agradable borboteo de agua nos acompa\u00f1a mientras nos preparamos para la ruta en esta ma\u00f1ana fresquita y ventosa, as\u00ed que bien abrigados los trece senderistas iniciamos la marcha, con F\u00e9lix como sherpa.<\/p>\n<p>Ascendemos por escalones de piedra, repechos y escarpadas sendas, con breves paradas ante el nevero del Prado de Santa Lucia y las ruinas de una ermita con el mismo nombre, atravesamos estrechas veredas abiertas entre morrenas glaciales, buena parte del camino es sobre lecho de piedras que dificultan nuestro caminar, pero tambi\u00e9n pisamos sobre alfombras de hojarasca de pino silvestre y, aunque escasas, de hojas h\u00famedas y envejecidas a los pies de hayas plet\u00f3ricas de verdor.<\/p>\n<p><img loading=\"lazy\" decoding=\"async\" class=\"alignnone size-medium wp-image-13915 aligncenter\" src=\"http:\/\/soriapasoapaso.es\/wp-content\/uploads\/2023\/10\/2-300x169.jpg\" alt=\"\" width=\"300\" height=\"169\" srcset=\"https:\/\/soriapasoapaso.es\/wp-content\/uploads\/2023\/10\/2-300x169.jpg 300w, https:\/\/soriapasoapaso.es\/wp-content\/uploads\/2023\/10\/2-768x432.jpg 768w, https:\/\/soriapasoapaso.es\/wp-content\/uploads\/2023\/10\/2.jpg 886w\" sizes=\"auto, (max-width: 300px) 100vw, 300px\" \/><\/p>\n<p>Vamos disfrutando tanto los paisajes roquedos, como de ese cercano arbolado a ambos lados del camino o del m\u00e1s amplio de los paisajes, salpicado por peque\u00f1os pueblos en cuyo fondo se recortan los Pirineos\u2026 y as\u00ed paso a paso como reza el lema de nuestro grupo vamos salvando paisajes y distancias en esta subida intensa y bella.<\/p>\n<p>Llegamos al Santuario, al abrigo del gran pe\u00f1asco del Cuchar\u00f3n, pero no es el final de nuestro ascenso, seguimos caminando entre grises pedregales dirigi\u00e9ndonos hasta el magn\u00edfico mirador natural donde, en la anterior visita, almorzamos encaramados en la roca.<\/p>\n<p><img loading=\"lazy\" decoding=\"async\" class=\"alignnone size-medium wp-image-13916 aligncenter\" src=\"http:\/\/soriapasoapaso.es\/wp-content\/uploads\/2023\/10\/3-300x169.jpg\" alt=\"\" width=\"300\" height=\"169\" srcset=\"https:\/\/soriapasoapaso.es\/wp-content\/uploads\/2023\/10\/3-300x169.jpg 300w, https:\/\/soriapasoapaso.es\/wp-content\/uploads\/2023\/10\/3-768x432.jpg 768w, https:\/\/soriapasoapaso.es\/wp-content\/uploads\/2023\/10\/3.jpg 886w\" sizes=\"auto, (max-width: 300px) 100vw, 300px\" \/><\/p>\n<p>Nos tomamos un tiempo para contemplar en toda su extensi\u00f3n la vista panor\u00e1mica sobre el valle del Ebro que hemos ido admirando durante el camino, algunos compa\u00f1eros suben a la roca para bajar poco despu\u00e9s, hoy tendremos que protegernos del viento y almorzar en la zona inferior del roquedo<\/p>\n<p>Concluido el refrigerio regresamos a la pradera donde se ubica el Santuario del Moncayo que debe su existencia a la aparici\u00f3n de la imagen de Ntra. Sra. del Moncayo. \u00a0La primera documentaci\u00f3n es del siglo XII, pero no as\u00ed el sencillo conjunto arquitect\u00f3nico que ha llegado hasta nosotros, compuesto por una iglesia y sendos edificios a sus lados, que hoy son hospeder\u00eda y restaurante.\u00a0 Y precisamente este es el que visitamos para tomar un caf\u00e9 calentito antes de continuar la ruta, que a\u00fan nos quedan bastantes kil\u00f3metros por delante.<\/p>\n<p><img loading=\"lazy\" decoding=\"async\" class=\"alignnone size-medium wp-image-13917 aligncenter\" src=\"http:\/\/soriapasoapaso.es\/wp-content\/uploads\/2023\/10\/4-300x169.jpg\" alt=\"\" width=\"300\" height=\"169\" srcset=\"https:\/\/soriapasoapaso.es\/wp-content\/uploads\/2023\/10\/4-300x169.jpg 300w, https:\/\/soriapasoapaso.es\/wp-content\/uploads\/2023\/10\/4-768x432.jpg 768w, https:\/\/soriapasoapaso.es\/wp-content\/uploads\/2023\/10\/4.jpg 885w\" sizes=\"auto, (max-width: 300px) 100vw, 300px\" \/><\/p>\n<p>Pero antes hay otra visita ineludible por cercana, la fuente y ermitilla de San Gaudosio que fue obispo de Tarazona, cuyo nombre lleva tambi\u00e9n una de las hoyas del Moncayo, las otras son las hoyas de San Miguel y Morca, tres circos glaciales formados por los hielos del cuaternario. Hoy la fuente est\u00e1 \u201cocupada\u201d por un grupo de j\u00f3venes que se retan a mantener las manos dentro del agua, reto al que nosotros, despu\u00e9s de mucho pensarlo, no vamos a sumarnos y no ser\u00e1 porque el agua vaya a estar he-la-di-ta, sino que ya va siendo hora de dar por terminada la visita y desandar el camino hasta llegar de nuevo a la pradera del Santuario y tomar el camino de descenso.<\/p>\n<p><img loading=\"lazy\" decoding=\"async\" class=\"alignnone size-medium wp-image-13918\" src=\"http:\/\/soriapasoapaso.es\/wp-content\/uploads\/2023\/10\/5-300x169.jpg\" alt=\"\" width=\"300\" height=\"169\" srcset=\"https:\/\/soriapasoapaso.es\/wp-content\/uploads\/2023\/10\/5-300x169.jpg 300w, https:\/\/soriapasoapaso.es\/wp-content\/uploads\/2023\/10\/5.jpg 619w\" sizes=\"auto, (max-width: 300px) 100vw, 300px\" \/><img loading=\"lazy\" decoding=\"async\" class=\"alignnone size-medium wp-image-13919\" src=\"http:\/\/soriapasoapaso.es\/wp-content\/uploads\/2023\/10\/6-300x169.jpg\" alt=\"\" width=\"300\" height=\"169\" srcset=\"https:\/\/soriapasoapaso.es\/wp-content\/uploads\/2023\/10\/6-300x169.jpg 300w, https:\/\/soriapasoapaso.es\/wp-content\/uploads\/2023\/10\/6.jpg 630w\" sizes=\"auto, (max-width: 300px) 100vw, 300px\" \/><\/p>\n<p>El pinar pronto va dar paso al extenso hayedo de Pe\u00f1a Roya que recorremos por una amplia y agradable senda donde no deja de sorprendernos el verde intenso y el vigor de las hojas, aunque ya sab\u00edamos que este a\u00f1o no nos cobijar\u00edan las hojas ocres y doradas de sus hayas ni escuchar\u00edamos el susurro de sus hojas secas, cosas de este oto\u00f1o que nos ha llegado tan tard\u00edo.<\/p>\n<p><img loading=\"lazy\" decoding=\"async\" class=\"alignnone size-medium wp-image-13920 aligncenter\" src=\"http:\/\/soriapasoapaso.es\/wp-content\/uploads\/2023\/10\/7-300x180.jpg\" alt=\"\" width=\"300\" height=\"180\" srcset=\"https:\/\/soriapasoapaso.es\/wp-content\/uploads\/2023\/10\/7-300x180.jpg 300w, https:\/\/soriapasoapaso.es\/wp-content\/uploads\/2023\/10\/7-768x461.jpg 768w, https:\/\/soriapasoapaso.es\/wp-content\/uploads\/2023\/10\/7.jpg 885w\" sizes=\"auto, (max-width: 300px) 100vw, 300px\" \/><\/p>\n<p>Sea cual sea el color que predomine la senda es preciosa, flanqueada por esas hermosas hayas de tronco gris, recto y liso, que se extienden dando lugar a frondosos bosques, cuyo ramaje en horizontal aprovecha al m\u00e1ximo la luz solar, impidiendo a su vez que llegue al sotobosque, raz\u00f3n por la cual, escasean otras plantas en sus inmediaciones, aunque no faltan brezos y helechos. Los hayedos necesitan mucha humedad y el del Moncayo, situado en su ladera norte, cumple dicha premisa, siendo uno de los m\u00e1s meridionales de Europa.<\/p>\n<p><img loading=\"lazy\" decoding=\"async\" class=\"alignnone size-medium wp-image-13921 aligncenter\" src=\"http:\/\/soriapasoapaso.es\/wp-content\/uploads\/2023\/10\/8-300x169.jpg\" alt=\"\" width=\"300\" height=\"169\" srcset=\"https:\/\/soriapasoapaso.es\/wp-content\/uploads\/2023\/10\/8-300x169.jpg 300w, https:\/\/soriapasoapaso.es\/wp-content\/uploads\/2023\/10\/8-768x432.jpg 768w, https:\/\/soriapasoapaso.es\/wp-content\/uploads\/2023\/10\/8.jpg 885w\" sizes=\"auto, (max-width: 300px) 100vw, 300px\" \/><\/p>\n<p>Otro de los atractivos de este hayedo es el musgo, que la lluvia de esta semana ha reverdecido y envuelve ra\u00edces, troncos y piedras, formando figuras de cuento, cuya originalidad y belleza hace que algunos nos vayamos deteniendo continuamente.<\/p>\n<p>Hay m\u00e1s motivos para hacer estas breves paraditas como puede ser ver las setas, hongos o champi\u00f1ones que vamos descubriendo, los hayucos, fruto de las hayas, ahora secos o leer los paneles informativos como uno que nos cuenta qu\u00e9 son las agallas, as\u00ed se denominan las excrecencias que los arboles desarrollan por las infecciones provocadas por insectos, bacterias, virus etc. En el caso de las hayas es un insecto que utiliza la agalla como cobijo y alimento.<\/p>\n<p><img loading=\"lazy\" decoding=\"async\" class=\"alignnone size-medium wp-image-13922 aligncenter\" src=\"http:\/\/soriapasoapaso.es\/wp-content\/uploads\/2023\/10\/9-300x169.jpg\" alt=\"\" width=\"300\" height=\"169\" srcset=\"https:\/\/soriapasoapaso.es\/wp-content\/uploads\/2023\/10\/9-300x169.jpg 300w, https:\/\/soriapasoapaso.es\/wp-content\/uploads\/2023\/10\/9-768x432.jpg 768w, https:\/\/soriapasoapaso.es\/wp-content\/uploads\/2023\/10\/9.jpg 885w\" sizes=\"auto, (max-width: 300px) 100vw, 300px\" \/><\/p>\n<p>A lo largo de la ruta tambi\u00e9n hemos ido viendo numerosos y vistosos acebos, algunos sin su baya roja y otros con hojas sin pinchos, vamos a conocer las razones de estas aparentes peculiaridades que no son sino caracter\u00edsticas de los acebos: Las brillantes hojas de un verde oscuro con el borde espinoso se dan en los ejemplares j\u00f3venes y en las ramas m\u00e1s bajas en los adultos, siendo no espinosas y de color m\u00e1s claro las j\u00f3venes de las ramas superiores de estos \u00faltimos. En cuanto a los caracter\u00edsticos frutos rojos, s\u00f3lo los acebos hembra pueden producir las bayas, siendo necesario que acebos hembras y machos est\u00e9n cercanos, aunque hay otras causas para carecer de bayas como la temprana edad del acebo, escasa luz solar, la poda\u2026<\/p>\n<p><img loading=\"lazy\" decoding=\"async\" class=\"alignnone size-medium wp-image-13923 aligncenter\" src=\"http:\/\/soriapasoapaso.es\/wp-content\/uploads\/2023\/10\/10-300x169.jpg\" alt=\"\" width=\"300\" height=\"169\" srcset=\"https:\/\/soriapasoapaso.es\/wp-content\/uploads\/2023\/10\/10-300x169.jpg 300w, https:\/\/soriapasoapaso.es\/wp-content\/uploads\/2023\/10\/10-768x432.jpg 768w, https:\/\/soriapasoapaso.es\/wp-content\/uploads\/2023\/10\/10.jpg 885w\" sizes=\"auto, (max-width: 300px) 100vw, 300px\" \/><\/p>\n<p>A altitudes m\u00e1s bajas ya vamos encontrando robles, se\u00f1al de que est\u00e1 concluyendo esta bonita ruta circular, a buen paso, a\u00fan con estas breves pausas y conversaci\u00f3n, llegamos a la Fuente del Sacrist\u00e1n, donde nos tomamos unos minutos m\u00e1s para ver y disfrutar del entorno antes de ir al aparcamiento, ahora repleto de coches, terminando nuestra ruta de nuevo con el borboteo del agua que discurre por all\u00ed.<\/p>\n<p>&nbsp;<\/p>\n<p>Ana Mar\u00eda Abajo.<\/p>\n<p>&nbsp;<\/p>\n<p>&nbsp;<\/p>\n","protected":false},"excerpt":{"rendered":"<p>&nbsp; Despu\u00e9s de unos meses de septiembre y octubre inusualmente calurosos, esta semana se asent\u00f3 el oto\u00f1o entre fuertes lluvias, que este s\u00e1bado, nos han dado una tregua para cumplir con una de nuestras citas ineludibles en estas fechas, los hayedos; Volvemos al Hayedo del Moncayo. Tenemos prevista la misma <\/p>\n<p><a class=\"read-more\" href=\"https:\/\/soriapasoapaso.es\/?p=13913\">Read More<\/a><\/p>\n","protected":false},"author":1,"featured_media":13924,"comment_status":"open","ping_status":"open","sticky":false,"template":"","format":"standard","meta":{"footnotes":""},"categories":[21],"tags":[],"class_list":["post-13913","post","type-post","status-publish","format-standard","has-post-thumbnail","hentry","category-rutas"],"_links":{"self":[{"href":"https:\/\/soriapasoapaso.es\/index.php?rest_route=\/wp\/v2\/posts\/13913","targetHints":{"allow":["GET"]}}],"collection":[{"href":"https:\/\/soriapasoapaso.es\/index.php?rest_route=\/wp\/v2\/posts"}],"about":[{"href":"https:\/\/soriapasoapaso.es\/index.php?rest_route=\/wp\/v2\/types\/post"}],"author":[{"embeddable":true,"href":"https:\/\/soriapasoapaso.es\/index.php?rest_route=\/wp\/v2\/users\/1"}],"replies":[{"embeddable":true,"href":"https:\/\/soriapasoapaso.es\/index.php?rest_route=%2Fwp%2Fv2%2Fcomments&post=13913"}],"version-history":[{"count":1,"href":"https:\/\/soriapasoapaso.es\/index.php?rest_route=\/wp\/v2\/posts\/13913\/revisions"}],"predecessor-version":[{"id":13925,"href":"https:\/\/soriapasoapaso.es\/index.php?rest_route=\/wp\/v2\/posts\/13913\/revisions\/13925"}],"wp:featuredmedia":[{"embeddable":true,"href":"https:\/\/soriapasoapaso.es\/index.php?rest_route=\/wp\/v2\/media\/13924"}],"wp:attachment":[{"href":"https:\/\/soriapasoapaso.es\/index.php?rest_route=%2Fwp%2Fv2%2Fmedia&parent=13913"}],"wp:term":[{"taxonomy":"category","embeddable":true,"href":"https:\/\/soriapasoapaso.es\/index.php?rest_route=%2Fwp%2Fv2%2Fcategories&post=13913"},{"taxonomy":"post_tag","embeddable":true,"href":"https:\/\/soriapasoapaso.es\/index.php?rest_route=%2Fwp%2Fv2%2Ftags&post=13913"}],"curies":[{"name":"wp","href":"https:\/\/api.w.org\/{rel}","templated":true}]}}