{"id":13794,"date":"2023-10-06T15:30:58","date_gmt":"2023-10-06T13:30:58","guid":{"rendered":"http:\/\/soriapasoapaso.es\/?p=13794"},"modified":"2023-10-06T15:30:58","modified_gmt":"2023-10-06T13:30:58","slug":"valonsadero-siempre-valonsadero","status":"publish","type":"post","link":"https:\/\/soriapasoapaso.es\/?p=13794","title":{"rendered":"VALONSADERO, SIEMPRE VALONSADERO\u2026"},"content":{"rendered":"<p>&nbsp;<\/p>\n<p>&nbsp;<\/p>\n<p>Soria, 30 Septiembre, 2023<\/p>\n<p>&nbsp;<\/p>\n<p>No pod\u00edamos faltar a la cita. Si nuestro reinicio de campa\u00f1a, hace dos semanas, fue para acompa\u00f1ar al naciente r\u00edo Duero a trav\u00e9s de los puentes de su cabecera, en esta ocasi\u00f3n hemos querido rendir tributo de admiraci\u00f3n a nuestro no menos entra\u00f1able y familiar monte de Valonsadero, testigo de tantas horas disfrutadas a la sombra de sus robles, sus chopos, sus hayas o, sencillamente, recordando los festejos sanjuaneros, verdadero santuario taurino de nuestras fiestas m\u00e1s ancestrales y tot\u00e9micas\u00a0 \u00a0en honor al toro, al sol de verano y al vino que da alegr\u00eda y espontaneidad a\u00a0 \u00a0\u00a0horas festivas inolvidables.<\/p>\n<p>Pero esta vez\u00a0 no nos conformamos con los rincones m\u00e1s emblem\u00e1ticos de este conocido y querido monte soriano. El recorrido supone adentrarnos por sendas y caminos que, c\u00f3mo no, nos pondr\u00e1n en contacto otra vez con nuestro familiar Duero, m\u00e1s crecido y brillante que cuando lo admiramos en su incipiente curso por tierras de pinares.<\/p>\n<p><img loading=\"lazy\" decoding=\"async\" class=\"alignnone size-medium wp-image-13795\" src=\"http:\/\/soriapasoapaso.es\/wp-content\/uploads\/2023\/10\/IMG_20230930_082222-300x139.jpg\" alt=\"\" width=\"300\" height=\"139\" srcset=\"https:\/\/soriapasoapaso.es\/wp-content\/uploads\/2023\/10\/IMG_20230930_082222-300x139.jpg 300w, https:\/\/soriapasoapaso.es\/wp-content\/uploads\/2023\/10\/IMG_20230930_082222-1024x473.jpg 1024w, https:\/\/soriapasoapaso.es\/wp-content\/uploads\/2023\/10\/IMG_20230930_082222-768x355.jpg 768w, https:\/\/soriapasoapaso.es\/wp-content\/uploads\/2023\/10\/IMG_20230930_082222-1536x709.jpg 1536w, https:\/\/soriapasoapaso.es\/wp-content\/uploads\/2023\/10\/IMG_20230930_082222-2048x946.jpg 2048w\" sizes=\"auto, (max-width: 300px) 100vw, 300px\" \/> <img loading=\"lazy\" decoding=\"async\" class=\"alignnone size-medium wp-image-13796\" src=\"http:\/\/soriapasoapaso.es\/wp-content\/uploads\/2023\/10\/IMG_20230930_082704-300x139.jpg\" alt=\"\" width=\"300\" height=\"139\" srcset=\"https:\/\/soriapasoapaso.es\/wp-content\/uploads\/2023\/10\/IMG_20230930_082704-300x139.jpg 300w, https:\/\/soriapasoapaso.es\/wp-content\/uploads\/2023\/10\/IMG_20230930_082704-1024x473.jpg 1024w, https:\/\/soriapasoapaso.es\/wp-content\/uploads\/2023\/10\/IMG_20230930_082704-768x355.jpg 768w, https:\/\/soriapasoapaso.es\/wp-content\/uploads\/2023\/10\/IMG_20230930_082704-1536x709.jpg 1536w, https:\/\/soriapasoapaso.es\/wp-content\/uploads\/2023\/10\/IMG_20230930_082704-2048x946.jpg 2048w\" sizes=\"auto, (max-width: 300px) 100vw, 300px\" \/><\/p>\n<p>A la hora habitual\u00a0 (8,00 h.) y en el lugar de costumbre nos damos cita casi 20 entusiastas del grupo para enfilar hacia nuestro monte. El trayecto corto hace m\u00e1s agradable y distendido el desplazamiento, mientras en el interior del coche hablamos de temas intranscendentes (el buen tiempo que hace, la necesidad de agua que tienen nuestros campos, los acontecimientos m\u00e1s destacables de la semana que acaba, etc.), y en poco menos de 15 minutos ya estamos aparcando en las inmediaciones de la Casa del Guarda.<\/p>\n<p>Y enseguida iniciamos la ruta por la trasera de la citada casa, mientras ascendemos \u00a0una \u00a0suave pendiente, protegida por un corto vallado, hasta llegar a una s\u00f3lida construcci\u00f3n, donde tenemos el primer cartel informativo respecto a la panor\u00e1mica que\u00a0\u00a0 ofrece este lugar y una detallada explicaci\u00f3n de paisajes m\u00e1s alejados, con el siempre majestuoso Pico Frentes en el poniente, \u00a0para un conocimiento detallado de la ubicaci\u00f3n de parajes no menos atractivos y sugerentes del \u00a0entorno que nos rodea .<\/p>\n<p><img loading=\"lazy\" decoding=\"async\" class=\"alignnone size-medium wp-image-13797\" src=\"http:\/\/soriapasoapaso.es\/wp-content\/uploads\/2023\/10\/IMG_20230930_083018-300x139.jpg\" alt=\"\" width=\"300\" height=\"139\" srcset=\"https:\/\/soriapasoapaso.es\/wp-content\/uploads\/2023\/10\/IMG_20230930_083018-300x139.jpg 300w, https:\/\/soriapasoapaso.es\/wp-content\/uploads\/2023\/10\/IMG_20230930_083018-1024x473.jpg 1024w, https:\/\/soriapasoapaso.es\/wp-content\/uploads\/2023\/10\/IMG_20230930_083018-768x355.jpg 768w, https:\/\/soriapasoapaso.es\/wp-content\/uploads\/2023\/10\/IMG_20230930_083018-1536x709.jpg 1536w, https:\/\/soriapasoapaso.es\/wp-content\/uploads\/2023\/10\/IMG_20230930_083018-2048x946.jpg 2048w\" sizes=\"auto, (max-width: 300px) 100vw, 300px\" \/> <img loading=\"lazy\" decoding=\"async\" class=\"alignnone size-medium wp-image-13798\" src=\"http:\/\/soriapasoapaso.es\/wp-content\/uploads\/2023\/10\/IMG_20230930_083256-300x139.jpg\" alt=\"\" width=\"300\" height=\"139\" srcset=\"https:\/\/soriapasoapaso.es\/wp-content\/uploads\/2023\/10\/IMG_20230930_083256-300x139.jpg 300w, https:\/\/soriapasoapaso.es\/wp-content\/uploads\/2023\/10\/IMG_20230930_083256-1024x473.jpg 1024w, https:\/\/soriapasoapaso.es\/wp-content\/uploads\/2023\/10\/IMG_20230930_083256-768x355.jpg 768w, https:\/\/soriapasoapaso.es\/wp-content\/uploads\/2023\/10\/IMG_20230930_083256-1536x709.jpg 1536w, https:\/\/soriapasoapaso.es\/wp-content\/uploads\/2023\/10\/IMG_20230930_083256-2048x946.jpg 2048w\" sizes=\"auto, (max-width: 300px) 100vw, 300px\" \/><\/p>\n<p>Durante estos primeros pasos, caminamos entre discretos pe\u00f1ascos que encajonan el camino, pero en realidad nos encontramos con un suelo que cubre la hierba todav\u00eda h\u00fameda por efecto del roc\u00edo ma\u00f1anero. Pronto entraremos en sendas de tierra, marcadas como PR, que nos conducen sin dificultad por la ruta que ha trazado nuestro sherpa, adem\u00e1s de se\u00f1ales direccionales que indican el rumbo a distintos destinos del monte.<\/p>\n<p>El buen tiempo es nuestro mejor aliado y hoy no pod\u00eda faltar a la cita: un espl\u00e9ndido sol\u00a0 nos va a acompa\u00f1ar toda la ma\u00f1ana, como si quisiera hacernos m\u00e1s f\u00e1cil y alegre el camino. \u201c\u00a1Ya llegar\u00e1 el invierno \u2013comentamos- \u201cy tendremos que afrontar los rigores clim\u00e1ticos con la entereza de todo buen senderista que se precie!<\/p>\n<p>El roble es el \u00e1rbol que coloniza estos pagos y algunos curiosos ejemplares se nos muestran desmochados y desnudos de cualquier\u00a0 ramaje, presentando un curioso aspecto que simula el esqueleto de una estructura \u00f3sea taurina vertical, de la que solo ha permanecido la silueta de su cornamenta.<\/p>\n<p><img loading=\"lazy\" decoding=\"async\" class=\"alignnone size-medium wp-image-13799\" src=\"http:\/\/soriapasoapaso.es\/wp-content\/uploads\/2023\/10\/IMG_20230930_083457-300x139.jpg\" alt=\"\" width=\"300\" height=\"139\" srcset=\"https:\/\/soriapasoapaso.es\/wp-content\/uploads\/2023\/10\/IMG_20230930_083457-300x139.jpg 300w, https:\/\/soriapasoapaso.es\/wp-content\/uploads\/2023\/10\/IMG_20230930_083457-1024x473.jpg 1024w, https:\/\/soriapasoapaso.es\/wp-content\/uploads\/2023\/10\/IMG_20230930_083457-768x355.jpg 768w, https:\/\/soriapasoapaso.es\/wp-content\/uploads\/2023\/10\/IMG_20230930_083457-1536x709.jpg 1536w, https:\/\/soriapasoapaso.es\/wp-content\/uploads\/2023\/10\/IMG_20230930_083457-2048x946.jpg 2048w\" sizes=\"auto, (max-width: 300px) 100vw, 300px\" \/> <img loading=\"lazy\" decoding=\"async\" class=\"alignnone size-medium wp-image-13800\" src=\"http:\/\/soriapasoapaso.es\/wp-content\/uploads\/2023\/10\/IMG_20230930_084228-300x138.jpg\" alt=\"\" width=\"300\" height=\"138\" srcset=\"https:\/\/soriapasoapaso.es\/wp-content\/uploads\/2023\/10\/IMG_20230930_084228-300x138.jpg 300w, https:\/\/soriapasoapaso.es\/wp-content\/uploads\/2023\/10\/IMG_20230930_084228-1024x472.jpg 1024w, https:\/\/soriapasoapaso.es\/wp-content\/uploads\/2023\/10\/IMG_20230930_084228-768x354.jpg 768w, https:\/\/soriapasoapaso.es\/wp-content\/uploads\/2023\/10\/IMG_20230930_084228-1536x707.jpg 1536w, https:\/\/soriapasoapaso.es\/wp-content\/uploads\/2023\/10\/IMG_20230930_084228-2048x943.jpg 2048w\" sizes=\"auto, (max-width: 300px) 100vw, 300px\" \/><\/p>\n<p>Atravesamos alguna zona vallada para impedir el paso de animales y en el cruce de caminos a elegir no faltan las indicaciones con el nombre grabado en la madera que dirigen hacia\u00a0 enclaves de este transitado monte soriano: \u201cCa\u00f1ada de la Barbarita\u201d, \u201cRaso de la \u00a0Vega Baturio\u201d, \u201cAzud de Buitrago\u2026\u201d Nos resultan familiares esos nombres, porque, quien m\u00e1s, quien menos, alguna vez ha cruzado \u00a0los caminos de estos altiplanos de este secular monte.<\/p>\n<p>Nuestro destino se dirige hacia la \u00faltima de las se\u00f1ales indicadas, el Azud de Buitrago. El camino no puede ser m\u00e1s amable: una llanura constante entre robles, encinas y algunas hayas, salpicada de espor\u00e1dicas suaves pendientes, apenas perceptible para nuestros pasos, a medida que vamos acerc\u00e1ndonos a la margen derecha de nuestro entra\u00f1able Duero, que le acompa\u00f1aremos como si nos hubi\u00e9ramos unido a su flujo, a trav\u00e9s del cauce que conduce hasta la presa o azud de Buitrago. Es la estampa de un Duero silente, radiante, sosegado, que refleja en sus aguas, cual si de un prolongado espejo se tratara, la belleza que emana de las especies arb\u00f3reas que dan sombra a nuestro recorrido y ensamblan perfectamente en la superficie de su curso para hacerlo m\u00e1s visual, m\u00e1s brillante, m\u00e1s \u00a0entra\u00f1able con la naturaleza que le rodea.<\/p>\n<p><img loading=\"lazy\" decoding=\"async\" class=\"alignnone size-medium wp-image-13801\" src=\"http:\/\/soriapasoapaso.es\/wp-content\/uploads\/2023\/10\/IMG_20230930_104929-300x139.jpg\" alt=\"\" width=\"300\" height=\"139\" srcset=\"https:\/\/soriapasoapaso.es\/wp-content\/uploads\/2023\/10\/IMG_20230930_104929-300x139.jpg 300w, https:\/\/soriapasoapaso.es\/wp-content\/uploads\/2023\/10\/IMG_20230930_104929-1024x473.jpg 1024w, https:\/\/soriapasoapaso.es\/wp-content\/uploads\/2023\/10\/IMG_20230930_104929-768x355.jpg 768w, https:\/\/soriapasoapaso.es\/wp-content\/uploads\/2023\/10\/IMG_20230930_104929-1536x709.jpg 1536w, https:\/\/soriapasoapaso.es\/wp-content\/uploads\/2023\/10\/IMG_20230930_104929-2048x946.jpg 2048w\" sizes=\"auto, (max-width: 300px) 100vw, 300px\" \/> <img loading=\"lazy\" decoding=\"async\" class=\"alignnone size-medium wp-image-13802\" src=\"http:\/\/soriapasoapaso.es\/wp-content\/uploads\/2023\/10\/IMG_20230930_105017-300x138.jpg\" alt=\"\" width=\"300\" height=\"138\" srcset=\"https:\/\/soriapasoapaso.es\/wp-content\/uploads\/2023\/10\/IMG_20230930_105017-300x138.jpg 300w, https:\/\/soriapasoapaso.es\/wp-content\/uploads\/2023\/10\/IMG_20230930_105017-1024x472.jpg 1024w, https:\/\/soriapasoapaso.es\/wp-content\/uploads\/2023\/10\/IMG_20230930_105017-768x354.jpg 768w, https:\/\/soriapasoapaso.es\/wp-content\/uploads\/2023\/10\/IMG_20230930_105017-1536x707.jpg 1536w, https:\/\/soriapasoapaso.es\/wp-content\/uploads\/2023\/10\/IMG_20230930_105017-2048x943.jpg 2048w\" sizes=\"auto, (max-width: 300px) 100vw, 300px\" \/><\/p>\n<p>Caminamos en fila india, porque la senda no nos permite otra disposici\u00f3n de marcha, mientras en alg\u00fan momento debemos ceder el paso a intr\u00e9pidos y experimentados ciclistas que ruedan por el mismo camino que el nuestro, pero en sentido inverso, por obvias razones de seguridad mutua.<\/p>\n<p>Contemplamos alguna construcci\u00f3n en ruinas pr\u00f3xima a las orillas del r\u00edo, que suponemos fue edificada antes de conformar la presa que da nombre al Azud. No faltan las paradas obligadas para admirar sosegadamente todo el esplendor que destila el r\u00edo, en esta mezcla de agua, vegetaci\u00f3n arb\u00f3rea, colorido de este bosque encantado. Y, c\u00f3mo no, la expectativa de que avistemos alguna especie micol\u00f3gica que en este tiempo empiezan a aflorar por nuestros montes\u2026aunque nuestros deseos no tienen el premio de nuestra sana ambici\u00f3n por recolectar alg\u00fan deseado ejemplar propia de la temporada. Aunque, eso s\u00ed, no faltan nuestros entusiastas fot\u00f3grafos que imprimen en sus c\u00e1maras del m\u00f3vil algunas de las especies micol\u00f3gicas\u00a0 que sobresalen por su espectacular tama\u00f1o y vistosidad.<\/p>\n<p>Nos vamos acercando a las compuertas que retienen al r\u00edo para formar esta presa de indudable valor econ\u00f3mico para el regad\u00edo\u00a0 (cosa distinta es el uso que se hace de ella\u2026y aqu\u00ed tengo en cuenta la opini\u00f3n autorizada de Jos\u00e9 Antonio), y\u00a0 a los pies del armonioso aullido del agua al salir por una parte de la compuerta que nutre el cauce fluvial \u00a0que ha sustentado su embalsamiento, hacemos la obligada parada de toda ruta, para disfrutar de las deseadas viandas reparadoras.\u00a0 No pod\u00edamos escoger mejor sitio: por su belleza pl\u00e1stica, su valor ecol\u00f3gico y la ambig\u00fcedad de sol y sombra que ofrece el sitio para acomodarnos en la piedra saliente m\u00e1s id\u00f3nea con nuestras preferencias. Y el momento del descanso tambi\u00e9n es tiempo para \u00a0comentarios, an\u00e9cdotas, impresiones y, sobre todo, compartir viandas colectivas que recorren los corrillos formados para la ocasi\u00f3n: no puede faltar la bota de vino con el logo impreso de nuestro grupo, pero tampoco las galletitas de cereales y chocolate (sin az\u00facar) \u00a0que ofrece Gema o las barritas de chocolate de Enedina\u2026por poner alg\u00fan ejemplo.<\/p>\n<p><img loading=\"lazy\" decoding=\"async\" class=\"alignnone size-medium wp-image-13803\" src=\"http:\/\/soriapasoapaso.es\/wp-content\/uploads\/2023\/10\/IMG_20230930_102159-300x139.jpg\" alt=\"\" width=\"300\" height=\"139\" srcset=\"https:\/\/soriapasoapaso.es\/wp-content\/uploads\/2023\/10\/IMG_20230930_102159-300x139.jpg 300w, https:\/\/soriapasoapaso.es\/wp-content\/uploads\/2023\/10\/IMG_20230930_102159-1024x473.jpg 1024w, https:\/\/soriapasoapaso.es\/wp-content\/uploads\/2023\/10\/IMG_20230930_102159-768x355.jpg 768w, https:\/\/soriapasoapaso.es\/wp-content\/uploads\/2023\/10\/IMG_20230930_102159-1536x709.jpg 1536w, https:\/\/soriapasoapaso.es\/wp-content\/uploads\/2023\/10\/IMG_20230930_102159-2048x946.jpg 2048w\" sizes=\"auto, (max-width: 300px) 100vw, 300px\" \/> <img loading=\"lazy\" decoding=\"async\" class=\"alignnone size-medium wp-image-13804\" src=\"http:\/\/soriapasoapaso.es\/wp-content\/uploads\/2023\/10\/IMG_20230930_104027-300x138.jpg\" alt=\"\" width=\"300\" height=\"138\" srcset=\"https:\/\/soriapasoapaso.es\/wp-content\/uploads\/2023\/10\/IMG_20230930_104027-300x138.jpg 300w, https:\/\/soriapasoapaso.es\/wp-content\/uploads\/2023\/10\/IMG_20230930_104027-1024x472.jpg 1024w, https:\/\/soriapasoapaso.es\/wp-content\/uploads\/2023\/10\/IMG_20230930_104027-768x354.jpg 768w, https:\/\/soriapasoapaso.es\/wp-content\/uploads\/2023\/10\/IMG_20230930_104027-1536x707.jpg 1536w, https:\/\/soriapasoapaso.es\/wp-content\/uploads\/2023\/10\/IMG_20230930_104027-2048x943.jpg 2048w\" sizes=\"auto, (max-width: 300px) 100vw, 300px\" \/><\/p>\n<p>Y como todo ambiente distendido, este \u00a0tambi\u00e9n tiene su final. Toca reanudar la marcha. Y esta vez lo haremos por una amplia pista de tierra, aunque pronto la abandonamos para adentrarnos de nuevo por la senda que discurre paralela al r\u00edo. Y enseguida nos encontramos con un pescador de cangrejos que se ha adentrado hasta estos l\u00edmites. Nos muestra sus capturas. Parece que ha tenido m\u00e1s suerte que nosotros con la posibilidad de encontrar alg\u00fan boletus o nactarius.<\/p>\n<p>Seguimos por un tiempo la margen derecha del Duero, pero enseguida nos alejamos para adentrarnos por el camino del monte que nos conduce hasta el conocido Puente del Canto, nombre que da origen a un conocido club de atletismo soriano. Ahora el trayecto es m\u00e1s diverso en cuanto a opciones para acercarnos a nuestro objetivo, pero no por ello menos agradable y distendido. Seguimos llaneando entre pinos pi\u00f1oneros y robles centenarios, mientras tengo la suerte de compartir parte de esta andadura con F\u00e9lix, conocedor por excelencia de estas latitudes, que me va informando de los nombres que tradicionalmente han tenido (y tienen todav\u00eda) algunos de estos lugares: el \u201cpaso de las carretas\u201d es uno de los enclaves tal vez m\u00e1s conocido por los andarines que recorren este campo. Se trata de una s\u00f3lida capa de hormig\u00f3n para fijar el terreno que, por efecto de las carrereas que lo frecuentaban, pod\u00edan da\u00f1ar\u00a0 el firme del mismo.<\/p>\n<p><img loading=\"lazy\" decoding=\"async\" class=\"alignnone size-medium wp-image-13805\" src=\"http:\/\/soriapasoapaso.es\/wp-content\/uploads\/2023\/10\/IMG_20230930_094821-300x139.jpg\" alt=\"\" width=\"300\" height=\"139\" srcset=\"https:\/\/soriapasoapaso.es\/wp-content\/uploads\/2023\/10\/IMG_20230930_094821-300x139.jpg 300w, https:\/\/soriapasoapaso.es\/wp-content\/uploads\/2023\/10\/IMG_20230930_094821-1024x473.jpg 1024w, https:\/\/soriapasoapaso.es\/wp-content\/uploads\/2023\/10\/IMG_20230930_094821-768x355.jpg 768w, https:\/\/soriapasoapaso.es\/wp-content\/uploads\/2023\/10\/IMG_20230930_094821-1536x709.jpg 1536w, https:\/\/soriapasoapaso.es\/wp-content\/uploads\/2023\/10\/IMG_20230930_094821-2048x946.jpg 2048w\" sizes=\"auto, (max-width: 300px) 100vw, 300px\" \/> <img loading=\"lazy\" decoding=\"async\" class=\"alignnone size-medium wp-image-13806\" src=\"http:\/\/soriapasoapaso.es\/wp-content\/uploads\/2023\/10\/IMG_20230930_095005-300x139.jpg\" alt=\"\" width=\"300\" height=\"139\" srcset=\"https:\/\/soriapasoapaso.es\/wp-content\/uploads\/2023\/10\/IMG_20230930_095005-300x139.jpg 300w, https:\/\/soriapasoapaso.es\/wp-content\/uploads\/2023\/10\/IMG_20230930_095005-1024x473.jpg 1024w, https:\/\/soriapasoapaso.es\/wp-content\/uploads\/2023\/10\/IMG_20230930_095005-768x355.jpg 768w, https:\/\/soriapasoapaso.es\/wp-content\/uploads\/2023\/10\/IMG_20230930_095005-1536x709.jpg 1536w, https:\/\/soriapasoapaso.es\/wp-content\/uploads\/2023\/10\/IMG_20230930_095005-2048x946.jpg 2048w\" sizes=\"auto, (max-width: 300px) 100vw, 300px\" \/><\/p>\n<p>Para nuestra suerte, seguimos caminando cobijados bajo la sombra que nos proporciona el pino negral que se extiende por estas latitudes, mientras dirigimos nuestros pasos hacia el Puente del Canto, punto de referencia para continuar nuestra ruta hasta el final.<\/p>\n<p>Pero antes de llegar a este destino intermedio, no faltan las visitas de inter\u00e9s que se ofrecen a nuestro paso, en este caso las conocidas fuentes que salpican lugares y trayectos distintos, y, en concreto, podemos contemplar el caudal que, escondido bajo una gruesa capa de madera que levanta Gema, no sin cierta dificultad, \u00a0ofrece la Fuente de \u201cEl oro\u201d. Es otro recorrido que hace unos a\u00f1os hizo el grupo por el denominado circuito de las \u201cfuentes de Valonsadero\u201d, otro atractivo \u00a0que presenta este monte para conocer rincones con encanto y sabor a historia local.<\/p>\n<p>Poco a poco vamos dejando el c\u00f3modo camino que tra\u00edamos, as\u00ed como los altivos negrales que nos han acompa\u00f1ado, para \u00a0\u00a0adentrarnos por una ruta flanqueada por arbustos de mediana altura, pero, sobre todo, salpicada de un piso pedregoso y menos amable que el recorrido hasta ahora, por lo que no est\u00e1 de m\u00e1s un poco de prudencia y seguridad a la hora de colocar la bota sobre el suelo. Nada grave, pero necesario agudizar el sentido de la vista para evitar otros contratiempos.<\/p>\n<p>El sol empieza a\u00a0 sentirse ya a estas horas de la ma\u00f1ana, y carecemos del\u00a0 sombrado arb\u00f3reo que nos ha acompa\u00f1ado durante buena parte de esta entra\u00f1able ruta. No falta quien, prevenido\/a, hace uso de la crema solar para mejor protecci\u00f3n ante lo que se esperaba una ma\u00f1ana soleada.<\/p>\n<p>Y paso a paso, zancada tras zancada,\u00a0 entre animados coloquios, cuando no momentos de divertido humor, nos vamos acercando al conocido enclave como Puente del Canto.<\/p>\n<p><img loading=\"lazy\" decoding=\"async\" class=\"alignnone size-medium wp-image-13807\" src=\"http:\/\/soriapasoapaso.es\/wp-content\/uploads\/2023\/10\/IMG_20230930_121336-300x139.jpg\" alt=\"\" width=\"300\" height=\"139\" srcset=\"https:\/\/soriapasoapaso.es\/wp-content\/uploads\/2023\/10\/IMG_20230930_121336-300x139.jpg 300w, https:\/\/soriapasoapaso.es\/wp-content\/uploads\/2023\/10\/IMG_20230930_121336-1024x473.jpg 1024w, https:\/\/soriapasoapaso.es\/wp-content\/uploads\/2023\/10\/IMG_20230930_121336-768x355.jpg 768w, https:\/\/soriapasoapaso.es\/wp-content\/uploads\/2023\/10\/IMG_20230930_121336-1536x709.jpg 1536w, https:\/\/soriapasoapaso.es\/wp-content\/uploads\/2023\/10\/IMG_20230930_121336-2048x946.jpg 2048w\" sizes=\"auto, (max-width: 300px) 100vw, 300px\" \/> <img loading=\"lazy\" decoding=\"async\" class=\"alignnone size-medium wp-image-13808\" src=\"http:\/\/soriapasoapaso.es\/wp-content\/uploads\/2023\/10\/IMG_20230930_121812-300x139.jpg\" alt=\"\" width=\"300\" height=\"139\" srcset=\"https:\/\/soriapasoapaso.es\/wp-content\/uploads\/2023\/10\/IMG_20230930_121812-300x139.jpg 300w, https:\/\/soriapasoapaso.es\/wp-content\/uploads\/2023\/10\/IMG_20230930_121812-1024x473.jpg 1024w, https:\/\/soriapasoapaso.es\/wp-content\/uploads\/2023\/10\/IMG_20230930_121812-768x355.jpg 768w, https:\/\/soriapasoapaso.es\/wp-content\/uploads\/2023\/10\/IMG_20230930_121812-1536x709.jpg 1536w, https:\/\/soriapasoapaso.es\/wp-content\/uploads\/2023\/10\/IMG_20230930_121812-2048x946.jpg 2048w\" sizes=\"auto, (max-width: 300px) 100vw, 300px\" \/><\/p>\n<p>Pronto avistamos la figurada alomada del citado puente, pero cuando nos vamos acercando y miramos bajo su arco, podemos observar, no sin cierto desencanto, que el r\u00edo Pedrajas, que da vida y sentido al puente \u2026 \u00a1no lleva agua! La pertinaz sequ\u00eda que asola nuestros campos y ha caracterizado la climatolog\u00eda de los \u00faltimos meses, produce estos fen\u00f3menos, que, sin duda, empobrecen el ambiente natural, paisaj\u00edstico y de riqueza ecol\u00f3gica que derrocha nuestro monte en todas sus manifestaciones vegetales, h\u00eddricas, paisaj\u00edsticas\u2026.<\/p>\n<p>En las proximidades del puente, otra de las fuentes de Valonsadero, \u201cla Fuente El Canto, que, en este caso, no nos tomamos la molestia de comprobar su capacidad de suministro h\u00eddrico. No tenemos sed, pero aunque la tuvi\u00e9ramos, tampoco estas fuentes nos garantizan que se trata de agua potable.<\/p>\n<p>Desde el Puente el Canto, enfilamos por la marcada senda que conduce hasta el centro neur\u00e1lgico del monte Valonsadero: la Casa del Guarda. Es un paseo c\u00f3modo, no sin cierto \u201caroma\u201d vacuno \u00a0por efecto del ganado que pasta o se cobija en las proximidades del lugar.\u00a0 Por el camino encontramos frondosos arbustos de encinas o moras, que, desafortunadamente, no nos ofrecen como quisi\u00e9ramos el mencionado fruto de sus ramas\u2026En otro tiempo hubi\u00e9ramos dado gusto al paladar, aunque solo fuera para opinar sobre la calidad de\u00a0 estos deseados productos silvestres<\/p>\n<p>Seguimos nuestro camino y tras cruzar el puente de madera que nos permite salvar la otra orilla del arroyo para dirigirnos hacia la casa del Guarda (tiempo atr\u00e1s, este sencillo y moderno puente de madera era una \u00a0losa de piedra, que enlazaba las dos orillas, pero que se ve\u00eda inundada f\u00e1cilmente\u00a0 por la corriente a poco que fuera el caudal de agua ca\u00edda sobre el terreno).<\/p>\n<p><img loading=\"lazy\" decoding=\"async\" class=\"alignnone size-medium wp-image-13809\" src=\"http:\/\/soriapasoapaso.es\/wp-content\/uploads\/2023\/10\/IMG_20230930_123318-300x139.jpg\" alt=\"\" width=\"300\" height=\"139\" srcset=\"https:\/\/soriapasoapaso.es\/wp-content\/uploads\/2023\/10\/IMG_20230930_123318-300x139.jpg 300w, https:\/\/soriapasoapaso.es\/wp-content\/uploads\/2023\/10\/IMG_20230930_123318-1024x473.jpg 1024w, https:\/\/soriapasoapaso.es\/wp-content\/uploads\/2023\/10\/IMG_20230930_123318-768x355.jpg 768w, https:\/\/soriapasoapaso.es\/wp-content\/uploads\/2023\/10\/IMG_20230930_123318-1536x709.jpg 1536w, https:\/\/soriapasoapaso.es\/wp-content\/uploads\/2023\/10\/IMG_20230930_123318-2048x946.jpg 2048w\" sizes=\"auto, (max-width: 300px) 100vw, 300px\" \/> <img loading=\"lazy\" decoding=\"async\" class=\"alignnone size-medium wp-image-13810\" src=\"http:\/\/soriapasoapaso.es\/wp-content\/uploads\/2023\/10\/IMG_20230930_130331-300x139.jpg\" alt=\"\" width=\"300\" height=\"139\" srcset=\"https:\/\/soriapasoapaso.es\/wp-content\/uploads\/2023\/10\/IMG_20230930_130331-300x139.jpg 300w, https:\/\/soriapasoapaso.es\/wp-content\/uploads\/2023\/10\/IMG_20230930_130331-1024x473.jpg 1024w, https:\/\/soriapasoapaso.es\/wp-content\/uploads\/2023\/10\/IMG_20230930_130331-768x355.jpg 768w, https:\/\/soriapasoapaso.es\/wp-content\/uploads\/2023\/10\/IMG_20230930_130331-1536x709.jpg 1536w, https:\/\/soriapasoapaso.es\/wp-content\/uploads\/2023\/10\/IMG_20230930_130331-2048x946.jpg 2048w\" sizes=\"auto, (max-width: 300px) 100vw, 300px\" \/><\/p>\n<p>Y en pocos metros nos hemos plantado en las inmediaciones de la Casa del Guarda, donde hemos aparcado los coches. Nos felicitamos por la magn\u00edfica ma\u00f1ana de tiempo cuasi estival que hemos disfrutado, la c\u00f3moda y gratificante ruta que nos ha vuelto a mostrar rincones y parajes de nuestro querido Valonsadero, el encanto de caminar de nuevo con el grupo que tantas satisfacciones nos produce\u2026 \u00bfQu\u00e9 nos falta? Como todo fin de ruta, el vinito o la cerveza que repara energ\u00edas y nos permite compartir otro momento de encuentro sosegado entre quienes hemos hecho del senderismo una pasi\u00f3n com\u00fan.<\/p>\n<p>Y el mejor sitio para vivir este momento no pod\u00eda ser otro que la terraza de la casa del Guarda. Y ah\u00ed apuramos la deseable cerveza o el anhelado vinito, junto al consagrado torrezno de nuestra tierra, que tanto \u00e9xito \u00a0nos est\u00e1 dando en el \u00e1mbito gastron\u00f3mico, y que durante mucho tiempo ha sido santo y se\u00f1a de esta secular casa del Guarda, cuando a\u00fan recordamos a sus antiguos moradores y hospederos de \u00a0esta hist\u00f3rica casa de recuerdos: Herm\u00f3genes y Manoli.<\/p>\n<p>Nos faltan muchas rutas, muchas cr\u00f3nicas y muchos momentos maravillosos que vivir recorriendo campos, laderas, colinas, monta\u00f1as, valles\u2026Lo iremos contando.<\/p>\n<p>&nbsp;<\/p>\n<p>&nbsp;<\/p>\n<p><strong>\u00a0\u00a0\u00a0\u00a0\u00a0\u00a0\u00a0\u00a0\u00a0\u00a0\u00a0 Agnelo Yubero\u00a0 <\/strong><\/p>\n<p>&nbsp;<\/p>\n<p>&nbsp;<\/p>\n<p>&nbsp;<\/p>\n","protected":false},"excerpt":{"rendered":"<p>&nbsp; &nbsp; Soria, 30 Septiembre, 2023 &nbsp; No pod\u00edamos faltar a la cita. Si nuestro reinicio de campa\u00f1a, hace dos semanas, fue para acompa\u00f1ar al naciente r\u00edo Duero a trav\u00e9s de los puentes de su cabecera, en esta ocasi\u00f3n hemos querido rendir tributo de admiraci\u00f3n a nuestro no menos entra\u00f1able <\/p>\n<p><a class=\"read-more\" href=\"https:\/\/soriapasoapaso.es\/?p=13794\">Read More<\/a><\/p>\n","protected":false},"author":1,"featured_media":13811,"comment_status":"open","ping_status":"open","sticky":false,"template":"","format":"standard","meta":{"footnotes":""},"categories":[21],"tags":[],"class_list":["post-13794","post","type-post","status-publish","format-standard","has-post-thumbnail","hentry","category-rutas"],"_links":{"self":[{"href":"https:\/\/soriapasoapaso.es\/index.php?rest_route=\/wp\/v2\/posts\/13794","targetHints":{"allow":["GET"]}}],"collection":[{"href":"https:\/\/soriapasoapaso.es\/index.php?rest_route=\/wp\/v2\/posts"}],"about":[{"href":"https:\/\/soriapasoapaso.es\/index.php?rest_route=\/wp\/v2\/types\/post"}],"author":[{"embeddable":true,"href":"https:\/\/soriapasoapaso.es\/index.php?rest_route=\/wp\/v2\/users\/1"}],"replies":[{"embeddable":true,"href":"https:\/\/soriapasoapaso.es\/index.php?rest_route=%2Fwp%2Fv2%2Fcomments&post=13794"}],"version-history":[{"count":1,"href":"https:\/\/soriapasoapaso.es\/index.php?rest_route=\/wp\/v2\/posts\/13794\/revisions"}],"predecessor-version":[{"id":13812,"href":"https:\/\/soriapasoapaso.es\/index.php?rest_route=\/wp\/v2\/posts\/13794\/revisions\/13812"}],"wp:featuredmedia":[{"embeddable":true,"href":"https:\/\/soriapasoapaso.es\/index.php?rest_route=\/wp\/v2\/media\/13811"}],"wp:attachment":[{"href":"https:\/\/soriapasoapaso.es\/index.php?rest_route=%2Fwp%2Fv2%2Fmedia&parent=13794"}],"wp:term":[{"taxonomy":"category","embeddable":true,"href":"https:\/\/soriapasoapaso.es\/index.php?rest_route=%2Fwp%2Fv2%2Fcategories&post=13794"},{"taxonomy":"post_tag","embeddable":true,"href":"https:\/\/soriapasoapaso.es\/index.php?rest_route=%2Fwp%2Fv2%2Ftags&post=13794"}],"curies":[{"name":"wp","href":"https:\/\/api.w.org\/{rel}","templated":true}]}}