{"id":13568,"date":"2023-06-20T21:20:01","date_gmt":"2023-06-20T19:20:01","guid":{"rendered":"http:\/\/soriapasoapaso.es\/?p=13568"},"modified":"2023-06-20T21:20:01","modified_gmt":"2023-06-20T19:20:01","slug":"senda-mala-y-zurraquin-17-de-junio-de-2023","status":"publish","type":"post","link":"https:\/\/soriapasoapaso.es\/?p=13568","title":{"rendered":"SENDA MALA Y ZURRAQUIN.           17 de junio de 2023"},"content":{"rendered":"<p>&nbsp;<\/p>\n<p>Seguimos pendientes del curso de las tormentas primaverales para arriesgarnos o no a subir a la monta\u00f1a por lo que una vez comprobada la meteorolog\u00eda ha habido suerte y la previsi\u00f3n de tormenta el\u00e9ctrica es para las 14h, asique nuestro sherpa considera que, si apresuramos el paso, a esta hora estaremos de vuelta, aunque hoy tenemos un duro e intrincado camino por recorrer y bastantes km por hacer.<\/p>\n<p><img loading=\"lazy\" decoding=\"async\" class=\"alignnone size-medium wp-image-13569\" src=\"http:\/\/soriapasoapaso.es\/wp-content\/uploads\/2023\/06\/20230617_082621-300x139.jpg\" alt=\"\" width=\"300\" height=\"139\" srcset=\"https:\/\/soriapasoapaso.es\/wp-content\/uploads\/2023\/06\/20230617_082621-300x139.jpg 300w, https:\/\/soriapasoapaso.es\/wp-content\/uploads\/2023\/06\/20230617_082621-1024x473.jpg 1024w, https:\/\/soriapasoapaso.es\/wp-content\/uploads\/2023\/06\/20230617_082621-768x355.jpg 768w, https:\/\/soriapasoapaso.es\/wp-content\/uploads\/2023\/06\/20230617_082621-1536x710.jpg 1536w, https:\/\/soriapasoapaso.es\/wp-content\/uploads\/2023\/06\/20230617_082621-2048x946.jpg 2048w\" sizes=\"auto, (max-width: 300px) 100vw, 300px\" \/> <img loading=\"lazy\" decoding=\"async\" class=\"alignnone size-medium wp-image-13570\" src=\"http:\/\/soriapasoapaso.es\/wp-content\/uploads\/2023\/06\/20230617_083302-300x139.jpg\" alt=\"\" width=\"300\" height=\"139\" srcset=\"https:\/\/soriapasoapaso.es\/wp-content\/uploads\/2023\/06\/20230617_083302-300x139.jpg 300w, https:\/\/soriapasoapaso.es\/wp-content\/uploads\/2023\/06\/20230617_083302-1024x473.jpg 1024w, https:\/\/soriapasoapaso.es\/wp-content\/uploads\/2023\/06\/20230617_083302-768x355.jpg 768w, https:\/\/soriapasoapaso.es\/wp-content\/uploads\/2023\/06\/20230617_083302-1536x710.jpg 1536w, https:\/\/soriapasoapaso.es\/wp-content\/uploads\/2023\/06\/20230617_083302-2048x946.jpg 2048w\" sizes=\"auto, (max-width: 300px) 100vw, 300px\" \/><\/p>\n<p>Empezamos la andadura desde la barrera que cierra el acceso a la laguna m\u00e1s visitada de nuestra provincia, subiendo el sendero paralelo al \u201carroyo de la laguna negra\u201d a cuya vera encontramos hayas a las que les gusta la humedad ,los pinos que \u00a0\u00a0no pueden faltar en este territorio algunos de ellos viejos y enormes, servales y mucho \u00a0musgo tapizando troncos y pedruscos, haciendo \u00a0que esta senda tenga un \u00a0extraordinario ambiente fresco \u00a0al que se a\u00f1ade el canto de los p\u00e1jaros y el sonido del correr del agua; pero lo que m\u00e1s nos atrae de este paseo son los tres ejemplares de tejo que encontramos, uno especialmente viejo con su tronco todo hueco.\u201d El camino del bosque\u201d que es el nombre que recibe, tiene escalones y puentes que facilitan el tr\u00e1nsito y la accesibilidad y se acaba uniendo al sendero com\u00fan que lleva a la laguna negra. Paramos un ratito en el balc\u00f3n de madera sobre el agua de la laguna negra que ya es verde desde hace unos a\u00f1os y hoy tiene un mantillo amarillento que procede de los pinos que espolvorean su polen primaveral; el croar de las ranas es muy llamativo y potente mientras atravesamos la pasarela y llegamos al escarpado y empinado portillo, viendo la cascada que mana entre los riscos de la monta\u00f1a a mano derecha. Subimos la senda del portillo con mucho \u00e1nimo y al culminarla, algunos no podemos evitar que nuestras mentes evoquen el recuerdo de nuestro querido y a\u00f1orado Juli\u00e1n para ya llevarlo toda la ruta con nosotros, en nuestros corazones: al pasar por la laguna sin nombre a la que \u00e9l le puso un nombre\u2026, aqu\u00ed nos cont\u00f3 un chiste o all\u00e1 nos hicimos una foto.<\/p>\n<p><img loading=\"lazy\" decoding=\"async\" class=\"alignnone size-medium wp-image-13571\" src=\"http:\/\/soriapasoapaso.es\/wp-content\/uploads\/2023\/06\/20230617_093342-300x139.jpg\" alt=\"\" width=\"300\" height=\"139\" srcset=\"https:\/\/soriapasoapaso.es\/wp-content\/uploads\/2023\/06\/20230617_093342-300x139.jpg 300w, https:\/\/soriapasoapaso.es\/wp-content\/uploads\/2023\/06\/20230617_093342-1024x473.jpg 1024w, https:\/\/soriapasoapaso.es\/wp-content\/uploads\/2023\/06\/20230617_093342-768x355.jpg 768w, https:\/\/soriapasoapaso.es\/wp-content\/uploads\/2023\/06\/20230617_093342-1536x710.jpg 1536w, https:\/\/soriapasoapaso.es\/wp-content\/uploads\/2023\/06\/20230617_093342-2048x946.jpg 2048w\" sizes=\"auto, (max-width: 300px) 100vw, 300px\" \/> <img loading=\"lazy\" decoding=\"async\" class=\"alignnone size-medium wp-image-13572\" src=\"http:\/\/soriapasoapaso.es\/wp-content\/uploads\/2023\/06\/20230617_093724-300x149.jpg\" alt=\"\" width=\"300\" height=\"149\" srcset=\"https:\/\/soriapasoapaso.es\/wp-content\/uploads\/2023\/06\/20230617_093724-300x149.jpg 300w, https:\/\/soriapasoapaso.es\/wp-content\/uploads\/2023\/06\/20230617_093724-1024x509.jpg 1024w, https:\/\/soriapasoapaso.es\/wp-content\/uploads\/2023\/06\/20230617_093724-768x382.jpg 768w, https:\/\/soriapasoapaso.es\/wp-content\/uploads\/2023\/06\/20230617_093724-1536x764.jpg 1536w, https:\/\/soriapasoapaso.es\/wp-content\/uploads\/2023\/06\/20230617_093724-2048x1018.jpg 2048w\" sizes=\"auto, (max-width: 300px) 100vw, 300px\" \/><\/p>\n<p>La senda mala, como su propio nombre indica es \u00a0un estrecho y complicado camino sobre un acantilado que nos \u00a0va alzando hacia el alto de la monta\u00f1a, de forma que al poco de tomarla llegamos a una zona de pradera con \u00a0peque\u00f1as lagunas que rellenan concavidades del terreno \u00a0y que van desapareciendo a medida que avanza la primavera dando paso a mullidos prados que ya sentimos en este momento bajo nuestros pies; el contraste de este remanso monta\u00f1\u00e9s \u00a0es un\u00a0 canchal\u00a0 que desciende desde la cumbre y cae sobre el prado verde, tenemos que \u00a0saltar por sus piedras para retomar \u00a0la senda mala por la que caminaremos durante un buen rato sorteando muchos obst\u00e1culos como troncos, ra\u00edces, rocas y ramas, aunque en ocasiones estas \u00a0ramas y brezos son nuestros agarres naturales, indudablemente hay que caminar \u00a0con cuidado mirando d\u00f3nde pisamos asique no se nos escapa la presencia de un peque\u00f1o trit\u00f3n escondido entre las ramas. Unas veces vamos envueltos por una densa vegetaci\u00f3n viendo grandes pinaster que guardan la<\/p>\n<p><img loading=\"lazy\" decoding=\"async\" class=\"alignnone size-medium wp-image-13573\" src=\"http:\/\/soriapasoapaso.es\/wp-content\/uploads\/2023\/06\/20230617_100631-300x139.jpg\" alt=\"\" width=\"300\" height=\"139\" srcset=\"https:\/\/soriapasoapaso.es\/wp-content\/uploads\/2023\/06\/20230617_100631-300x139.jpg 300w, https:\/\/soriapasoapaso.es\/wp-content\/uploads\/2023\/06\/20230617_100631-1024x473.jpg 1024w, https:\/\/soriapasoapaso.es\/wp-content\/uploads\/2023\/06\/20230617_100631-768x355.jpg 768w, https:\/\/soriapasoapaso.es\/wp-content\/uploads\/2023\/06\/20230617_100631-1536x710.jpg 1536w, https:\/\/soriapasoapaso.es\/wp-content\/uploads\/2023\/06\/20230617_100631-2048x946.jpg 2048w\" sizes=\"auto, (max-width: 300px) 100vw, 300px\" \/> <img loading=\"lazy\" decoding=\"async\" class=\"alignnone size-medium wp-image-13574\" src=\"http:\/\/soriapasoapaso.es\/wp-content\/uploads\/2023\/06\/20230617_103913-300x139.jpg\" alt=\"\" width=\"300\" height=\"139\" srcset=\"https:\/\/soriapasoapaso.es\/wp-content\/uploads\/2023\/06\/20230617_103913-300x139.jpg 300w, https:\/\/soriapasoapaso.es\/wp-content\/uploads\/2023\/06\/20230617_103913-1024x473.jpg 1024w, https:\/\/soriapasoapaso.es\/wp-content\/uploads\/2023\/06\/20230617_103913-768x355.jpg 768w, https:\/\/soriapasoapaso.es\/wp-content\/uploads\/2023\/06\/20230617_103913-1536x710.jpg 1536w, https:\/\/soriapasoapaso.es\/wp-content\/uploads\/2023\/06\/20230617_103913-2048x946.jpg 2048w\" sizes=\"auto, (max-width: 300px) 100vw, 300px\" \/><\/p>\n<p>senda al filo del precipicio, otras, cuando se nos abre un claro nos asomamos al acantilado. Dejamos la senda y atravesamos el alto del hornillo para llegar al chozo del t\u00edo periquillo que es un antiguo refugio de pastores y esta flanqueado por otros dos colosales pinaster a uno de los cuales el grupo se abraza intentando cubrir su circunferencia. Este pinar que pertenece a Covaleda es un lugar especialmente inaccesible en el que todo es gigante\u00a0 desde los hormigueros a los \u00a0pinos como se acaba de describir, tambi\u00e9n nos asombran gigantescos \u00a0troncos grises, cad\u00e1veres retorcidos, gruesas ramas \u00a0que desde la base del \u00e1rbol, se incrustan en la tierra, parece que estuvi\u00e9ramos en un gran museo de naturaleza muerta, pero esta podredumbre es a su vez el origen de nuevos reto\u00f1os que repueblan las laderas monta\u00f1eras, de hecho podemos observar seg\u00fan caminamos que hay cantidad de pinos j\u00f3venes \u00a0que est\u00e1n floridos, con sus conos femeninos que dar\u00e1n lugar a la pi\u00f1as y con sus conos masculinos que son desde los que se levanta una nube de polvo si los rozamos al pasar y que har\u00e1n que las ramas vayan creciendo.<\/p>\n<p><img loading=\"lazy\" decoding=\"async\" class=\"alignnone size-medium wp-image-13575\" src=\"http:\/\/soriapasoapaso.es\/wp-content\/uploads\/2023\/06\/20230617_111248-300x139.jpg\" alt=\"\" width=\"300\" height=\"139\" srcset=\"https:\/\/soriapasoapaso.es\/wp-content\/uploads\/2023\/06\/20230617_111248-300x139.jpg 300w, https:\/\/soriapasoapaso.es\/wp-content\/uploads\/2023\/06\/20230617_111248-1024x473.jpg 1024w, https:\/\/soriapasoapaso.es\/wp-content\/uploads\/2023\/06\/20230617_111248-768x355.jpg 768w, https:\/\/soriapasoapaso.es\/wp-content\/uploads\/2023\/06\/20230617_111248-1536x710.jpg 1536w, https:\/\/soriapasoapaso.es\/wp-content\/uploads\/2023\/06\/20230617_111248-2048x946.jpg 2048w\" sizes=\"auto, (max-width: 300px) 100vw, 300px\" \/> <img loading=\"lazy\" decoding=\"async\" class=\"alignnone size-medium wp-image-13576\" src=\"http:\/\/soriapasoapaso.es\/wp-content\/uploads\/2023\/06\/20230617_111322-300x139.jpg\" alt=\"\" width=\"300\" height=\"139\" srcset=\"https:\/\/soriapasoapaso.es\/wp-content\/uploads\/2023\/06\/20230617_111322-300x139.jpg 300w, https:\/\/soriapasoapaso.es\/wp-content\/uploads\/2023\/06\/20230617_111322-1024x473.jpg 1024w, https:\/\/soriapasoapaso.es\/wp-content\/uploads\/2023\/06\/20230617_111322-768x355.jpg 768w, https:\/\/soriapasoapaso.es\/wp-content\/uploads\/2023\/06\/20230617_111322-1536x710.jpg 1536w, https:\/\/soriapasoapaso.es\/wp-content\/uploads\/2023\/06\/20230617_111322-2048x946.jpg 2048w\" sizes=\"auto, (max-width: 300px) 100vw, 300px\" \/><\/p>\n<p>Abandonamos este bosque subiendo y subiendo hasta que La laguna negra\/verde vuelve a aparecer cada vez m\u00e1s peque\u00f1a ante nuestras miradas hasta alcanzar el tama\u00f1o de charco desde la cuota del mirador. En frente tenemos el risco Zurraquin, que es como el hermano mayor del Urbi\u00f3n como Agnelo describe en su cr\u00f3nica del 8 de junio del 2019, a nuestra izquierda los dos picos de Urbi\u00f3n se distinguen claramente, un verdor suave se esparce en las \u00e1ridas laderas en las cuotas m\u00e1s altas y el ecosistema forestal monta\u00f1\u00e9s con lagunas, lagunillas, arroyos y pastizales aparece en cuotas medias donde vemos ganado que suponemos est\u00e1 disfrutando.<\/p>\n<p>Tomamos nuestro tentempi\u00e9 con esta panor\u00e1mica, son las once de la ma\u00f1ana y la crema de protecci\u00f3n y los gorros han salido ya de nuestras mochilas hace un rato y aunque nos falta la bota para dar ese toquecillo de sabor y frescura a nuestras gargantas tenemos todos los componentes para vivir un momento de los que quedan gravados en nuestras mentes de por vida.<\/p>\n<p><img loading=\"lazy\" decoding=\"async\" class=\"alignnone size-medium wp-image-13577\" src=\"http:\/\/soriapasoapaso.es\/wp-content\/uploads\/2023\/06\/20230617_114738-300x139.jpg\" alt=\"\" width=\"300\" height=\"139\" srcset=\"https:\/\/soriapasoapaso.es\/wp-content\/uploads\/2023\/06\/20230617_114738-300x139.jpg 300w, https:\/\/soriapasoapaso.es\/wp-content\/uploads\/2023\/06\/20230617_114738-1024x473.jpg 1024w, https:\/\/soriapasoapaso.es\/wp-content\/uploads\/2023\/06\/20230617_114738-768x355.jpg 768w, https:\/\/soriapasoapaso.es\/wp-content\/uploads\/2023\/06\/20230617_114738-1536x710.jpg 1536w, https:\/\/soriapasoapaso.es\/wp-content\/uploads\/2023\/06\/20230617_114738-2048x946.jpg 2048w\" sizes=\"auto, (max-width: 300px) 100vw, 300px\" \/> <img loading=\"lazy\" decoding=\"async\" class=\"alignnone size-medium wp-image-13578\" src=\"http:\/\/soriapasoapaso.es\/wp-content\/uploads\/2023\/06\/20230617_115106-300x139.jpg\" alt=\"\" width=\"300\" height=\"139\" srcset=\"https:\/\/soriapasoapaso.es\/wp-content\/uploads\/2023\/06\/20230617_115106-300x139.jpg 300w, https:\/\/soriapasoapaso.es\/wp-content\/uploads\/2023\/06\/20230617_115106-1024x473.jpg 1024w, https:\/\/soriapasoapaso.es\/wp-content\/uploads\/2023\/06\/20230617_115106-768x355.jpg 768w, https:\/\/soriapasoapaso.es\/wp-content\/uploads\/2023\/06\/20230617_115106-1536x710.jpg 1536w, https:\/\/soriapasoapaso.es\/wp-content\/uploads\/2023\/06\/20230617_115106-2048x946.jpg 2048w\" sizes=\"auto, (max-width: 300px) 100vw, 300px\" \/><\/p>\n<p>Por una senda debajo del moj\u00f3n alto llegamos enseguida a la laguna helada que la encontramos espectacular con peque\u00f1as florecillas blancas flotando en su superficie y rodeada de recientes y jugosos pastos en los que otro grupo de vacas disfruta tambi\u00e9n, solo los cencerros y las ranas alteran la paz de este lugar. Se nos comunica que desde aqu\u00ed se puede bajar de forma sencilla a la laguna negra, pero todos decidimos que somos monta\u00f1eros plus y que queremos conseguir el IBP 88 por lo que rodeamos a la helada por su flanco derecho para pisar un terreno blando y agujereado como queso de gruyere por el que discurren corrientes de agua que nos lleva a un collado desde el que respiramos profundamente para ensanchar bien los pulmones y enfrentarnos a la gran\u00edtica pendiente del Zurraqu\u00edn.<\/p>\n<p>Hay que confesar que se nos hace duro el ascenso, tenemos que descansar de vez en cuando, pero tenemos una excusa perfecta para hacerlo que es el espect\u00e1culo paisaj\u00edstico que supone Urbi\u00f3n y su parte norte o si preferimos mirar hacia abajo vemos el valle del r\u00edo Revinuesa que acaba de nacer debajo de la laguna larga y trascurre como un hilo en la amplia vaguada al pie del Urbi\u00f3n; es m\u00e1s se podr\u00eda decir que es una tonter\u00eda subir esta ladera de un tir\u00f3n sin pararse a admirar el paisaje. Descansamos cada uno lo que necesitamos y cuando lo precisamos y tambi\u00e9n nos damos cuenta de que nuestro compa\u00f1ero que habitualmente \u201caparece y desaparece\u201d y que nos parece que siempre va a su bola, va pendiente de cada uno de nosotros detectando necesidades particulares y dando asistencia y compresi\u00f3n a quien lo precisa<\/p>\n<p><img loading=\"lazy\" decoding=\"async\" class=\"alignnone size-medium wp-image-13579\" src=\"http:\/\/soriapasoapaso.es\/wp-content\/uploads\/2023\/06\/20230617_124132-300x139.jpg\" alt=\"\" width=\"300\" height=\"139\" srcset=\"https:\/\/soriapasoapaso.es\/wp-content\/uploads\/2023\/06\/20230617_124132-300x139.jpg 300w, https:\/\/soriapasoapaso.es\/wp-content\/uploads\/2023\/06\/20230617_124132-1024x473.jpg 1024w, https:\/\/soriapasoapaso.es\/wp-content\/uploads\/2023\/06\/20230617_124132-768x355.jpg 768w, https:\/\/soriapasoapaso.es\/wp-content\/uploads\/2023\/06\/20230617_124132-1536x710.jpg 1536w, https:\/\/soriapasoapaso.es\/wp-content\/uploads\/2023\/06\/20230617_124132-2048x946.jpg 2048w\" sizes=\"auto, (max-width: 300px) 100vw, 300px\" \/> <img loading=\"lazy\" decoding=\"async\" class=\"alignnone size-medium wp-image-13580\" src=\"http:\/\/soriapasoapaso.es\/wp-content\/uploads\/2023\/06\/20230617_124509-300x139.jpg\" alt=\"\" width=\"300\" height=\"139\" srcset=\"https:\/\/soriapasoapaso.es\/wp-content\/uploads\/2023\/06\/20230617_124509-300x139.jpg 300w, https:\/\/soriapasoapaso.es\/wp-content\/uploads\/2023\/06\/20230617_124509-1024x473.jpg 1024w, https:\/\/soriapasoapaso.es\/wp-content\/uploads\/2023\/06\/20230617_124509-768x355.jpg 768w, https:\/\/soriapasoapaso.es\/wp-content\/uploads\/2023\/06\/20230617_124509-1536x710.jpg 1536w, https:\/\/soriapasoapaso.es\/wp-content\/uploads\/2023\/06\/20230617_124509-2048x946.jpg 2048w\" sizes=\"auto, (max-width: 300px) 100vw, 300px\" \/><\/p>\n<p>El top del Zurraquin se caracteriza por hospedar dos grandes zonas de rocas resquebrajadas en forma de lajas y es costumbre que quien sube levanta una laja, por lo que el aspecto es de un gran camposanto, tambi\u00e9n hay peque\u00f1as construcciones e incluso encontramos alg\u00fan monolito con una peque\u00f1a placa atornillada. Levantada la piedra, esta vez a nivel particular, nos dirigimos a otro de los sitios favoritos de esta monta\u00f1a que es el gran pedrusco que superando el borde del risco queda suspendido sobre el valle del Revinuesa \u00a0y a cuyo extremo nos encanta subir, \u00a0a la vez que nos da miedo hacerlo por la vertiginosa altura que tiene; en esta ocasi\u00f3n todos nos hemos asomado al vac\u00edo descubriendo otras rocas interesantes y el horizonte norte\u00a0 a partir de los Picos e Urbi\u00f3n en el que hay muchas monta\u00f1as como el Pico Las Vacas, el Cabeza Herrera y m\u00e1s all\u00e1 ya en la Demanda \u00a0el pico San Lorenzo \u00a0y el Pico San Mill\u00e1n.<\/p>\n<p><img loading=\"lazy\" decoding=\"async\" class=\"alignnone size-medium wp-image-13581\" src=\"http:\/\/soriapasoapaso.es\/wp-content\/uploads\/2023\/06\/IMG20230617125827-300x169.jpg\" alt=\"\" width=\"300\" height=\"169\" srcset=\"https:\/\/soriapasoapaso.es\/wp-content\/uploads\/2023\/06\/IMG20230617125827-300x169.jpg 300w, https:\/\/soriapasoapaso.es\/wp-content\/uploads\/2023\/06\/IMG20230617125827-1024x576.jpg 1024w, https:\/\/soriapasoapaso.es\/wp-content\/uploads\/2023\/06\/IMG20230617125827-768x432.jpg 768w, https:\/\/soriapasoapaso.es\/wp-content\/uploads\/2023\/06\/IMG20230617125827-1536x864.jpg 1536w, https:\/\/soriapasoapaso.es\/wp-content\/uploads\/2023\/06\/IMG20230617125827-2048x1152.jpg 2048w\" sizes=\"auto, (max-width: 300px) 100vw, 300px\" \/> <img loading=\"lazy\" decoding=\"async\" class=\"alignnone size-medium wp-image-13582\" src=\"http:\/\/soriapasoapaso.es\/wp-content\/uploads\/2023\/06\/IMG20230617131532-300x169.jpg\" alt=\"\" width=\"300\" height=\"169\" srcset=\"https:\/\/soriapasoapaso.es\/wp-content\/uploads\/2023\/06\/IMG20230617131532-300x169.jpg 300w, https:\/\/soriapasoapaso.es\/wp-content\/uploads\/2023\/06\/IMG20230617131532-1024x576.jpg 1024w, https:\/\/soriapasoapaso.es\/wp-content\/uploads\/2023\/06\/IMG20230617131532-768x432.jpg 768w, https:\/\/soriapasoapaso.es\/wp-content\/uploads\/2023\/06\/IMG20230617131532-1536x864.jpg 1536w, https:\/\/soriapasoapaso.es\/wp-content\/uploads\/2023\/06\/IMG20230617131532-2048x1152.jpg 2048w\" sizes=\"auto, (max-width: 300px) 100vw, 300px\" \/><\/p>\n<p>Hemos dado la vuelta a todo el territorio Laguna Negra y hemos seguido bien a nuestro raudo conductor cumpliendo los tiempos previstos y tambi\u00e9n se va cumpliendo la previsi\u00f3n meteorol\u00f3gica con\u00a0 el cielo ennegrecido en la lejan\u00eda y retumbando , ya solo nos resta bajar en vertical desde el mismo pico Zurraquin de forma cuidadosa , el descenso \u00a0es superbonito, con verdaderos jardines verticales, como observa Reme, brezos rosas y blancos, espinos, gayubas y otras rastreras tapizan toda la ladera, peque\u00f1os arbustos y \u00e1rboles que alguien comenta que parecen bons\u00e1is\u00a0 y alguna seta incluida, nunca hab\u00edamos visto tanta variedad de verdes. Nos resulta asombroso tambi\u00e9n el gran farall\u00f3n que sustenta el circo de la laguna y que vemos por su parte posterior. La \u00faltima parte del descenso<\/p>\n<p><img loading=\"lazy\" decoding=\"async\" class=\"alignnone size-medium wp-image-13583\" src=\"http:\/\/soriapasoapaso.es\/wp-content\/uploads\/2023\/06\/IMG20230617132332-300x169.jpg\" alt=\"\" width=\"300\" height=\"169\" srcset=\"https:\/\/soriapasoapaso.es\/wp-content\/uploads\/2023\/06\/IMG20230617132332-300x169.jpg 300w, https:\/\/soriapasoapaso.es\/wp-content\/uploads\/2023\/06\/IMG20230617132332-1024x576.jpg 1024w, https:\/\/soriapasoapaso.es\/wp-content\/uploads\/2023\/06\/IMG20230617132332-768x432.jpg 768w, https:\/\/soriapasoapaso.es\/wp-content\/uploads\/2023\/06\/IMG20230617132332-1536x864.jpg 1536w, https:\/\/soriapasoapaso.es\/wp-content\/uploads\/2023\/06\/IMG20230617132332-2048x1152.jpg 2048w\" sizes=\"auto, (max-width: 300px) 100vw, 300px\" \/> <img loading=\"lazy\" decoding=\"async\" class=\"alignnone size-medium wp-image-13584\" src=\"http:\/\/soriapasoapaso.es\/wp-content\/uploads\/2023\/06\/IMG20230617132543-300x169.jpg\" alt=\"\" width=\"300\" height=\"169\" srcset=\"https:\/\/soriapasoapaso.es\/wp-content\/uploads\/2023\/06\/IMG20230617132543-300x169.jpg 300w, https:\/\/soriapasoapaso.es\/wp-content\/uploads\/2023\/06\/IMG20230617132543-1024x576.jpg 1024w, https:\/\/soriapasoapaso.es\/wp-content\/uploads\/2023\/06\/IMG20230617132543-768x432.jpg 768w, https:\/\/soriapasoapaso.es\/wp-content\/uploads\/2023\/06\/IMG20230617132543-1536x864.jpg 1536w, https:\/\/soriapasoapaso.es\/wp-content\/uploads\/2023\/06\/IMG20230617132543-2048x1152.jpg 2048w\" sizes=\"auto, (max-width: 300px) 100vw, 300px\" \/><\/p>\n<p>es boscoso nuevamente entre pinos rectos y alineados con troncos gris\u00e1ceos por l\u00edquenes en su parte inferior, es un territorio muy empinado con gran riesgo de deslizamiento y aunque tenemos varios resbalones, nuestros bastones nos salvan de la ca\u00edda. El autob\u00fas \u00a0llega a su parada a la vez que nosotros saltamos a pista desde el monte, un par de compa\u00f1eros aprovechan la ocasi\u00f3n y se bajan en \u00e9l, los dem\u00e1s decidimos bajar andando por la pista hasta la barrera nuevamente donde nos espera la recompensa diaria post ruta que es tomar nuestro vino o cerveza o refresco antes de volver a casa y hoy estrenamos el nuevo establecimiento del\u201d Paso de la Serr\u00e1 \u201c que lo encontramos muy acogedor y armonizando estupendamente en el entorno, adem\u00e1s nos quedamos con el mensaje que leemos en este lugar : Aqu\u00ed no hay cobertura de m\u00f3vil, no hay wifi, no se puede pagar con tarjeta<strong>\u2026\u00a0 \u00a1disfruta de la desconexi\u00f3n!<\/strong><\/p>\n<p>&nbsp;<\/p>\n<p style=\"text-align: center;\"><strong>Emi<\/strong><\/p>\n","protected":false},"excerpt":{"rendered":"<p>&nbsp; Seguimos pendientes del curso de las tormentas primaverales para arriesgarnos o no a subir a la monta\u00f1a por lo que una vez comprobada la meteorolog\u00eda ha habido suerte y la previsi\u00f3n de tormenta el\u00e9ctrica es para las 14h, asique nuestro sherpa considera que, si apresuramos el paso, a esta <\/p>\n<p><a class=\"read-more\" href=\"https:\/\/soriapasoapaso.es\/?p=13568\">Read More<\/a><\/p>\n","protected":false},"author":1,"featured_media":13585,"comment_status":"open","ping_status":"open","sticky":false,"template":"","format":"standard","meta":{"footnotes":""},"categories":[21],"tags":[],"class_list":["post-13568","post","type-post","status-publish","format-standard","has-post-thumbnail","hentry","category-rutas"],"_links":{"self":[{"href":"https:\/\/soriapasoapaso.es\/index.php?rest_route=\/wp\/v2\/posts\/13568","targetHints":{"allow":["GET"]}}],"collection":[{"href":"https:\/\/soriapasoapaso.es\/index.php?rest_route=\/wp\/v2\/posts"}],"about":[{"href":"https:\/\/soriapasoapaso.es\/index.php?rest_route=\/wp\/v2\/types\/post"}],"author":[{"embeddable":true,"href":"https:\/\/soriapasoapaso.es\/index.php?rest_route=\/wp\/v2\/users\/1"}],"replies":[{"embeddable":true,"href":"https:\/\/soriapasoapaso.es\/index.php?rest_route=%2Fwp%2Fv2%2Fcomments&post=13568"}],"version-history":[{"count":1,"href":"https:\/\/soriapasoapaso.es\/index.php?rest_route=\/wp\/v2\/posts\/13568\/revisions"}],"predecessor-version":[{"id":13586,"href":"https:\/\/soriapasoapaso.es\/index.php?rest_route=\/wp\/v2\/posts\/13568\/revisions\/13586"}],"wp:featuredmedia":[{"embeddable":true,"href":"https:\/\/soriapasoapaso.es\/index.php?rest_route=\/wp\/v2\/media\/13585"}],"wp:attachment":[{"href":"https:\/\/soriapasoapaso.es\/index.php?rest_route=%2Fwp%2Fv2%2Fmedia&parent=13568"}],"wp:term":[{"taxonomy":"category","embeddable":true,"href":"https:\/\/soriapasoapaso.es\/index.php?rest_route=%2Fwp%2Fv2%2Fcategories&post=13568"},{"taxonomy":"post_tag","embeddable":true,"href":"https:\/\/soriapasoapaso.es\/index.php?rest_route=%2Fwp%2Fv2%2Ftags&post=13568"}],"curies":[{"name":"wp","href":"https:\/\/api.w.org\/{rel}","templated":true}]}}