{"id":13539,"date":"2023-06-12T22:56:11","date_gmt":"2023-06-12T20:56:11","guid":{"rendered":"http:\/\/soriapasoapaso.es\/?p=13539"},"modified":"2023-06-12T22:56:34","modified_gmt":"2023-06-12T20:56:34","slug":"entre-aguas-verdes-uncinatas-y-pena-negra","status":"publish","type":"post","link":"https:\/\/soriapasoapaso.es\/?p=13539","title":{"rendered":"ENTRE AGUAS VERDES, UNCINATAS Y PE\u00d1A NEGRA"},"content":{"rendered":"<p>&nbsp;<\/p>\n<p>&nbsp;<\/p>\n<p>Soria, 10 Junio, 2023<\/p>\n<p><em>&nbsp;<\/em><\/p>\n<p>El t\u00edtulo de la cr\u00f3nica podr\u00eda parecer la propuesta de definici\u00f3n de &nbsp;vocablos para completar un crucigrama de temas medioambientales. Y si es verdad que todo relato de nuestras rutas llevan el sello &nbsp;personal&nbsp; y el inter\u00e9s pasional por describir el camino andado, en este caso, no es &nbsp;intenci\u00f3n de este cronista jugar a las adivinanzas con las expresiones ling\u00fc\u00edsticas empleadas para describir unos parajes que han dejado imborrables impresiones y sensaciones (menos agradables para las piernas<em>) <\/em>a quienes hemos tenido la suerte de conocer<em>,<\/em> disfrutar y recrearnos en lugares, alturas o&nbsp; paisajes que brinda nuestra privilegiada geograf\u00eda. Sencillamente, el t\u00edtulo pretende compendiar<em>, en<\/em> pocos t\u00e9rminos, la belleza paisaj\u00edstica y ambiental de nuestro recorrido &nbsp;por&nbsp; altozanos de&nbsp; pinares visontinos, a caballo entre la serran\u00eda soriana y la riojana.<\/p>\n<p><img loading=\"lazy\" decoding=\"async\" class=\"alignnone size-medium wp-image-13540\" src=\"http:\/\/soriapasoapaso.es\/wp-content\/uploads\/2023\/06\/IMG_1178-300x169.jpg\" alt=\"\" width=\"300\" height=\"169\" srcset=\"https:\/\/soriapasoapaso.es\/wp-content\/uploads\/2023\/06\/IMG_1178-300x169.jpg 300w, https:\/\/soriapasoapaso.es\/wp-content\/uploads\/2023\/06\/IMG_1178-1024x576.jpg 1024w, https:\/\/soriapasoapaso.es\/wp-content\/uploads\/2023\/06\/IMG_1178-768x432.jpg 768w, https:\/\/soriapasoapaso.es\/wp-content\/uploads\/2023\/06\/IMG_1178-1536x864.jpg 1536w, https:\/\/soriapasoapaso.es\/wp-content\/uploads\/2023\/06\/IMG_1178-2048x1152.jpg 2048w\" sizes=\"auto, (max-width: 300px) 100vw, 300px\" \/> <img loading=\"lazy\" decoding=\"async\" class=\"alignnone size-medium wp-image-13541\" src=\"http:\/\/soriapasoapaso.es\/wp-content\/uploads\/2023\/06\/IMG_1179-300x169.jpg\" alt=\"\" width=\"300\" height=\"169\" srcset=\"https:\/\/soriapasoapaso.es\/wp-content\/uploads\/2023\/06\/IMG_1179-300x169.jpg 300w, https:\/\/soriapasoapaso.es\/wp-content\/uploads\/2023\/06\/IMG_1179-1024x576.jpg 1024w, https:\/\/soriapasoapaso.es\/wp-content\/uploads\/2023\/06\/IMG_1179-768x432.jpg 768w, https:\/\/soriapasoapaso.es\/wp-content\/uploads\/2023\/06\/IMG_1179-1536x864.jpg 1536w, https:\/\/soriapasoapaso.es\/wp-content\/uploads\/2023\/06\/IMG_1179-2048x1152.jpg 2048w\" sizes=\"auto, (max-width: 300px) 100vw, 300px\" \/><\/p>\n<p>A las 7,30 h. nos hemos dado cita en el lugar habitual de partida para acercarnos hasta el origen de la ruta, el punto de nieve de Santa In\u00e9s. La concurrencia &nbsp;es algo inferior que en anteriores salidas, pero no olvidamos que hoy celebramos en Soria el festejo sanjuanero del \u201cLavalenguas\u201d, y, tal vez, ha hecho dif\u00edcil, para algunos,&nbsp; compatibilizar el placer de acudir a Valonsadero y a la vez ocupar la ma\u00f1ana caminando entre pinares (aunque tambi\u00e9n ha habido quienes han hecho compatibles ambos \u201cplaceres\u201d).Y bien que notamos la celebraci\u00f3n de este d\u00eda, porque la N-234 a estas horas tempranas &nbsp;ya presenta abundante tr\u00e1fico para acceder a nuestro familiar monte, aunque podemos circular sin grandes agobios hasta&nbsp; el desv\u00edo hacia Valonsadero.<\/p>\n<p>Poco antes de las 8,30 hemos alcanzado nuestro destino. Y cumplimentado el ritual de todo comienzo de ruta, nos ponemos en marcha hacia nuestro primer objetivo a visitar: la Laguna Verde.<\/p>\n<p>Tenemos un inicio amable de camino: una c\u00f3moda pista f\u00e1cilmente transitable, que va ganando en altura, sin que ello suponga mayores exigencias para el caminante. Conservamos todav\u00eda intactas las energ\u00edas,&nbsp; &nbsp;a la espera de mayores esfuerzos. El bosque huele a humedad y el ambiente parece perfumado con la alianza de olores que desprenden los altivo pinos que flaquean nuestro paso, el brezo que alfombra los suelos o el musgo que tapiza piedras y pedregales desprendidos de los canchales que parecen amurallar las laderas del territorio boscoso.<\/p>\n<p><img loading=\"lazy\" decoding=\"async\" class=\"alignnone size-medium wp-image-13542\" src=\"http:\/\/soriapasoapaso.es\/wp-content\/uploads\/2023\/06\/IMG_1184-300x169.jpg\" alt=\"\" width=\"300\" height=\"169\" srcset=\"https:\/\/soriapasoapaso.es\/wp-content\/uploads\/2023\/06\/IMG_1184-300x169.jpg 300w, https:\/\/soriapasoapaso.es\/wp-content\/uploads\/2023\/06\/IMG_1184-1024x576.jpg 1024w, https:\/\/soriapasoapaso.es\/wp-content\/uploads\/2023\/06\/IMG_1184-768x432.jpg 768w, https:\/\/soriapasoapaso.es\/wp-content\/uploads\/2023\/06\/IMG_1184-1536x864.jpg 1536w, https:\/\/soriapasoapaso.es\/wp-content\/uploads\/2023\/06\/IMG_1184-2048x1152.jpg 2048w\" sizes=\"auto, (max-width: 300px) 100vw, 300px\" \/> <img loading=\"lazy\" decoding=\"async\" class=\"alignnone size-medium wp-image-13543\" src=\"http:\/\/soriapasoapaso.es\/wp-content\/uploads\/2023\/06\/IMG_1187-300x169.jpg\" alt=\"\" width=\"300\" height=\"169\" srcset=\"https:\/\/soriapasoapaso.es\/wp-content\/uploads\/2023\/06\/IMG_1187-300x169.jpg 300w, https:\/\/soriapasoapaso.es\/wp-content\/uploads\/2023\/06\/IMG_1187-1024x576.jpg 1024w, https:\/\/soriapasoapaso.es\/wp-content\/uploads\/2023\/06\/IMG_1187-768x432.jpg 768w, https:\/\/soriapasoapaso.es\/wp-content\/uploads\/2023\/06\/IMG_1187-1536x864.jpg 1536w, https:\/\/soriapasoapaso.es\/wp-content\/uploads\/2023\/06\/IMG_1187-2048x1152.jpg 2048w\" sizes=\"auto, (max-width: 300px) 100vw, 300px\" \/><\/p>\n<p>El pino, ese gran colonizador de estos parajes, se nos muestra en todo su esplendor y, algo m\u00e1s: en toda su grandeza y su pureza. En su grandeza, por su resistencia y madurez con el paso de los a\u00f1os y&nbsp; los siglos: vemos pinos m\u00e1s que centenarios, que nos recuerdan el apelativo que en otros parajes pinariegos reciben estos ejemplares, tipificados como \u201clos Abuelos del bosque\u201d. Pinos de descomunal tronco y multitud de ap\u00e9ndices&nbsp; retorcidos y envejecidos. Y en su pureza, porque de sus ramas cuelgan largos l\u00edquenes, a modo de canosa barba del sabio anciano, que nos hablan del ambiente sano, incontaminado, impoluto, sobre el que hunden sus ra\u00edces y que ha constituido la mejor medicina natural para su longevo desarrollo y permanencia, donde los vientos, el sol, el agua, el hielo, la niebla\u2026parecen ejercer un extra\u00f1o hermanamiento para proteger este prodigio natural que la naturaleza ha depositado en estas tierras. Y ah\u00ed tenemos a Alberto, nuestro guarda mayor y acreditado conocedor de los temas&nbsp; medioambientales de los que nos informa con infinita paciencia, fotografi\u00e1ndose envuelto entre estos l\u00edquenes, como si quisiera transfigurar su condici\u00f3n humana por la esencia que representan estas luengas barbas arb\u00f3reas.<\/p>\n<p><img loading=\"lazy\" decoding=\"async\" class=\"alignnone size-medium wp-image-13544\" src=\"http:\/\/soriapasoapaso.es\/wp-content\/uploads\/2023\/06\/IMG_1189-300x169.jpg\" alt=\"\" width=\"300\" height=\"169\" srcset=\"https:\/\/soriapasoapaso.es\/wp-content\/uploads\/2023\/06\/IMG_1189-300x169.jpg 300w, https:\/\/soriapasoapaso.es\/wp-content\/uploads\/2023\/06\/IMG_1189-1024x576.jpg 1024w, https:\/\/soriapasoapaso.es\/wp-content\/uploads\/2023\/06\/IMG_1189-768x432.jpg 768w, https:\/\/soriapasoapaso.es\/wp-content\/uploads\/2023\/06\/IMG_1189-1536x864.jpg 1536w, https:\/\/soriapasoapaso.es\/wp-content\/uploads\/2023\/06\/IMG_1189-2048x1152.jpg 2048w\" sizes=\"auto, (max-width: 300px) 100vw, 300px\" \/> <img loading=\"lazy\" decoding=\"async\" class=\"alignnone size-medium wp-image-13545\" src=\"http:\/\/soriapasoapaso.es\/wp-content\/uploads\/2023\/06\/IMG_1192-300x169.jpg\" alt=\"\" width=\"300\" height=\"169\" srcset=\"https:\/\/soriapasoapaso.es\/wp-content\/uploads\/2023\/06\/IMG_1192-300x169.jpg 300w, https:\/\/soriapasoapaso.es\/wp-content\/uploads\/2023\/06\/IMG_1192-1024x576.jpg 1024w, https:\/\/soriapasoapaso.es\/wp-content\/uploads\/2023\/06\/IMG_1192-768x432.jpg 768w, https:\/\/soriapasoapaso.es\/wp-content\/uploads\/2023\/06\/IMG_1192-1536x864.jpg 1536w, https:\/\/soriapasoapaso.es\/wp-content\/uploads\/2023\/06\/IMG_1192-2048x1152.jpg 2048w\" sizes=\"auto, (max-width: 300px) 100vw, 300px\" \/><\/p>\n<p>Pero la pista amable que transitamos pronto nos abandona\u2026y ahora debemos caminar sobre el incierto suelo que conduce hasta el primer objetivo. Y digo incierto porque es el mejor t\u00e9rmino que expresa nuestra situaci\u00f3n: no hay camino alguno marcado, vamos monte a trav\u00e9s, y nos debemos guiar por&nbsp; &nbsp;el sistema telem\u00e1tico de orientaci\u00f3n que marca el m\u00f3vil de \u00c1ngel, nuestro gu\u00eda. Y el suelo que pisamos no es un camino de rosas: debemos asegurar la pisada sobre piedras h\u00famedas, cuando no cubiertas de musgo, que hacen f\u00e1cil el deslizamiento y la consiguiente ca\u00edda, que nadie deseamos. En otras ocasiones, es&nbsp; el desconocido grosor del brezo sobre el que plantamos la bota o la rama traicionera de alg\u00fan arbusto que enmara\u00f1a el trazado de nuestro recorrido. .<\/p>\n<p>Con acierto y fortuna, a partes iguales, hemos sorteado estos obst\u00e1culos y por momentos parece que hemos llegado a terrenos m\u00e1s despejados y de menor dificultad para mantener el equilibrio. Pero ahora son gruesos pe\u00f1ascos salpicando el camino los que se interponen en nuestro trayecto, que vamos esquivando con las debidas precauciones para continuar este accidentado itinerario, hasta alcanzar &nbsp;la orilla de un &nbsp;espectacular&nbsp; enclave de agua y color (dif\u00edcil el acceso hasta all\u00ed para los visitantes ocasionales sin los imprescindibles GPS), conocido como La Laguna Verde. Nos hallamos ante un paisaje de resonancias casi m\u00e1gicas, escondido entre moles p\u00e9treas que no facilitan la localizaci\u00f3n de su entorno, flanqueado por la espesura de la masa arb\u00f3rea que, a modo de guardia pretoriana, circundan este prodigioso embalse de agua tranquila y cristalina, como si quisieran proteger su pureza y naturaleza<\/p>\n<p>&nbsp;<\/p>\n<p><img loading=\"lazy\" decoding=\"async\" class=\"alignnone size-medium wp-image-13546\" src=\"http:\/\/soriapasoapaso.es\/wp-content\/uploads\/2023\/06\/IMG-20230610-WA0022-300x225.jpg\" alt=\"\" width=\"300\" height=\"225\" srcset=\"https:\/\/soriapasoapaso.es\/wp-content\/uploads\/2023\/06\/IMG-20230610-WA0022-300x225.jpg 300w, https:\/\/soriapasoapaso.es\/wp-content\/uploads\/2023\/06\/IMG-20230610-WA0022-768x576.jpg 768w, https:\/\/soriapasoapaso.es\/wp-content\/uploads\/2023\/06\/IMG-20230610-WA0022.jpg 1024w\" sizes=\"auto, (max-width: 300px) 100vw, 300px\" \/> <img loading=\"lazy\" decoding=\"async\" class=\"alignnone size-medium wp-image-13547\" src=\"http:\/\/soriapasoapaso.es\/wp-content\/uploads\/2023\/06\/IMG-20230610-WA0098-225x300.jpg\" alt=\"\" width=\"225\" height=\"300\" srcset=\"https:\/\/soriapasoapaso.es\/wp-content\/uploads\/2023\/06\/IMG-20230610-WA0098-225x300.jpg 225w, https:\/\/soriapasoapaso.es\/wp-content\/uploads\/2023\/06\/IMG-20230610-WA0098.jpg 600w\" sizes=\"auto, (max-width: 225px) 100vw, 225px\" \/> incontaminada.&nbsp; Y lo que encontramos aqu\u00ed es un espect\u00e1culo natural de luz, color y sonido: de luz, porque los rayos solares iluminan la superficie cristalina de sus aguas, a la vez que sirven de espejo a los pinos que en ella se reflejan, cual sombra luminosa que penetra en el caudal tranquilo y remansado de su interior. De color, porque el tono verde esmeralda de sus aguas, salpicadas de nen\u00fafares y algas que flotan en la superficie, rivaliza en belleza y diversidad con el verde envolvente de la variedad de pinos a su alrededor, testigos mudos y, a la vez, vivientes del acogedor rinc\u00f3n en el que se hermanan. Y el sonido lo pone el croar de las ranas, que nos avisan de su presencia y&nbsp; nos trasladan el mensaje de que su h\u00e1bitat est\u00e1&nbsp; en ambientes de aguas limpias y alejadas de otros elementos perturbadores de este id\u00edlico espacio.<\/p>\n<p>No pod\u00eda ser de otra forma y aqu\u00ed mismo, al borde del&nbsp; contorno de esta bell\u00edsima laguna, posamos para la foto de rigor que recuerda nuestro paso y admiraci\u00f3n por el lugar visitado. No tenemos a Ricardo, el fot\u00f3grafo del grupo para estas ocasiones, pero ah\u00ed est\u00e1 Lolo, consorte de Marian, que improvisa un&nbsp; artesanal&nbsp; tr\u00edpode con los bastones de caminar para sustentar el m\u00f3vil. Y ah\u00ed queda nuestra imagen, fundida entre la&nbsp; luz y el color que emanan del ambiente.<\/p>\n<p><img loading=\"lazy\" decoding=\"async\" class=\"alignnone size-medium wp-image-13548\" src=\"http:\/\/soriapasoapaso.es\/wp-content\/uploads\/2023\/06\/IMG-20230610-WA0021-copia-300x225.jpg\" alt=\"\" width=\"300\" height=\"225\" srcset=\"https:\/\/soriapasoapaso.es\/wp-content\/uploads\/2023\/06\/IMG-20230610-WA0021-copia-300x225.jpg 300w, https:\/\/soriapasoapaso.es\/wp-content\/uploads\/2023\/06\/IMG-20230610-WA0021-copia-768x576.jpg 768w, https:\/\/soriapasoapaso.es\/wp-content\/uploads\/2023\/06\/IMG-20230610-WA0021-copia.jpg 1024w\" sizes=\"auto, (max-width: 300px) 100vw, 300px\" \/><img loading=\"lazy\" decoding=\"async\" class=\"alignnone size-medium wp-image-13549\" src=\"http:\/\/soriapasoapaso.es\/wp-content\/uploads\/2023\/06\/IMG_1207-300x169.jpg\" alt=\"\" width=\"300\" height=\"169\" srcset=\"https:\/\/soriapasoapaso.es\/wp-content\/uploads\/2023\/06\/IMG_1207-300x169.jpg 300w, https:\/\/soriapasoapaso.es\/wp-content\/uploads\/2023\/06\/IMG_1207-1024x576.jpg 1024w, https:\/\/soriapasoapaso.es\/wp-content\/uploads\/2023\/06\/IMG_1207-768x432.jpg 768w, https:\/\/soriapasoapaso.es\/wp-content\/uploads\/2023\/06\/IMG_1207-1536x864.jpg 1536w, https:\/\/soriapasoapaso.es\/wp-content\/uploads\/2023\/06\/IMG_1207-2048x1152.jpg 2048w\" sizes=\"auto, (max-width: 300px) 100vw, 300px\" \/><\/p>\n<p>Pero adem\u00e1s, el entorno nos ofrece otras modalidades de la biodiversidad&nbsp; que engalana este pinar visontino: nos referimos a una&nbsp; clase de pino, conocido como uncinata, com\u00fanmente llamado pino negro. Y de nuevo Alberto, con su habitual did\u00e1ctica de profesor medioambiental, nos va desgranando&nbsp; las caracter\u00edsticas del &nbsp;ejemplar que puebla este espacio. &nbsp;Me quedo con dos o tres datos: se desarrolla en altitudes entre los 1600 y 2200 metros, presenta una disposici\u00f3n de su ramaje en forma c\u00f3nica o piramidal (semejantes al abeto), muy denso y oscuro. Sus ac\u00edculas se distinguen por su aspereza, aunque poco punzantes, y de mayor tama\u00f1o que las del pino albar, as\u00ed como una presencia muy densa sobre las ramas. Por \u00faltimo, hace buen \u201cmaridaje\u201d con el pino albar, hayas o abetos. No hay duda que las caminatas sirven tambi\u00e9n para ampliar nuestros conocimientos del medio (asignatura que en nuestro tiempo se conoc\u00eda como Geograf\u00eda F\u00edsica).<\/p>\n<p>Y con el uncinata a nuestras espaldas y el entorno silencioso que emana de la Laguna Verde (solo roto por el canto de las ranas), reiniciamos la marcha, a trav\u00e9s&nbsp; de una vertiente ascendente para encaminarnos hacia la cuerda que sirve de l\u00edmite entre la serran\u00eda riojana y la soriana. De nuevo nos enfrentamos a otra subida como parte inevitable del trayecto marcado, aunque, en este caso, con el aliciente de que una vez coronada ser\u00e1 el momento de reponer fuerzas y hacer el merecido descanso gastron\u00f3mico. Nos vamos aproximando a lo que se conoce como \u201cpuesto de las palomas\u201d. Y el nombre no es caprichoso: a trav\u00e9s de esta l\u00ednea podemos observar varias edificaciones semicirculares en piedra, de escasa altura, (apenas alcanzan 1,50 m), que han servido de lugar de avistamiento del paso de las palomas y su previsible abatimiento en la \u00e9poca autorizada de caza, algunas de las cuales parece llevan tiempo sin utilizarse, en tanto otras presentan un aspecto m\u00e1s pulcro y de uso reciente. Y all\u00ed, sobre el l\u00edmite superior de uno de estos puestos de observaci\u00f3n cineg\u00e9tica, descargamos las mochilas o buscamos la piedra saliente m\u00e1s c\u00f3moda para dar cuenta del bocadillo y refrescar nuestras gargantas, con el tinto que hoy, adem\u00e1s, disfrutamos por partida doble: &nbsp;un estimulante Rioja que nos ofrece Lolo y el tinto de la bota con el nombre del grupo que siempre nos acompa\u00f1a.<\/p>\n<p><img loading=\"lazy\" decoding=\"async\" class=\"alignnone size-medium wp-image-13550\" src=\"http:\/\/soriapasoapaso.es\/wp-content\/uploads\/2023\/06\/IMG_1212-300x169.jpg\" alt=\"\" width=\"300\" height=\"169\" srcset=\"https:\/\/soriapasoapaso.es\/wp-content\/uploads\/2023\/06\/IMG_1212-300x169.jpg 300w, https:\/\/soriapasoapaso.es\/wp-content\/uploads\/2023\/06\/IMG_1212-1024x576.jpg 1024w, https:\/\/soriapasoapaso.es\/wp-content\/uploads\/2023\/06\/IMG_1212-768x432.jpg 768w, https:\/\/soriapasoapaso.es\/wp-content\/uploads\/2023\/06\/IMG_1212-1536x864.jpg 1536w, https:\/\/soriapasoapaso.es\/wp-content\/uploads\/2023\/06\/IMG_1212-2048x1152.jpg 2048w\" sizes=\"auto, (max-width: 300px) 100vw, 300px\" \/> <img loading=\"lazy\" decoding=\"async\" class=\"alignnone size-medium wp-image-13551\" src=\"http:\/\/soriapasoapaso.es\/wp-content\/uploads\/2023\/06\/IMG_1216-300x169.jpg\" alt=\"\" width=\"300\" height=\"169\" srcset=\"https:\/\/soriapasoapaso.es\/wp-content\/uploads\/2023\/06\/IMG_1216-300x169.jpg 300w, https:\/\/soriapasoapaso.es\/wp-content\/uploads\/2023\/06\/IMG_1216-1024x576.jpg 1024w, https:\/\/soriapasoapaso.es\/wp-content\/uploads\/2023\/06\/IMG_1216-768x432.jpg 768w, https:\/\/soriapasoapaso.es\/wp-content\/uploads\/2023\/06\/IMG_1216-1536x864.jpg 1536w, https:\/\/soriapasoapaso.es\/wp-content\/uploads\/2023\/06\/IMG_1216-2048x1152.jpg 2048w\" sizes=\"auto, (max-width: 300px) 100vw, 300px\" \/><\/p>\n<p>Y si he hecho menci\u00f3n del singular pino unciata que por estos parajes asienta sus reales, es de justicia tambi\u00e9n poner en valor a otro elemento vegetal, m\u00e1s humilde en su apariencia, pero no menos importante en la conservaci\u00f3n del suelo y la pujanza que confiere a estos pinares. Me refiero al brezo, vegetal de crecimiento rastrero que inunda la superficie donde nos hallamos. Resulta muy habitual encontrarlo donde crecen pinos ya que estos aportan acidez al suelo y eso es justo lo que el brezo necesita. Ayuda a mantener el sustrato h\u00famedo de los suelos, lo que sin duda es un factor decisivo en la conservaci\u00f3n de las especies m\u00e1s altivas que lo miran desde arriba. Presenta adem\u00e1s un decoroso aspecto est\u00e9tico, manifestado en la variedad de colores de sus flores, dependiendo de la especie&nbsp; que podamos observar. En definitiva, aunque escaso de altura en crecimiento, es fuerte&nbsp; en sus prestaciones&nbsp; medioambientales para las especies con las que se a\u00fana para su mejor protecci\u00f3n.<\/p>\n<p>Como ya es habitual, el tiempo&nbsp; de asueto se nos hace corto, pero nuestra ruta todav\u00eda nos deparar\u00e1 momentos para grabar en la retina. Nos ponemos en marcha. Y mientras llaneamos por el l\u00edmite de separaci\u00f3n entre dos sierras colindantes, a nuestra derecha&nbsp; la imagen n\u00edtida de&nbsp; &nbsp;valles y&nbsp; &nbsp;cumbres ondulantes que llenan el paisaje riojano. A nuestra izquierda, los no menos altivos macizos y picachos de la sierra del Urbi\u00f3n, con la estampa visible del pico Zurraquin, hermano menor del Urbi\u00f3n, aunque no menos espectacular por la composici\u00f3n de su suelo en forma de alargadas lascas erizadas.<\/p>\n<p><img loading=\"lazy\" decoding=\"async\" class=\"alignnone size-medium wp-image-13552\" src=\"http:\/\/soriapasoapaso.es\/wp-content\/uploads\/2023\/06\/IMG_1220-300x169.jpg\" alt=\"\" width=\"300\" height=\"169\" srcset=\"https:\/\/soriapasoapaso.es\/wp-content\/uploads\/2023\/06\/IMG_1220-300x169.jpg 300w, https:\/\/soriapasoapaso.es\/wp-content\/uploads\/2023\/06\/IMG_1220-1024x576.jpg 1024w, https:\/\/soriapasoapaso.es\/wp-content\/uploads\/2023\/06\/IMG_1220-768x432.jpg 768w, https:\/\/soriapasoapaso.es\/wp-content\/uploads\/2023\/06\/IMG_1220-1536x864.jpg 1536w, https:\/\/soriapasoapaso.es\/wp-content\/uploads\/2023\/06\/IMG_1220-2048x1152.jpg 2048w\" sizes=\"auto, (max-width: 300px) 100vw, 300px\" \/> <img loading=\"lazy\" decoding=\"async\" class=\"alignnone size-medium wp-image-13553\" src=\"http:\/\/soriapasoapaso.es\/wp-content\/uploads\/2023\/06\/IMG_1242-300x169.jpg\" alt=\"\" width=\"300\" height=\"169\" srcset=\"https:\/\/soriapasoapaso.es\/wp-content\/uploads\/2023\/06\/IMG_1242-300x169.jpg 300w, https:\/\/soriapasoapaso.es\/wp-content\/uploads\/2023\/06\/IMG_1242-1024x576.jpg 1024w, https:\/\/soriapasoapaso.es\/wp-content\/uploads\/2023\/06\/IMG_1242-768x432.jpg 768w, https:\/\/soriapasoapaso.es\/wp-content\/uploads\/2023\/06\/IMG_1242-1536x864.jpg 1536w, https:\/\/soriapasoapaso.es\/wp-content\/uploads\/2023\/06\/IMG_1242-2048x1152.jpg 2048w\" sizes=\"auto, (max-width: 300px) 100vw, 300px\" \/><\/p>\n<p>A trav\u00e9s de prolongadas pero suaves&nbsp; pendientes, nos vamos dirigiendo hasta la m\u00e1xima cota de altura que hoy alcanzaremos. En el camino o\u00edmos los ladridos de un elegante y se\u00f1orial mast\u00edn que protege un reba\u00f1o de ovejas, como si quisiera advertirnos que mejor no nos acerquemos por sus proximidades. Entendemos su mensaje y dejamos a este fiel can al cargo&nbsp; del ganado que pastorea, mientras el grupo se encamina hacia el punto conocido como \u201cPico o cerro Buey\u201d.<\/p>\n<p>Hemos llegado a la m\u00e1xima cota, \u201cPico de Buey\u201d. Al pie del v\u00e9rtice geod\u00e9sico que se levanta&nbsp; en la cima, una peque\u00f1a piedra irregular, de reducidas dimensiones, nos indica el nombre del lugar y la altura, 2038 m. Podemos decir que es una informaci\u00f3n complementaria a la que, oficialmente, se inscribe en la placa incrustada en la base del rollo geod\u00e9sico. Como a todo senderista, nos gusta ver la naturaleza desde arriba. Y esta ha sido una excelente ocasi\u00f3n para cumplir nuestros prop\u00f3sitos. Vistas espectaculares, horizontes di\u00e1fanos y satisfacciones compartidas por haber conseguido otro objetivo de esta ruta. Ruta de las calificadas como rompepiernas, como tenemos ocasi\u00f3n de comprobar, pero todav\u00eda no ha acabado nuestro periplo por estas alturas. Este pico, por su altitud y dem\u00e1s condiciones clim\u00e1ticas, presenta el aspecto de desnudez medioambiental caracter\u00edstico de las alturas, que compensa con la riqueza paisaj\u00edstica oteada desde&nbsp; esta cumbre.<\/p>\n<p>Y como toda subida, el camino de vuelta tiene su bajada. Y este es el caso, pero no para dirigirnos hacia el punto m\u00e1s bajo de partida, sino para acercarnos a otro elevado mirador que nos pondr\u00e1 ante paisajes y lugares que son un regalo para la vista.<\/p>\n<p><img loading=\"lazy\" decoding=\"async\" class=\"alignnone size-medium wp-image-13554\" src=\"http:\/\/soriapasoapaso.es\/wp-content\/uploads\/2023\/06\/IMG_1243-300x169.jpg\" alt=\"\" width=\"300\" height=\"169\" srcset=\"https:\/\/soriapasoapaso.es\/wp-content\/uploads\/2023\/06\/IMG_1243-300x169.jpg 300w, https:\/\/soriapasoapaso.es\/wp-content\/uploads\/2023\/06\/IMG_1243-1024x576.jpg 1024w, https:\/\/soriapasoapaso.es\/wp-content\/uploads\/2023\/06\/IMG_1243-768x432.jpg 768w, https:\/\/soriapasoapaso.es\/wp-content\/uploads\/2023\/06\/IMG_1243-1536x864.jpg 1536w, https:\/\/soriapasoapaso.es\/wp-content\/uploads\/2023\/06\/IMG_1243-2048x1152.jpg 2048w\" sizes=\"auto, (max-width: 300px) 100vw, 300px\" \/> <img loading=\"lazy\" decoding=\"async\" class=\"alignnone size-medium wp-image-13555\" src=\"http:\/\/soriapasoapaso.es\/wp-content\/uploads\/2023\/06\/IMG_1244-300x169.jpg\" alt=\"\" width=\"300\" height=\"169\" srcset=\"https:\/\/soriapasoapaso.es\/wp-content\/uploads\/2023\/06\/IMG_1244-300x169.jpg 300w, https:\/\/soriapasoapaso.es\/wp-content\/uploads\/2023\/06\/IMG_1244-1024x576.jpg 1024w, https:\/\/soriapasoapaso.es\/wp-content\/uploads\/2023\/06\/IMG_1244-768x432.jpg 768w, https:\/\/soriapasoapaso.es\/wp-content\/uploads\/2023\/06\/IMG_1244-1536x864.jpg 1536w, https:\/\/soriapasoapaso.es\/wp-content\/uploads\/2023\/06\/IMG_1244-2048x1152.jpg 2048w\" sizes=\"auto, (max-width: 300px) 100vw, 300px\" \/><\/p>\n<p>Descendemos de Pico de Buey por irregulares caminos de monta\u00f1a, aunque el sol de la ma\u00f1ana ha permitido que las piedras que pisamos o el brezo sobre el que apoyamos la bota est\u00e1n m\u00e1s secos y ofrecen menos peligro que a primeras horas de la ma\u00f1ana. Y haciendo una especie de vaguada en el descenso, con peque\u00f1os llanos reconfortantes, encontramos&nbsp; otra peque\u00f1a, pero coqueta laguna, de aguas limpias y poco profundas, conocida como Laguna Collado del Buey. Y a fe que el nombre se corresponde con su situaci\u00f3n, porque se encuentra en un collado que desciende del pico del mismo nombre que acabamos de dejar. No ofrece otra riqueza ambiental que el remanso de aguas de origen pluvial, que se conservan en este entorno, con un remanente h\u00eddrico que siempre ser\u00e1 bien venido para la fauna y flora que por aqu\u00ed proliferan.<\/p>\n<p><img loading=\"lazy\" decoding=\"async\" class=\"alignnone size-medium wp-image-13556\" src=\"http:\/\/soriapasoapaso.es\/wp-content\/uploads\/2023\/06\/IMG_1251-300x169.jpg\" alt=\"\" width=\"300\" height=\"169\" srcset=\"https:\/\/soriapasoapaso.es\/wp-content\/uploads\/2023\/06\/IMG_1251-300x169.jpg 300w, https:\/\/soriapasoapaso.es\/wp-content\/uploads\/2023\/06\/IMG_1251-1024x576.jpg 1024w, https:\/\/soriapasoapaso.es\/wp-content\/uploads\/2023\/06\/IMG_1251-768x432.jpg 768w, https:\/\/soriapasoapaso.es\/wp-content\/uploads\/2023\/06\/IMG_1251-1536x864.jpg 1536w, https:\/\/soriapasoapaso.es\/wp-content\/uploads\/2023\/06\/IMG_1251-2048x1152.jpg 2048w\" sizes=\"auto, (max-width: 300px) 100vw, 300px\" \/> <img loading=\"lazy\" decoding=\"async\" class=\"alignnone size-medium wp-image-13557\" src=\"http:\/\/soriapasoapaso.es\/wp-content\/uploads\/2023\/06\/IMG_1257-300x169.jpg\" alt=\"\" width=\"300\" height=\"169\" srcset=\"https:\/\/soriapasoapaso.es\/wp-content\/uploads\/2023\/06\/IMG_1257-300x169.jpg 300w, https:\/\/soriapasoapaso.es\/wp-content\/uploads\/2023\/06\/IMG_1257-1024x576.jpg 1024w, https:\/\/soriapasoapaso.es\/wp-content\/uploads\/2023\/06\/IMG_1257-768x432.jpg 768w, https:\/\/soriapasoapaso.es\/wp-content\/uploads\/2023\/06\/IMG_1257-1536x864.jpg 1536w, https:\/\/soriapasoapaso.es\/wp-content\/uploads\/2023\/06\/IMG_1257-2048x1152.jpg 2048w\" sizes=\"auto, (max-width: 300px) 100vw, 300px\" \/><\/p>\n<p>Salvado este collado emprendemos otro camino ascendente (\u00bfse entiende ahora el calificativo de ruta rompe piernas?) que nos lleva hasta otro morro monta\u00f1oso de singular belleza por la forma y el fondo que ofrece. Me refiero al pico Pe\u00f1a Negra. Por la forma: si se me permite la licencia metaf\u00f3rica, el lugar representa la alargada proa p\u00e9trea de un imaginario&nbsp; barco, anclado en un punto indefinido del horizonte, que tiene como misi\u00f3n vigilar una extensa zona de llanos, puertos de monta\u00f1a y zonas urbanas, para que no falte el equilibrio entre &nbsp;naturaleza y &nbsp;cultura que se funden en la forma de vida de las personas que habitan estos lares. Por el fondo: aqu\u00ed el t\u00e9rmino fondo lo utilizo en su acepci\u00f3n m\u00e1s f\u00edsica: desde esta privilegiada proa, podemos ver la n\u00edtida imagen del pueblo soriano de Montenegro de Cameros y el arranque de la carretera del puerto de Santa In\u00e9s hasta adentrarse en el t\u00e9rmino municipal de Vinuesa, en direcci\u00f3n oeste. Y en su vertiente m\u00e1s septentrional, desde Montenegro, resulta visible la carretera que conduce hasta la comarca de las Viniegras riojanas, con vistas tambi\u00e9n a la latitud oriental desde este mismo n\u00facleo urbano, que nos gu\u00eda por el puerto de Piqueras, direcci\u00f3n Soria. Un hermoso espect\u00e1culo visual que, por si fuera poco, se acompa\u00f1a con la presencia de una nutrida colonia de buitres<\/p>\n<p>&nbsp;<\/p>\n<p><img loading=\"lazy\" decoding=\"async\" class=\"alignnone size-medium wp-image-13558\" src=\"http:\/\/soriapasoapaso.es\/wp-content\/uploads\/2023\/06\/IMG_1254-300x169.jpg\" alt=\"\" width=\"300\" height=\"169\" srcset=\"https:\/\/soriapasoapaso.es\/wp-content\/uploads\/2023\/06\/IMG_1254-300x169.jpg 300w, https:\/\/soriapasoapaso.es\/wp-content\/uploads\/2023\/06\/IMG_1254-1024x576.jpg 1024w, https:\/\/soriapasoapaso.es\/wp-content\/uploads\/2023\/06\/IMG_1254-768x432.jpg 768w, https:\/\/soriapasoapaso.es\/wp-content\/uploads\/2023\/06\/IMG_1254-1536x864.jpg 1536w, https:\/\/soriapasoapaso.es\/wp-content\/uploads\/2023\/06\/IMG_1254-2048x1152.jpg 2048w\" sizes=\"auto, (max-width: 300px) 100vw, 300px\" \/><img loading=\"lazy\" decoding=\"async\" class=\"alignnone size-medium wp-image-13559\" src=\"http:\/\/soriapasoapaso.es\/wp-content\/uploads\/2023\/06\/IMG-20230610-WA0050-300x225.jpg\" alt=\"\" width=\"300\" height=\"225\" srcset=\"https:\/\/soriapasoapaso.es\/wp-content\/uploads\/2023\/06\/IMG-20230610-WA0050-300x225.jpg 300w, https:\/\/soriapasoapaso.es\/wp-content\/uploads\/2023\/06\/IMG-20230610-WA0050-768x576.jpg 768w, https:\/\/soriapasoapaso.es\/wp-content\/uploads\/2023\/06\/IMG-20230610-WA0050.jpg 1024w\" sizes=\"auto, (max-width: 300px) 100vw, 300px\" \/> que merodean por estas alturas, aunque se quedan un poco m\u00e1s bajo del lugar que ocupamos y que, sin duda, les hemos sustra\u00eddo por unos momentos. No nos cansamos de admirar este horizonte y plasmarlo en nuestras c\u00e1maras fotogr\u00e1ficas. Pero los buitres quieren que les dejemos su espacio libre y nosotros ocupar el camino que nos lleve hasta el punto de partida de nuestra ruta. As\u00ed que, llegados a este acuerdo t\u00e1cito, emprendemos el camino de bajada. Pero para nuestra sorpresa, nos advierte nuestro sherpa que debemos dirigirnos de nuevo hacia Pico Buey. O sea, repetimos otra subida para tomar desde all\u00ed (un poquito m\u00e1s bajo) una pista forestal que nos ponga en la direcci\u00f3n del aparcamiento hacia el punto de nieve de Santa In\u00e9s.<\/p>\n<p>Con resignaci\u00f3n franciscana ponemos rumbo de nuevo hacia el mencionado pico Buey, pero con la sensaci\u00f3n de haber satisfecho las expectativas de una ruta exigente, a la vez que llena de hermosas impresiones, no menos excitantes momentos de bellezas visuales y cumplidas satisfacciones por nuestra estado f\u00edsico.<\/p>\n<p>Nos dirigimos de nuevo hasta el pico Buey. Y antes de de llegar a la cumbre, tomamos una senda forestal, sin m\u00e1s usos que enlazar este camino con la pista de esqu\u00ed hasta donde llega la telesilla que sirve de recurso invernal para los amantes de la nieve.<\/p>\n<p>El camino es &nbsp;relajante. Se acabaron las subidas. Y en nuestra bajada, podemos ver los postes que marcan el itinerario de la silla de esqu\u00ed hasta el punto m\u00e1ximo de ascenso, y las protecciones colocadas sobre las bases de sus postes para evitar, seg\u00fan me dice \u00c1ngel, que alg\u00fan despistado se deje los dientes en la bajada.<\/p>\n<p><img loading=\"lazy\" decoding=\"async\" class=\"alignnone size-medium wp-image-13560\" src=\"http:\/\/soriapasoapaso.es\/wp-content\/uploads\/2023\/06\/IMG_1273-300x169.jpg\" alt=\"\" width=\"300\" height=\"169\" srcset=\"https:\/\/soriapasoapaso.es\/wp-content\/uploads\/2023\/06\/IMG_1273-300x169.jpg 300w, https:\/\/soriapasoapaso.es\/wp-content\/uploads\/2023\/06\/IMG_1273-1024x576.jpg 1024w, https:\/\/soriapasoapaso.es\/wp-content\/uploads\/2023\/06\/IMG_1273-768x432.jpg 768w, https:\/\/soriapasoapaso.es\/wp-content\/uploads\/2023\/06\/IMG_1273-1536x864.jpg 1536w, https:\/\/soriapasoapaso.es\/wp-content\/uploads\/2023\/06\/IMG_1273-2048x1152.jpg 2048w\" sizes=\"auto, (max-width: 300px) 100vw, 300px\" \/> <img loading=\"lazy\" decoding=\"async\" class=\"alignnone size-medium wp-image-13561\" src=\"http:\/\/soriapasoapaso.es\/wp-content\/uploads\/2023\/06\/IMG_1275-300x169.jpg\" alt=\"\" width=\"300\" height=\"169\" srcset=\"https:\/\/soriapasoapaso.es\/wp-content\/uploads\/2023\/06\/IMG_1275-300x169.jpg 300w, https:\/\/soriapasoapaso.es\/wp-content\/uploads\/2023\/06\/IMG_1275-1024x576.jpg 1024w, https:\/\/soriapasoapaso.es\/wp-content\/uploads\/2023\/06\/IMG_1275-768x432.jpg 768w, https:\/\/soriapasoapaso.es\/wp-content\/uploads\/2023\/06\/IMG_1275-1536x864.jpg 1536w, https:\/\/soriapasoapaso.es\/wp-content\/uploads\/2023\/06\/IMG_1275-2048x1152.jpg 2048w\" sizes=\"auto, (max-width: 300px) 100vw, 300px\" \/><\/p>\n<p>Son algo m\u00e1s de las 15,00 h. Algunos que, como se\u00f1al\u00e9 al principio, han optado por compatibilizar monta\u00f1a y Valonsadero, tienen prisa por no perderse la fiesta sanjuanera. No hay ca\u00f1a o vinito de despedida de fin de fiesta. As\u00ed que emprendemos viaje de regreso.<\/p>\n<p>Otra ruta m\u00e1s aderezada con las sensaciones que el pinar, en este caso visontino, deja en el regusto de quienes amamos y nos apasionamos con estas tierras.<\/p>\n<p>&nbsp;<\/p>\n<p><strong>Agnelo Yubero &nbsp;&nbsp;&nbsp;&nbsp;&nbsp;&nbsp;&nbsp;&nbsp;<\/strong><\/p>\n<p>&nbsp;<\/p>\n<p>&nbsp;<\/p>\n<p>&nbsp;<\/p>\n<p>&nbsp;<\/p>\n<p>&nbsp;<\/p>\n<p>&nbsp;<\/p>\n<p>&nbsp;<\/p>\n","protected":false},"excerpt":{"rendered":"<p>&nbsp; &nbsp; Soria, 10 Junio, 2023 &nbsp; El t\u00edtulo de la cr\u00f3nica podr\u00eda parecer la propuesta de definici\u00f3n de &nbsp;vocablos para completar un crucigrama de temas medioambientales. Y si es verdad que todo relato de nuestras rutas llevan el sello &nbsp;personal&nbsp; y el inter\u00e9s pasional por describir el camino andado, <\/p>\n<p><a class=\"read-more\" href=\"https:\/\/soriapasoapaso.es\/?p=13539\">Read More<\/a><\/p>\n","protected":false},"author":1,"featured_media":13562,"comment_status":"open","ping_status":"open","sticky":false,"template":"","format":"standard","meta":{"footnotes":""},"categories":[21],"tags":[],"class_list":["post-13539","post","type-post","status-publish","format-standard","has-post-thumbnail","hentry","category-rutas"],"_links":{"self":[{"href":"https:\/\/soriapasoapaso.es\/index.php?rest_route=\/wp\/v2\/posts\/13539","targetHints":{"allow":["GET"]}}],"collection":[{"href":"https:\/\/soriapasoapaso.es\/index.php?rest_route=\/wp\/v2\/posts"}],"about":[{"href":"https:\/\/soriapasoapaso.es\/index.php?rest_route=\/wp\/v2\/types\/post"}],"author":[{"embeddable":true,"href":"https:\/\/soriapasoapaso.es\/index.php?rest_route=\/wp\/v2\/users\/1"}],"replies":[{"embeddable":true,"href":"https:\/\/soriapasoapaso.es\/index.php?rest_route=%2Fwp%2Fv2%2Fcomments&post=13539"}],"version-history":[{"count":2,"href":"https:\/\/soriapasoapaso.es\/index.php?rest_route=\/wp\/v2\/posts\/13539\/revisions"}],"predecessor-version":[{"id":13564,"href":"https:\/\/soriapasoapaso.es\/index.php?rest_route=\/wp\/v2\/posts\/13539\/revisions\/13564"}],"wp:featuredmedia":[{"embeddable":true,"href":"https:\/\/soriapasoapaso.es\/index.php?rest_route=\/wp\/v2\/media\/13562"}],"wp:attachment":[{"href":"https:\/\/soriapasoapaso.es\/index.php?rest_route=%2Fwp%2Fv2%2Fmedia&parent=13539"}],"wp:term":[{"taxonomy":"category","embeddable":true,"href":"https:\/\/soriapasoapaso.es\/index.php?rest_route=%2Fwp%2Fv2%2Fcategories&post=13539"},{"taxonomy":"post_tag","embeddable":true,"href":"https:\/\/soriapasoapaso.es\/index.php?rest_route=%2Fwp%2Fv2%2Ftags&post=13539"}],"curies":[{"name":"wp","href":"https:\/\/api.w.org\/{rel}","templated":true}]}}