{"id":13525,"date":"2023-06-08T20:45:35","date_gmt":"2023-06-08T18:45:35","guid":{"rendered":"http:\/\/soriapasoapaso.es\/?p=13525"},"modified":"2023-06-08T20:47:00","modified_gmt":"2023-06-08T18:47:00","slug":"de-fuentetoba-al-alto-de-lutero-pasando-por-la-cueva-pachon","status":"publish","type":"post","link":"https:\/\/soriapasoapaso.es\/?p=13525","title":{"rendered":"De Fuentetoba al Alto de Lutero, pasando por la cueva Pach\u00f3n.   3 junio 2023"},"content":{"rendered":"<p>Las tormentas protagonizan la meteorolog\u00eda esta temporada primaveral por lo que cambiamos la alta monta\u00f1a a donde se pretend\u00eda ir este s\u00e1bado por los riscos de la Sierra Llana, que es el cordal meridional de la Sierra de Cabrejas.<br \/>\nVamos dejando a nuestra espalda nubes negras amenazadoras en el horizonte norte cuando empezamos nuestra ruta saliendo de Fuentetoba por zona de huertas cercanas al pueblo hasta llegar a un camino de tierra donde vemos campos de cultivo; frente a nosotros los muros calizos gris\u00e1ceos y blanquecinos que culminan la monta\u00f1a a la que vamos a subir y cuyas faldas est\u00e1n cubiertas por un manto de diferentes tonos de verde; pensamos que por fin van llegando las anheladas lluvias que sientan tan bien a praderas, sembrados, huertas y flora salvaje.<br \/>\n<img loading=\"lazy\" decoding=\"async\" class=\"alignnone size-medium wp-image-13527\" src=\"http:\/\/soriapasoapaso.es\/wp-content\/uploads\/2023\/06\/20230603_083447-300x139.jpg\" alt=\"\" width=\"300\" height=\"139\" srcset=\"https:\/\/soriapasoapaso.es\/wp-content\/uploads\/2023\/06\/20230603_083447-300x139.jpg 300w, https:\/\/soriapasoapaso.es\/wp-content\/uploads\/2023\/06\/20230603_083447-1024x473.jpg 1024w, https:\/\/soriapasoapaso.es\/wp-content\/uploads\/2023\/06\/20230603_083447-768x355.jpg 768w, https:\/\/soriapasoapaso.es\/wp-content\/uploads\/2023\/06\/20230603_083447-1536x710.jpg 1536w, https:\/\/soriapasoapaso.es\/wp-content\/uploads\/2023\/06\/20230603_083447-2048x946.jpg 2048w\" sizes=\"auto, (max-width: 300px) 100vw, 300px\" \/><img loading=\"lazy\" decoding=\"async\" class=\"alignnone size-medium wp-image-13526\" src=\"http:\/\/soriapasoapaso.es\/wp-content\/uploads\/2023\/06\/20230603_082635-300x139.jpg\" alt=\"\" width=\"300\" height=\"139\" srcset=\"https:\/\/soriapasoapaso.es\/wp-content\/uploads\/2023\/06\/20230603_082635-300x139.jpg 300w, https:\/\/soriapasoapaso.es\/wp-content\/uploads\/2023\/06\/20230603_082635-1024x473.jpg 1024w, https:\/\/soriapasoapaso.es\/wp-content\/uploads\/2023\/06\/20230603_082635-768x355.jpg 768w, https:\/\/soriapasoapaso.es\/wp-content\/uploads\/2023\/06\/20230603_082635-1536x710.jpg 1536w, https:\/\/soriapasoapaso.es\/wp-content\/uploads\/2023\/06\/20230603_082635-2048x946.jpg 2048w\" sizes=\"auto, (max-width: 300px) 100vw, 300px\" \/><\/p>\n<p>Pronto este relieve escarpado y exuberante que cubre hoy la monta\u00f1a pasa a ser nuestro centro de atenci\u00f3n, porque salimos del confortable camino para acometer un potente ascenso por el \u201cbarranco del sabucar \u201cen busca de la zona rocosa que corona la monta\u00f1a y tenemos que hacer como el gallego, agachar la cabeza mirando al suelo que pisamos e ir paso a paso ascendiendo cada cual a su ritmo: as\u00ed pues no perdemos detalle del pavimento calizo que es como un gran mural de formas, texturas y colores : entre el verde de las plantas rastrojeras aparecen florecillas multicolores, llaman la atenci\u00f3n los pendientes de la reina de color fucsia y manojos de florecillas azules, los diferentes tipos de cardos muestran sus flores con unos colores vivos tambi\u00e9n, las aliagas pinchan como demonios porque est\u00e1n empezando a renacer sus p\u00faas, al levantar un poco la vista vemos los rosales silvestres llenos de peque\u00f1as rosas y hay un olor maravilloso a espliego y principalmente a tomillo que nos va embriagando y ayudando a respirar mejor en el duro ascenso.<\/p>\n<p><img loading=\"lazy\" decoding=\"async\" class=\"alignnone size-medium wp-image-13528\" src=\"http:\/\/soriapasoapaso.es\/wp-content\/uploads\/2023\/06\/20230603_084531-300x139.jpg\" alt=\"\" width=\"300\" height=\"139\" srcset=\"https:\/\/soriapasoapaso.es\/wp-content\/uploads\/2023\/06\/20230603_084531-300x139.jpg 300w, https:\/\/soriapasoapaso.es\/wp-content\/uploads\/2023\/06\/20230603_084531-1024x473.jpg 1024w, https:\/\/soriapasoapaso.es\/wp-content\/uploads\/2023\/06\/20230603_084531-768x355.jpg 768w, https:\/\/soriapasoapaso.es\/wp-content\/uploads\/2023\/06\/20230603_084531-1536x710.jpg 1536w, https:\/\/soriapasoapaso.es\/wp-content\/uploads\/2023\/06\/20230603_084531-2048x946.jpg 2048w\" sizes=\"auto, (max-width: 300px) 100vw, 300px\" \/> <img loading=\"lazy\" decoding=\"async\" class=\"alignnone size-medium wp-image-13529\" src=\"http:\/\/soriapasoapaso.es\/wp-content\/uploads\/2023\/06\/20230603_084722-300x139.jpg\" alt=\"\" width=\"300\" height=\"139\" srcset=\"https:\/\/soriapasoapaso.es\/wp-content\/uploads\/2023\/06\/20230603_084722-300x139.jpg 300w, https:\/\/soriapasoapaso.es\/wp-content\/uploads\/2023\/06\/20230603_084722-1024x473.jpg 1024w, https:\/\/soriapasoapaso.es\/wp-content\/uploads\/2023\/06\/20230603_084722-768x355.jpg 768w, https:\/\/soriapasoapaso.es\/wp-content\/uploads\/2023\/06\/20230603_084722-1536x710.jpg 1536w, https:\/\/soriapasoapaso.es\/wp-content\/uploads\/2023\/06\/20230603_084722-2048x946.jpg 2048w\" sizes=\"auto, (max-width: 300px) 100vw, 300px\" \/><br \/>\nYa al lado de la pared rocosa, comenzamos a disfrutar de las vistas sobre Fuentetoba, de los campos sembrados aleda\u00f1os y del cielo, con una bruma oscura que desciende en forma de tormentas lejanas. Una gran colonia de buitres est\u00e1n tomando el sol en el borde del precipicio mientras vamos ascendiendo hacia sus nidos y al subir pisamos un camino m\u00e1s abrupto hasta llegar a una zona que Agnelo llama \u201cterreno caprino\u201d porque tenemos que ponernos a cuatro patas para pasar entre rocas y a partir de aqu\u00ed subir otro repecho para llegar a una gran meseta k\u00e1rstica a cuyo filo vamos a ir caminando; los buitres se lanzan a volar a nuestro paso y seguimos andando hasta llegar a un extremo de la planicie llamado el \u201d alto de Pe\u00f1a Cruz \u201cque est\u00e1 regentado por una solitaria encina de copa redondeada en la que tambi\u00e9n hay combinaci\u00f3n de verdes oscuros y claros porque est\u00e1 reponiendo sus hojas; desde el punto geod\u00e9sico de esta modesta cumbre empezamos a bajar por terreno caprino nuevamente para encaminarnos hacia la cueva pach\u00f3n, al cobijo de los farallones primero y mas tarde sobre terreno inclinado con exuberante vegetaci\u00f3n de nuevo, nos llama la atenci\u00f3n una gran planta espinosa con forma redondeada que parece un coj\u00edn \u201cde la suegra\u201d, seg\u00fan Chus, o alguna otra que tiras rojas que no sabemos identificar.<\/p>\n<p><img loading=\"lazy\" decoding=\"async\" class=\"alignnone size-medium wp-image-13530\" src=\"http:\/\/soriapasoapaso.es\/wp-content\/uploads\/2023\/06\/IMG20230603091617-300x169.jpg\" alt=\"\" width=\"300\" height=\"169\" srcset=\"https:\/\/soriapasoapaso.es\/wp-content\/uploads\/2023\/06\/IMG20230603091617-300x169.jpg 300w, https:\/\/soriapasoapaso.es\/wp-content\/uploads\/2023\/06\/IMG20230603091617-1024x576.jpg 1024w, https:\/\/soriapasoapaso.es\/wp-content\/uploads\/2023\/06\/IMG20230603091617-768x432.jpg 768w, https:\/\/soriapasoapaso.es\/wp-content\/uploads\/2023\/06\/IMG20230603091617-1536x864.jpg 1536w, https:\/\/soriapasoapaso.es\/wp-content\/uploads\/2023\/06\/IMG20230603091617-2048x1152.jpg 2048w\" sizes=\"auto, (max-width: 300px) 100vw, 300px\" \/> <img loading=\"lazy\" decoding=\"async\" class=\"alignnone size-medium wp-image-13532\" src=\"http:\/\/soriapasoapaso.es\/wp-content\/uploads\/2023\/06\/IMG20230603090600-300x169.jpg\" alt=\"\" width=\"300\" height=\"169\" srcset=\"https:\/\/soriapasoapaso.es\/wp-content\/uploads\/2023\/06\/IMG20230603090600-300x169.jpg 300w, https:\/\/soriapasoapaso.es\/wp-content\/uploads\/2023\/06\/IMG20230603090600-1024x576.jpg 1024w, https:\/\/soriapasoapaso.es\/wp-content\/uploads\/2023\/06\/IMG20230603090600-768x432.jpg 768w, https:\/\/soriapasoapaso.es\/wp-content\/uploads\/2023\/06\/IMG20230603090600-1536x864.jpg 1536w, https:\/\/soriapasoapaso.es\/wp-content\/uploads\/2023\/06\/IMG20230603090600-2048x1152.jpg 2048w\" sizes=\"auto, (max-width: 300px) 100vw, 300px\" \/><br \/>\nMientras subimos al abrigo de la cueva, un gran b\u00faho o un p\u00e1jaro similar sale volando de alguno de sus agujeros asustado tambi\u00e9n por nuestra presencia. El suelo de los alrededores de la cueva Pach\u00f3n tiene una tierra negra con aspecto f\u00e9rtil y productivo y en esta caverna en la que anta\u00f1o debi\u00f3 de haber un aprisco ganadero tomamos el almuerzo c\u00f3modamente sentados entre rocas como si estuvi\u00e9ramos en un gran balc\u00f3n desde el que controlamos el p\u00e1ramo de Villaciervos, atravesado por la N 122.<br \/>\nDe vuelta en la altiplanicie, en la parte superior de la cueva, vemos que ahora la tormenta viene por el sur y pronto avistamos una cima al final de un calvero en posici\u00f3n oriental al que unos cuantos nos animamos a subir asumiendo el reto que nos marca nuestro sherpa de que hay que hacerlo a buen ritmo para despu\u00e9s dar caza a los compa\u00f1eros que ya empiezan el descenso.<br \/>\nConseguimos el objetivo de llegar a lo alto del Lutero (1348m) mientras o\u00edmos truenos en la lejan\u00eda por lo que poco nos entretenemos en la cima y nos abalanzamos ladera abajo sin abandonar el ritmo ligero para enfilar el camino de la \u201ccuesta de la reina\u201d que es estrecho, pedregoso y abrupto, pero lo tenemos flanqueado por miles de florecillas blancas al principio, aparece la gama morada despu\u00e9s o al amarillo marcado por el diente de le\u00f3n m\u00e1s adelante; porque irremediablemente seguimos mirando al suelo, no sabemos si es porque est\u00e1 muy bonito o porque tenemos miedo de tropezar. En esta ladera nace el r\u00edo Mazos, pero tampoco hoy tenemos la suerte de ver su surgencia ya que en la ruta anterior (diciembre de 2020) paso lo mismo. Se nos muestra los restos de una antigua<\/p>\n<p><img loading=\"lazy\" decoding=\"async\" class=\"alignnone size-medium wp-image-13533\" src=\"http:\/\/soriapasoapaso.es\/wp-content\/uploads\/2023\/06\/20230603_090019-300x139.jpg\" alt=\"\" width=\"300\" height=\"139\" srcset=\"https:\/\/soriapasoapaso.es\/wp-content\/uploads\/2023\/06\/20230603_090019-300x139.jpg 300w, https:\/\/soriapasoapaso.es\/wp-content\/uploads\/2023\/06\/20230603_090019-1024x473.jpg 1024w, https:\/\/soriapasoapaso.es\/wp-content\/uploads\/2023\/06\/20230603_090019-768x355.jpg 768w, https:\/\/soriapasoapaso.es\/wp-content\/uploads\/2023\/06\/20230603_090019-1536x710.jpg 1536w, https:\/\/soriapasoapaso.es\/wp-content\/uploads\/2023\/06\/20230603_090019-2048x946.jpg 2048w\" sizes=\"auto, (max-width: 300px) 100vw, 300px\" \/> <img loading=\"lazy\" decoding=\"async\" class=\"alignnone size-medium wp-image-13534\" src=\"http:\/\/soriapasoapaso.es\/wp-content\/uploads\/2023\/06\/20230603_090204-300x139.jpg\" alt=\"\" width=\"300\" height=\"139\" srcset=\"https:\/\/soriapasoapaso.es\/wp-content\/uploads\/2023\/06\/20230603_090204-300x139.jpg 300w, https:\/\/soriapasoapaso.es\/wp-content\/uploads\/2023\/06\/20230603_090204-1024x473.jpg 1024w, https:\/\/soriapasoapaso.es\/wp-content\/uploads\/2023\/06\/20230603_090204-768x355.jpg 768w, https:\/\/soriapasoapaso.es\/wp-content\/uploads\/2023\/06\/20230603_090204-1536x710.jpg 1536w, https:\/\/soriapasoapaso.es\/wp-content\/uploads\/2023\/06\/20230603_090204-2048x946.jpg 2048w\" sizes=\"auto, (max-width: 300px) 100vw, 300px\" \/><\/p>\n<p>cantera de la que se extra\u00eda tierra blanca y F\u00e9lix y Chano recuerdan que pr\u00f3ximo a este lugar hab\u00eda unas pozas precisamente con arena blanca donde ellos se ba\u00f1aban cuando eran ni\u00f1os. Los compa\u00f1eros que bajaban primero dan una vuelta por esta zona mientras que los que bajamos del Lutero seguimos nuestro paso apresurado hasta llegar nuevamente al camino de tierra que nos lleva al pueblo y es aqu\u00ed donde ya echamos el ojo a nuestros compa\u00f1eros. Ya m\u00e1s tranquilos viendo el pueblo y al resto del grupo volvemos la vista atr\u00e1s y divisamos de nuevo las extensas laderas del macizo con sus t\u00edpicos frentes de filones de roca caliza por cuyas planicies hemos caminado hoy y la tormenta que se va acercando, puntual sobre las 14h, seg\u00fan la predicci\u00f3n meteorol\u00f3gica de esta ma\u00f1ana.<br \/>\nEntramos a Fuentetoba por una zona fresca llena de arbolado, vegetaci\u00f3n y un animado r\u00edo bajo un puente de madera que nos hace aumentar el deseo de tomarnos un aperitivo fresquito y descansar porque las piernas llegan un poco flojas. Desde el bar de la piscina vemos all\u00e1 arriba la encina solitaria en d\u00f3nde hemos estado y nos sentimos contentos y orgullosos por haber conseguido un d\u00eda m\u00e1s el empe\u00f1o pasopasero de llegar all\u00ed donde no nos imagin\u00e1bamos que podr\u00edamos llegar.<br \/>\nEmi<\/p>\n","protected":false},"excerpt":{"rendered":"<p>Las tormentas protagonizan la meteorolog\u00eda esta temporada primaveral por lo que cambiamos la alta monta\u00f1a a donde se pretend\u00eda ir este s\u00e1bado por los riscos de la Sierra Llana, que es el cordal meridional de la Sierra de Cabrejas. Vamos dejando a nuestra espalda nubes negras amenazadoras en el horizonte <\/p>\n<p><a class=\"read-more\" href=\"https:\/\/soriapasoapaso.es\/?p=13525\">Read More<\/a><\/p>\n","protected":false},"author":1,"featured_media":13535,"comment_status":"open","ping_status":"open","sticky":false,"template":"","format":"standard","meta":{"footnotes":""},"categories":[21],"tags":[],"class_list":["post-13525","post","type-post","status-publish","format-standard","has-post-thumbnail","hentry","category-rutas"],"_links":{"self":[{"href":"https:\/\/soriapasoapaso.es\/index.php?rest_route=\/wp\/v2\/posts\/13525","targetHints":{"allow":["GET"]}}],"collection":[{"href":"https:\/\/soriapasoapaso.es\/index.php?rest_route=\/wp\/v2\/posts"}],"about":[{"href":"https:\/\/soriapasoapaso.es\/index.php?rest_route=\/wp\/v2\/types\/post"}],"author":[{"embeddable":true,"href":"https:\/\/soriapasoapaso.es\/index.php?rest_route=\/wp\/v2\/users\/1"}],"replies":[{"embeddable":true,"href":"https:\/\/soriapasoapaso.es\/index.php?rest_route=%2Fwp%2Fv2%2Fcomments&post=13525"}],"version-history":[{"count":2,"href":"https:\/\/soriapasoapaso.es\/index.php?rest_route=\/wp\/v2\/posts\/13525\/revisions"}],"predecessor-version":[{"id":13537,"href":"https:\/\/soriapasoapaso.es\/index.php?rest_route=\/wp\/v2\/posts\/13525\/revisions\/13537"}],"wp:featuredmedia":[{"embeddable":true,"href":"https:\/\/soriapasoapaso.es\/index.php?rest_route=\/wp\/v2\/media\/13535"}],"wp:attachment":[{"href":"https:\/\/soriapasoapaso.es\/index.php?rest_route=%2Fwp%2Fv2%2Fmedia&parent=13525"}],"wp:term":[{"taxonomy":"category","embeddable":true,"href":"https:\/\/soriapasoapaso.es\/index.php?rest_route=%2Fwp%2Fv2%2Fcategories&post=13525"},{"taxonomy":"post_tag","embeddable":true,"href":"https:\/\/soriapasoapaso.es\/index.php?rest_route=%2Fwp%2Fv2%2Ftags&post=13525"}],"curies":[{"name":"wp","href":"https:\/\/api.w.org\/{rel}","templated":true}]}}