{"id":13356,"date":"2023-05-31T20:53:09","date_gmt":"2023-05-31T18:53:09","guid":{"rendered":"http:\/\/soriapasoapaso.es\/?p=13356"},"modified":"2023-05-31T20:53:09","modified_gmt":"2023-05-31T18:53:09","slug":"una-ruta-de-altura-por-el-emblematico-urbion","status":"publish","type":"post","link":"https:\/\/soriapasoapaso.es\/?p=13356","title":{"rendered":"UNA RUTA DE ALTURA POR EL EMBLEMATICO URBION"},"content":{"rendered":"<p>&nbsp;<\/p>\n<p><strong>\u00a0<\/strong><\/p>\n<p><strong>\u00a0\u00a0\u00a0\u00a0\u00a0\u00a0\u00a0\u00a0\u00a0\u00a0\u00a0\u00a0\u00a0\u00a0\u00a0\u00a0\u00a0\u00a0\u00a0\u00a0\u00a0\u00a0\u00a0\u00a0\u00a0\u00a0\u00a0\u00a0\u00a0\u00a0\u00a0\u00a0\u00a0\u00a0\u00a0\u00a0\u00a0\u00a0\u00a0\u00a0\u00a0\u00a0\u00a0\u00a0\u00a0\u00a0\u00a0\u00a0\u00a0\u00a0\u00a0\u00a0\u00a0\u00a0\u00a0\u00a0\u00a0\u00a0 <\/strong>SORIA, 27 Mayo 2023<\/p>\n<p>&nbsp;<\/p>\n<p>Hemos regresado de nuevo a \u00a0tierra de pinares. La ruta del s\u00e1bado pasado fue por el t\u00e9rmino del tur\u00edstico pueblo de Navaleno, donde, adem\u00e1s de la belleza de su variado pinar, pudimos conocer la conservaci\u00f3n, explotaci\u00f3n y sostenibilidad de la masa arb\u00f3rea que alberga esta comarca, \u00a0gracias a las detalladas observaciones que nos hizo nuestro gu\u00eda,\u00a0 Jos\u00e9 A. Lucas,\u00a0 conocedor\u00a0 por su profesi\u00f3n y trabajo de la vida\u00a0\u00a0 que\u00a0 llena \u00a0esta riqueza forestal que los sorianos poseemos.<\/p>\n<p>Y hoy, 27 Mayo, nos hemos dirigido hacia el nor-noreste donde hemos disfrutado de otra jornada llena de belleza paisaj\u00edstica y una naturaleza que desborda pujanza en sus enhiestos pinos silvestres, encanto\u00a0 y sorpresa en la variada\u00a0 morfolog\u00eda de su desarrollo\u00a0 y un encaje sublime de flora, rocas, fuentes, lagunas\u2026 que\u00a0 testimonian el privilegio de encontrarnos en una tierra afortunada, donde el tiempo parece\u00a0 haberse detenido y la calma de sus cumbres, laderas y llanuras transmiten al visitante una inequ\u00edvoca sensaci\u00f3n de paz y la satisfacci\u00f3n de adentrarnos en un territorio que parece\u00a0 obra de un duende\u00a0 divino.<\/p>\n<p><img loading=\"lazy\" decoding=\"async\" class=\"alignnone size-medium wp-image-13357\" src=\"http:\/\/soriapasoapaso.es\/wp-content\/uploads\/2023\/05\/20230527_085033-300x139.jpg\" alt=\"\" width=\"300\" height=\"139\" srcset=\"https:\/\/soriapasoapaso.es\/wp-content\/uploads\/2023\/05\/20230527_085033-300x139.jpg 300w, https:\/\/soriapasoapaso.es\/wp-content\/uploads\/2023\/05\/20230527_085033-1024x473.jpg 1024w, https:\/\/soriapasoapaso.es\/wp-content\/uploads\/2023\/05\/20230527_085033-768x355.jpg 768w, https:\/\/soriapasoapaso.es\/wp-content\/uploads\/2023\/05\/20230527_085033-1536x710.jpg 1536w, https:\/\/soriapasoapaso.es\/wp-content\/uploads\/2023\/05\/20230527_085033-2048x946.jpg 2048w\" sizes=\"auto, (max-width: 300px) 100vw, 300px\" \/> <img loading=\"lazy\" decoding=\"async\" class=\"alignnone size-medium wp-image-13358\" src=\"http:\/\/soriapasoapaso.es\/wp-content\/uploads\/2023\/05\/20230527_085653-300x139.jpg\" alt=\"\" width=\"300\" height=\"139\" srcset=\"https:\/\/soriapasoapaso.es\/wp-content\/uploads\/2023\/05\/20230527_085653-300x139.jpg 300w, https:\/\/soriapasoapaso.es\/wp-content\/uploads\/2023\/05\/20230527_085653-1024x473.jpg 1024w, https:\/\/soriapasoapaso.es\/wp-content\/uploads\/2023\/05\/20230527_085653-768x355.jpg 768w, https:\/\/soriapasoapaso.es\/wp-content\/uploads\/2023\/05\/20230527_085653-1536x710.jpg 1536w, https:\/\/soriapasoapaso.es\/wp-content\/uploads\/2023\/05\/20230527_085653-2048x946.jpg 2048w\" sizes=\"auto, (max-width: 300px) 100vw, 300px\" \/><\/p>\n<p>Sin embargo, toda obra bella lleva siempre tras de s\u00ed el esfuerzo de su consecuci\u00f3n y, en este caso, el desaf\u00edo que para nuestra actividad senderista comporta salvar un desnivel de 500 m., en poco m\u00e1s de 4 Km., hasta alcanzar nuestra cota\u00a0 programada: la mism\u00edsima cima del Urbi\u00f3n, a 2.228 m. de altitud. Un reto asequible y accesible, que, algo m\u00e1s de veinte voluntariosos compa\u00f1eros de \u201cSoria, paso a paso\u201d, asumimos con gusto y no menos disimulada ilusi\u00f3n.<\/p>\n<p>Son las 7,30 h. y ya nos encontramos en el lugar de concentraci\u00f3n habitual de la capital, para dirigirnos hacia nuestro punto de origen de la ruta. En este caso, en el t\u00e9rmino municipal de Covaleda, en el paraje conocido como llano de \u201cPa\u00fales altas\u201d, a poco menos de 60 Km.de la metr\u00f3poli. Pero antes de llegar, hemos acordado reagruparnos a la salida de Covaleda, tras tomar la desviaci\u00f3n de la carretera que conduce al territorio Urbi\u00f3n. \u00a0As\u00ed lo hacemos y, una vez nos encontramos en el punto convenido, reiniciamos la marcha por una carretera de monta\u00f1a, primorosamente asfaltada en sus comienzos, aunque pronto la dejaremos para tomar una pista forestal de tierra blanca hasta alcanzar el raso del llano se\u00f1alado.<\/p>\n<p><img loading=\"lazy\" decoding=\"async\" class=\"alignnone size-medium wp-image-13359\" src=\"http:\/\/soriapasoapaso.es\/wp-content\/uploads\/2023\/05\/20230527_085942-300x139.jpg\" alt=\"\" width=\"300\" height=\"139\" srcset=\"https:\/\/soriapasoapaso.es\/wp-content\/uploads\/2023\/05\/20230527_085942-300x139.jpg 300w, https:\/\/soriapasoapaso.es\/wp-content\/uploads\/2023\/05\/20230527_085942-1024x473.jpg 1024w, https:\/\/soriapasoapaso.es\/wp-content\/uploads\/2023\/05\/20230527_085942-768x355.jpg 768w, https:\/\/soriapasoapaso.es\/wp-content\/uploads\/2023\/05\/20230527_085942-1536x710.jpg 1536w, https:\/\/soriapasoapaso.es\/wp-content\/uploads\/2023\/05\/20230527_085942-2048x946.jpg 2048w\" sizes=\"auto, (max-width: 300px) 100vw, 300px\" \/> <img loading=\"lazy\" decoding=\"async\" class=\"alignnone size-medium wp-image-13360\" src=\"http:\/\/soriapasoapaso.es\/wp-content\/uploads\/2023\/05\/20230527_091016-300x139.jpg\" alt=\"\" width=\"300\" height=\"139\" srcset=\"https:\/\/soriapasoapaso.es\/wp-content\/uploads\/2023\/05\/20230527_091016-300x139.jpg 300w, https:\/\/soriapasoapaso.es\/wp-content\/uploads\/2023\/05\/20230527_091016-1024x473.jpg 1024w, https:\/\/soriapasoapaso.es\/wp-content\/uploads\/2023\/05\/20230527_091016-768x355.jpg 768w, https:\/\/soriapasoapaso.es\/wp-content\/uploads\/2023\/05\/20230527_091016-1536x710.jpg 1536w, https:\/\/soriapasoapaso.es\/wp-content\/uploads\/2023\/05\/20230527_091016-2048x946.jpg 2048w\" sizes=\"auto, (max-width: 300px) 100vw, 300px\" \/><\/p>\n<p>Aparcamos los coches donde la pista acaba e iniciamos el ritual de todo comienzo de ruta: ajuste de mochilas, estiramiento de bastones, comprobaci\u00f3n del\u00a0 equipamiento adecuado para la ocasi\u00f3n y, en este caso, la sensaci\u00f3n envolvente\u00a0 de respirar ese aire puro que\u00a0 transmite el ambiente pinariego. Son poco m\u00e1s de las 8,45. Parece que las previsiones meteorol\u00f3gicas nos ser\u00e1n favorables y con las energ\u00edas todav\u00eda intactas, iniciamos la marcha por la\u00a0 ladera, todav\u00eda `poco pronunciada, que nos\u00a0 conduce hacia \u00a0la cumbre del Urbi\u00f3n.<\/p>\n<p>El abigarrado y siempre atractivo pinar, testigo mudo de \u00a0nuestros pasos, se hace transparente a veces \u00a0con la presencia de claros en su territorio, que permiten la contemplaci\u00f3n de la cadena monta\u00f1osa\u00a0 eslabonada en altitudes desiguales hacia el sur-suroeste de nuestra provincia, as\u00ed como\u00a0 la visualizaci\u00f3n de las poblaciones pinariegas\u00a0 m\u00e1s cercanas a nuestra posici\u00f3n: Duruelo, Canicosa de la Sierra\u2026muestran n\u00edtidamente su perfil. Covaleda, se nos esconde tras el parapeto de sus rocas y pinos que bordean el paisaje.<\/p>\n<p><img loading=\"lazy\" decoding=\"async\" class=\"alignnone size-medium wp-image-13361\" src=\"http:\/\/soriapasoapaso.es\/wp-content\/uploads\/2023\/05\/20230527_100230-300x139.jpg\" alt=\"\" width=\"300\" height=\"139\" srcset=\"https:\/\/soriapasoapaso.es\/wp-content\/uploads\/2023\/05\/20230527_100230-300x139.jpg 300w, https:\/\/soriapasoapaso.es\/wp-content\/uploads\/2023\/05\/20230527_100230-1024x473.jpg 1024w, https:\/\/soriapasoapaso.es\/wp-content\/uploads\/2023\/05\/20230527_100230-768x355.jpg 768w, https:\/\/soriapasoapaso.es\/wp-content\/uploads\/2023\/05\/20230527_100230-1536x710.jpg 1536w, https:\/\/soriapasoapaso.es\/wp-content\/uploads\/2023\/05\/20230527_100230-2048x946.jpg 2048w\" sizes=\"auto, (max-width: 300px) 100vw, 300px\" \/> <img loading=\"lazy\" decoding=\"async\" class=\"alignnone size-medium wp-image-13362\" src=\"http:\/\/soriapasoapaso.es\/wp-content\/uploads\/2023\/05\/20230527_100237-300x139.jpg\" alt=\"\" width=\"300\" height=\"139\" srcset=\"https:\/\/soriapasoapaso.es\/wp-content\/uploads\/2023\/05\/20230527_100237-300x139.jpg 300w, https:\/\/soriapasoapaso.es\/wp-content\/uploads\/2023\/05\/20230527_100237-1024x473.jpg 1024w, https:\/\/soriapasoapaso.es\/wp-content\/uploads\/2023\/05\/20230527_100237-768x355.jpg 768w, https:\/\/soriapasoapaso.es\/wp-content\/uploads\/2023\/05\/20230527_100237-1536x710.jpg 1536w, https:\/\/soriapasoapaso.es\/wp-content\/uploads\/2023\/05\/20230527_100237-2048x946.jpg 2048w\" sizes=\"auto, (max-width: 300px) 100vw, 300px\" \/><\/p>\n<p>Seg\u00fan avanzamos parece que la niebla\u00a0 quiere ser nuestra compa\u00f1era (no deseada)\u00a0 de viaje, y aunque persistente a ratos, no va\u00a0 alterar nuestro prop\u00f3sito de disfrutar del encanto que emana de esta tierra. Ha llovido recientemente por estos pagos y el olor a hierba h\u00fameda y suelo mojado, parecen poner un toque de perfume vegetal en el ambiente.<\/p>\n<p>No hemos hecho todav\u00eda 1 Km. y encontramos una m\u00e1s que protegida fuente, conocida por su r\u00f3tulo como \u201cFuente la Canal\u201d. Se trata de un manantial que forma un humedal en su per\u00edmetro de surgencia, sin intervenci\u00f3n alguna para direccionarla, y vallada con est\u00e9tica propia del pinar, con el objetivo, suponemos, de protegerla, tanto \u00a0del acceso de animales que pudieran desvirtuar su pureza, como del riesgo para el visitante que transita por estos caminos. Y como dato anecd\u00f3tico, he de confesar que me sorprendi\u00f3 el nombre que mis paisanos le han dado a esta fuente, por cuanto bastante m\u00e1s alejado de donde nos encontramos existe tambi\u00e9n otra fuente con la misma\u00a0 denominaci\u00f3n, aunque en este caso s\u00ed est\u00e1 justificado el nombre, por cuanto el agua\u00a0 apenas surge del manantial\u00a0 se recoge \u00a0sobre el fino tronco acanalado de un pino, que da origen a su nombre, a la vez que permite su consumo con la m\u00e1xima facilidad. Huelga decir que es un agua absolutamente potable, ya que no hay elemento alguno contaminante en sus proximidades que pudiera alterar\u00a0 (por hoy) su pureza.<\/p>\n<p><img loading=\"lazy\" decoding=\"async\" class=\"alignnone size-medium wp-image-13363\" src=\"http:\/\/soriapasoapaso.es\/wp-content\/uploads\/2023\/05\/20230527_104142-300x139.jpg\" alt=\"\" width=\"300\" height=\"139\" srcset=\"https:\/\/soriapasoapaso.es\/wp-content\/uploads\/2023\/05\/20230527_104142-300x139.jpg 300w, https:\/\/soriapasoapaso.es\/wp-content\/uploads\/2023\/05\/20230527_104142-1024x473.jpg 1024w, https:\/\/soriapasoapaso.es\/wp-content\/uploads\/2023\/05\/20230527_104142-768x355.jpg 768w, https:\/\/soriapasoapaso.es\/wp-content\/uploads\/2023\/05\/20230527_104142-1536x710.jpg 1536w, https:\/\/soriapasoapaso.es\/wp-content\/uploads\/2023\/05\/20230527_104142-2048x946.jpg 2048w\" sizes=\"auto, (max-width: 300px) 100vw, 300px\" \/> <img loading=\"lazy\" decoding=\"async\" class=\"alignnone size-medium wp-image-13364\" src=\"http:\/\/soriapasoapaso.es\/wp-content\/uploads\/2023\/05\/20230527_104200-300x139.jpg\" alt=\"\" width=\"300\" height=\"139\" srcset=\"https:\/\/soriapasoapaso.es\/wp-content\/uploads\/2023\/05\/20230527_104200-300x139.jpg 300w, https:\/\/soriapasoapaso.es\/wp-content\/uploads\/2023\/05\/20230527_104200-1024x473.jpg 1024w, https:\/\/soriapasoapaso.es\/wp-content\/uploads\/2023\/05\/20230527_104200-768x355.jpg 768w, https:\/\/soriapasoapaso.es\/wp-content\/uploads\/2023\/05\/20230527_104200-1536x710.jpg 1536w, https:\/\/soriapasoapaso.es\/wp-content\/uploads\/2023\/05\/20230527_104200-2048x946.jpg 2048w\" sizes=\"auto, (max-width: 300px) 100vw, 300px\" \/><\/p>\n<p>Seguimos nuestro ascenso y, por momentos, esta inamistosa cortina de vapor que acaricia las altitudes y desciende hasta nuestras cabezas, se hace m\u00e1s presente. Pero ya hemos visto que es inconsistente y, por momentos, fugaz. As\u00ed que continuamos afianzando nuestros pasos por la ladera que nos gu\u00eda hacia paisajes, que, incluso con niebla, cobran el aspecto de misteriosa belleza.<\/p>\n<p>Y pronto llegamos a uno de estos rincones del parque del Urbi\u00f3n, que parecen extra\u00eddos de una imagen on\u00edrica. Se trata del paraje conocido como \u201cAmbas cuerdas\u201d. Ya lo hemos disfrutado en rutas anteriores, pero su presencia\u00a0 y el hecho de tenerlo de nuevo a nuestro alcance, parece recordarnos\u00a0 que estamos ante la presencia de una fascinante urbe megal\u00edtica, que en su laber\u00edntico trazado y en sus p\u00e9treos rascacielos\u00a0 que elevan su figura, se desenvuelve la vida de invisibles gnomos que mantienen vivo este sublime berrocal, a modo de guardianes de las esencias que estas alturas proporcionan a los humanos: pinos, rocas, cimas, fuentes\u2026, tesoros manifiestos que los gnomos no pueden ocultar, pero conforman una sinfon\u00eda de encantos naturales que la monta\u00f1a\u00a0 ha querido regalar a quienes amamos y disfrutamos de su espacio.<\/p>\n<p><img loading=\"lazy\" decoding=\"async\" class=\"alignnone size-medium wp-image-13365\" src=\"http:\/\/soriapasoapaso.es\/wp-content\/uploads\/2023\/05\/20230527_105835-300x139.jpg\" alt=\"\" width=\"300\" height=\"139\" srcset=\"https:\/\/soriapasoapaso.es\/wp-content\/uploads\/2023\/05\/20230527_105835-300x139.jpg 300w, https:\/\/soriapasoapaso.es\/wp-content\/uploads\/2023\/05\/20230527_105835-1024x473.jpg 1024w, https:\/\/soriapasoapaso.es\/wp-content\/uploads\/2023\/05\/20230527_105835-768x355.jpg 768w, https:\/\/soriapasoapaso.es\/wp-content\/uploads\/2023\/05\/20230527_105835-1536x710.jpg 1536w, https:\/\/soriapasoapaso.es\/wp-content\/uploads\/2023\/05\/20230527_105835-2048x946.jpg 2048w\" sizes=\"auto, (max-width: 300px) 100vw, 300px\" \/> <img loading=\"lazy\" decoding=\"async\" class=\"alignnone size-medium wp-image-13366\" src=\"http:\/\/soriapasoapaso.es\/wp-content\/uploads\/2023\/05\/20230527_110922-300x139.jpg\" alt=\"\" width=\"300\" height=\"139\" srcset=\"https:\/\/soriapasoapaso.es\/wp-content\/uploads\/2023\/05\/20230527_110922-300x139.jpg 300w, https:\/\/soriapasoapaso.es\/wp-content\/uploads\/2023\/05\/20230527_110922-1024x473.jpg 1024w, https:\/\/soriapasoapaso.es\/wp-content\/uploads\/2023\/05\/20230527_110922-768x355.jpg 768w, https:\/\/soriapasoapaso.es\/wp-content\/uploads\/2023\/05\/20230527_110922-1536x710.jpg 1536w, https:\/\/soriapasoapaso.es\/wp-content\/uploads\/2023\/05\/20230527_110922-2048x946.jpg 2048w\" sizes=\"auto, (max-width: 300px) 100vw, 300px\" \/><\/p>\n<p>Atr\u00e1s dejamos \u201cAmbas cuerdas\u201d y nos vamos acercando a nuestra meta: conquistar la cima del Urbi\u00f3n. Pero todav\u00eda nos queda un trecho. Ahora nos adentramos en un terreno que alcanza lo casi 2.000 metros, escarpado y erizado de piedras ancladas en el suelo y, por momentos, de una vegetaci\u00f3n\u00a0 herb\u00e1cea (ya no crecen los pinos a esta altitud), que desaf\u00eda al terreno, la altura y el clima, pero que, compite por generar vida en\u00a0 las m\u00e1s que dif\u00edciles condiciones naturales. Estamos atravesando el paraje conocido como \u201cEl Ras\u00f3n\u201d y que, como su nombre indica, es un raso en la ladera \u00a0sur-occidental que da acceso a la cima de este parque natural. La niebla\u00a0 se ha hecho m\u00e1s intensa y nos impide una visi\u00f3n n\u00edtida de la cumbre que ser\u00e1 el punto deseado de nuestra ruta de hoy. No obstante, a nuestra izquierda, podemos divisar con claridad la senda que conduce hasta la falda del Urbi\u00f3n, que tiene su arranque en el vecino pueblo de Duruelo. Ya\u00a0 la hemos transitado en otras \u00a0marchas, tanto ascendentes, como descendentes, que hemos hecho por estos parajes.<\/p>\n<p><img loading=\"lazy\" decoding=\"async\" class=\"alignnone size-medium wp-image-13367\" src=\"http:\/\/soriapasoapaso.es\/wp-content\/uploads\/2023\/05\/20230527_111256-300x139.jpg\" alt=\"\" width=\"300\" height=\"139\" srcset=\"https:\/\/soriapasoapaso.es\/wp-content\/uploads\/2023\/05\/20230527_111256-300x139.jpg 300w, https:\/\/soriapasoapaso.es\/wp-content\/uploads\/2023\/05\/20230527_111256-1024x473.jpg 1024w, https:\/\/soriapasoapaso.es\/wp-content\/uploads\/2023\/05\/20230527_111256-768x355.jpg 768w, https:\/\/soriapasoapaso.es\/wp-content\/uploads\/2023\/05\/20230527_111256-1536x710.jpg 1536w, https:\/\/soriapasoapaso.es\/wp-content\/uploads\/2023\/05\/20230527_111256-2048x946.jpg 2048w\" sizes=\"auto, (max-width: 300px) 100vw, 300px\" \/> <img loading=\"lazy\" decoding=\"async\" class=\"alignnone size-medium wp-image-13368\" src=\"http:\/\/soriapasoapaso.es\/wp-content\/uploads\/2023\/05\/20230527_111701-300x139.jpg\" alt=\"\" width=\"300\" height=\"139\" srcset=\"https:\/\/soriapasoapaso.es\/wp-content\/uploads\/2023\/05\/20230527_111701-300x139.jpg 300w, https:\/\/soriapasoapaso.es\/wp-content\/uploads\/2023\/05\/20230527_111701-1024x473.jpg 1024w, https:\/\/soriapasoapaso.es\/wp-content\/uploads\/2023\/05\/20230527_111701-768x355.jpg 768w, https:\/\/soriapasoapaso.es\/wp-content\/uploads\/2023\/05\/20230527_111701-1536x710.jpg 1536w, https:\/\/soriapasoapaso.es\/wp-content\/uploads\/2023\/05\/20230527_111701-2048x946.jpg 2048w\" sizes=\"auto, (max-width: 300px) 100vw, 300px\" \/><\/p>\n<p>Y mientras caminamos entre niebla, conversaciones e innegables ganas de reponer pronto energ\u00edas,\u00a0 hemos llegado hasta el camino que enlaza con la subida que tiene su origen en el paraje de \u201cEl Muchach\u00f3n\u201d, en el t\u00e9rmino de Covaleda. Estamos ya muy cerca de la falda del Urbi\u00f3n, y, en concreto, en la antesala de la cima que los covaledenses llamamos el \u201cBalc\u00f3n de Pilatos\u201d (no me pregunt\u00e9is el motivo de esta apelaci\u00f3n a semejante personaje b\u00edblico). All\u00ed hay instalada una cruz de hierro, esculpida por un herrero de Covaleda, de nombre Justo, que subimos a hombros algunos nativos del pueblo\u00a0 hace ya algunos a\u00f1os desde \u201cEl Muchach\u00f3n, as\u00ed como un rudimentario altar de piedra, hecho para celebrar una misa de campa\u00f1a, como recordatorio y actualizaci\u00f3n\u00a0 de una romer\u00eda que se celebraba en la segunda quincena de Agosto, all\u00e1 por los a\u00f1os 30-40, entre los vecinos de Covaleda.<\/p>\n<p>Y aqu\u00ed, junto a la mole p\u00e9trea que conforma el arco natural\u00a0 abierto entre dos paisajes, acomodadas las espaldas para disfrutar del deseado y merecido bocadillo que \u00a0restaure las energ\u00edas gastadas, consumimos con fruici\u00f3n y deleite el tesoro de nuestras mochilas envuelto en papel albar, acompa\u00f1ado de la bota que riega las gargantas o los delicatesen, en forma de barritas de chocolate, que otros compa\u00f1eros reparten para completar la dieta \u00a0del senderista esforzado.<\/p>\n<p><img loading=\"lazy\" decoding=\"async\" class=\"alignnone size-medium wp-image-13369\" src=\"http:\/\/soriapasoapaso.es\/wp-content\/uploads\/2023\/05\/20230527_112255-300x139.jpg\" alt=\"\" width=\"300\" height=\"139\" srcset=\"https:\/\/soriapasoapaso.es\/wp-content\/uploads\/2023\/05\/20230527_112255-300x139.jpg 300w, https:\/\/soriapasoapaso.es\/wp-content\/uploads\/2023\/05\/20230527_112255-1024x473.jpg 1024w, https:\/\/soriapasoapaso.es\/wp-content\/uploads\/2023\/05\/20230527_112255-768x355.jpg 768w, https:\/\/soriapasoapaso.es\/wp-content\/uploads\/2023\/05\/20230527_112255-1536x710.jpg 1536w, https:\/\/soriapasoapaso.es\/wp-content\/uploads\/2023\/05\/20230527_112255-2048x946.jpg 2048w\" sizes=\"auto, (max-width: 300px) 100vw, 300px\" \/> <img loading=\"lazy\" decoding=\"async\" class=\"alignnone size-medium wp-image-13370\" src=\"http:\/\/soriapasoapaso.es\/wp-content\/uploads\/2023\/05\/20230527_112518-300x139.jpg\" alt=\"\" width=\"300\" height=\"139\" srcset=\"https:\/\/soriapasoapaso.es\/wp-content\/uploads\/2023\/05\/20230527_112518-300x139.jpg 300w, https:\/\/soriapasoapaso.es\/wp-content\/uploads\/2023\/05\/20230527_112518-1024x473.jpg 1024w, https:\/\/soriapasoapaso.es\/wp-content\/uploads\/2023\/05\/20230527_112518-768x355.jpg 768w, https:\/\/soriapasoapaso.es\/wp-content\/uploads\/2023\/05\/20230527_112518-1536x710.jpg 1536w, https:\/\/soriapasoapaso.es\/wp-content\/uploads\/2023\/05\/20230527_112518-2048x946.jpg 2048w\" sizes=\"auto, (max-width: 300px) 100vw, 300px\" \/><\/p>\n<p>Pero queda el \u00faltimo reto: ascender hasta la mism\u00edsima cumbre del Urbi\u00f3n. Desde donde nos encontramos, apenas nos separan 200 m. de distancia. La\u00a0 subida\u00a0 no es de m\u00e1xima dificultad, pero requiere un m\u00ednimo de confianza \u00a0para salvar ciertas carencias o sensaciones negativas. Casi todos optamos por elevarnos a lo m\u00e1s alto de la cumbre, uno de los techos de la provincia de Soria, (solo superado en unos metros por el\u00a0 no menos emblem\u00e1tico Moncayo). Y en pocos minutos, hemos conseguido nuestro prop\u00f3sito: pisar lo m\u00e1s alto del Urbi\u00f3n, nombre de ra\u00edz vascuence que significa \u201cdos aguas buenas\u201d, haciendo alusi\u00f3n a los dos r\u00edos que nacen en su proximidad: el Urbi\u00f3n, en la vertiente norte riojana y el Duero, en la vertiente sur, t\u00e9rmino municipal de Duruelo de la Sierra. Alguien del grupo ha llevado una cinta de color azul, con el nombre del club, que dejamos primorosamente anudada sobre la cruz de hierro que remata la cima, como testimonio de nuestro paso por estos picos. Y como no pod\u00eda ser de otra manera, no faltan las fotos en la m\u00e1xima altitud con poses, gestos y expresiones\u00a0 que reflejan el semblante de satisfacci\u00f3n de quien ha conseguido una meta deseada.\u00a0 La niebla, felizmente, ha desistido de acompa\u00f1arnos y su ausencia nos deja contemplar el imponente paisaje que de norte a sur y de este a oeste nos muestra generosamente esta privilegiada elevaci\u00f3n del sistema ib\u00e9rico. El magnetismo de la monta\u00f1a nos atrapa y parece sujetarnos en el reducido y angosto espacio de la cima, hendido entre estrechas aberturas que conforman esta p\u00e9trea superficie. Pero hemos de continuar nuestro camino y disfrutar de otros ambientes rodeados de encanto, historia, poes\u00eda\u2026<\/p>\n<p>Hacemos el descenso por la cara occidental con la finalidad de encontrarnos con otro enclave sublime, admirado y\u00a0 presente en nuestro paisaje por doquier: una diminuta cuevecilla a ras de suelo, un peque\u00f1o charco formando un diminuto humedal \u00a0y un chorrito de agua que salta en el primer desnivel que encuentra\u2026. \u00a1Estamos ante el nacimiento del r\u00edo Duero! Peque\u00f1o, insignificante, casi<\/p>\n<p><img loading=\"lazy\" decoding=\"async\" class=\"alignnone size-medium wp-image-13371\" src=\"http:\/\/soriapasoapaso.es\/wp-content\/uploads\/2023\/05\/20230527_121257-300x139.jpg\" alt=\"\" width=\"300\" height=\"139\" srcset=\"https:\/\/soriapasoapaso.es\/wp-content\/uploads\/2023\/05\/20230527_121257-300x139.jpg 300w, https:\/\/soriapasoapaso.es\/wp-content\/uploads\/2023\/05\/20230527_121257-1024x473.jpg 1024w, https:\/\/soriapasoapaso.es\/wp-content\/uploads\/2023\/05\/20230527_121257-768x355.jpg 768w, https:\/\/soriapasoapaso.es\/wp-content\/uploads\/2023\/05\/20230527_121257-1536x710.jpg 1536w, https:\/\/soriapasoapaso.es\/wp-content\/uploads\/2023\/05\/20230527_121257-2048x946.jpg 2048w\" sizes=\"auto, (max-width: 300px) 100vw, 300px\" \/> <img loading=\"lazy\" decoding=\"async\" class=\"alignnone size-medium wp-image-13372\" src=\"http:\/\/soriapasoapaso.es\/wp-content\/uploads\/2023\/05\/20230527_121330-300x139.jpg\" alt=\"\" width=\"300\" height=\"139\" srcset=\"https:\/\/soriapasoapaso.es\/wp-content\/uploads\/2023\/05\/20230527_121330-300x139.jpg 300w, https:\/\/soriapasoapaso.es\/wp-content\/uploads\/2023\/05\/20230527_121330-1024x473.jpg 1024w, https:\/\/soriapasoapaso.es\/wp-content\/uploads\/2023\/05\/20230527_121330-768x355.jpg 768w, https:\/\/soriapasoapaso.es\/wp-content\/uploads\/2023\/05\/20230527_121330-1536x710.jpg 1536w, https:\/\/soriapasoapaso.es\/wp-content\/uploads\/2023\/05\/20230527_121330-2048x946.jpg 2048w\" sizes=\"auto, (max-width: 300px) 100vw, 300px\" \/><\/p>\n<p>desapercibido, si no fuera por los carteles informativos que informan del nacimiento de un r\u00edo que riega toda una regi\u00f3n, le da riqueza, presta sus aguas para actividades recreativas, conforma impresionantes paisajes cuando discurre entre rocosos ca\u00f1ones que parecen protegerle y permite que, en los \u00faltimos tramos de su curso, surquen sus aguas embarcaciones para\u00a0 admirar de cerca y sobre su propio lecho la belleza de su caudal. Y all\u00ed, esculpidos sobre una placa firmemente clavada en una de las piedras que rodean el lugar, podemos leer el lamento po\u00e9tico que Gerardo Diego dedic\u00f3 a este r\u00edo naciente porque nadie baja a acompa\u00f1arle o a detenerse a o\u00edr el susurro de su bella cadencia natural. Pero lo que el poeta no imagin\u00f3 cuando escribi\u00f3 los primeros versos de este \u201cRomance del Duero\u201d (1922), es que si no tiene quien le acompa\u00f1e en su bajada, s\u00ed son muchas las \u00a0personas \u00a0que suben a admirar la belleza sencilla, austera, humilde de uno de los r\u00edos que, en su discurrir natural, prolongar\u00e1 su permanencia en el tiempo a lo largo de 897 Km. de recorrido, hasta entregar sus aguas al Oc\u00e9ano Atl\u00e1ntico. No pod\u00edamos perder la ocasi\u00f3n de admirar, una vez m\u00e1s, el origen, casi a escondidas, de este r\u00edo, nuestro Duero, tan presente en nuestra tierra y en nuestras vidas. Y, c\u00f3mo no: \u00a1qu\u00e9 mejor lugar que este emblem\u00e1tico rinc\u00f3n para la foto grupal! Y ah\u00ed tenemos a nuestro entusiasta Ricardo, c\u00e1mara en ristre, para inmortalizar nuestra presencia\u00a0 junto al nacimiento de un beb\u00e9 \u2013r\u00edo,\u00a0 al que acompa\u00f1aremos en otros lugares de su curso.<\/p>\n<p>Ya estamos\u00a0 en el camino de vuelta. El sendero descendente se hace amable, mientras nos vamos adentrando en la masa forestal, una vez hemos dejado atr\u00e1s las m\u00e1ximas alturas que nos han permitido disfrutar\u00a0 del cercano y\u00a0 m\u00e1s alejado horizonte desde estas cumbres.<\/p>\n<p><img loading=\"lazy\" decoding=\"async\" class=\"alignnone size-medium wp-image-13373\" src=\"http:\/\/soriapasoapaso.es\/wp-content\/uploads\/2023\/05\/20230527_122644-300x139.jpg\" alt=\"\" width=\"300\" height=\"139\" srcset=\"https:\/\/soriapasoapaso.es\/wp-content\/uploads\/2023\/05\/20230527_122644-300x139.jpg 300w, https:\/\/soriapasoapaso.es\/wp-content\/uploads\/2023\/05\/20230527_122644-1024x473.jpg 1024w, https:\/\/soriapasoapaso.es\/wp-content\/uploads\/2023\/05\/20230527_122644-768x355.jpg 768w, https:\/\/soriapasoapaso.es\/wp-content\/uploads\/2023\/05\/20230527_122644-1536x710.jpg 1536w, https:\/\/soriapasoapaso.es\/wp-content\/uploads\/2023\/05\/20230527_122644-2048x946.jpg 2048w\" sizes=\"auto, (max-width: 300px) 100vw, 300px\" \/> <img loading=\"lazy\" decoding=\"async\" class=\"alignnone size-medium wp-image-13374\" src=\"http:\/\/soriapasoapaso.es\/wp-content\/uploads\/2023\/05\/20230527_122802-300x139.jpg\" alt=\"\" width=\"300\" height=\"139\" srcset=\"https:\/\/soriapasoapaso.es\/wp-content\/uploads\/2023\/05\/20230527_122802-300x139.jpg 300w, https:\/\/soriapasoapaso.es\/wp-content\/uploads\/2023\/05\/20230527_122802-1024x473.jpg 1024w, https:\/\/soriapasoapaso.es\/wp-content\/uploads\/2023\/05\/20230527_122802-768x355.jpg 768w, https:\/\/soriapasoapaso.es\/wp-content\/uploads\/2023\/05\/20230527_122802-1536x710.jpg 1536w, https:\/\/soriapasoapaso.es\/wp-content\/uploads\/2023\/05\/20230527_122802-2048x946.jpg 2048w\" sizes=\"auto, (max-width: 300px) 100vw, 300px\" \/><\/p>\n<p>Y pronto enfilamos por una marcada senda, n\u00edtidamente se\u00f1alada en la corteza de los pinos con los colores de un PR, y secundada por la continua presencia de hitos que afianzan la exacta direcci\u00f3n de la ruta. Se conoce como la senda de \u201cLos Llanos\u201d. Es otro camino diferente al que hemos tra\u00eddo en la subida. Y como todo trayecto pinariego no est\u00e1 exento de agradables sorpresas paisaj\u00edsticas o naturales. En este caso, nos encontramos, en un claro entre pinos, con una peque\u00f1a concentraci\u00f3n de agua, de escasa profundidad, conocida como\u00a0 \u201cLaguna de la Culebra\u201d. No tiene las dimensiones o belleza de otras lagunas hermanas situadas no muy lejos de aqu\u00ed, como la Laguna Larga o Helada, pero lo humilde se\u00a0 hace hermoso precisamente en su sencillez y en la mirada de\u00a0 los peque\u00f1os encantos que la naturaleza ofrece a quien sabe disfrutar de los mismos. La laguna presenta las orillas cubiertas de piedras, que parecen desprendidas de un canchal no muy lejos del lugar.<\/p>\n<p>No es el \u00fanico rinc\u00f3n de inter\u00e9s de nuestro camino, ya que mientras avanzamos podemos observar con innegable sorpresa la presencia de alg\u00fan ejemplar de pino albar, cuyas gruesas ramas se han desarrollado en una misma direcci\u00f3n, aparentando la correcci\u00f3n intencionada\u00a0 de quien ha querido hacerlo diferente de sus\u00a0 cong\u00e9neres . Tal vez, la explicaci\u00f3n m\u00e1s sencilla es que el viento, la orientaci\u00f3n, las lluvias y las corrientes de aire dominantes han hecho que este ejemplar, en un espacio relativamente \u00a0aislado del resto, \u00a0presente una morfolog\u00eda diferenciada.<\/p>\n<p><img loading=\"lazy\" decoding=\"async\" class=\"alignnone size-medium wp-image-13375\" src=\"http:\/\/soriapasoapaso.es\/wp-content\/uploads\/2023\/05\/20230527_123610-300x139.jpg\" alt=\"\" width=\"300\" height=\"139\" srcset=\"https:\/\/soriapasoapaso.es\/wp-content\/uploads\/2023\/05\/20230527_123610-300x139.jpg 300w, https:\/\/soriapasoapaso.es\/wp-content\/uploads\/2023\/05\/20230527_123610-1024x473.jpg 1024w, https:\/\/soriapasoapaso.es\/wp-content\/uploads\/2023\/05\/20230527_123610-768x355.jpg 768w, https:\/\/soriapasoapaso.es\/wp-content\/uploads\/2023\/05\/20230527_123610-1536x710.jpg 1536w, https:\/\/soriapasoapaso.es\/wp-content\/uploads\/2023\/05\/20230527_123610-2048x946.jpg 2048w\" sizes=\"auto, (max-width: 300px) 100vw, 300px\" \/> <img loading=\"lazy\" decoding=\"async\" class=\"alignnone size-medium wp-image-13376\" src=\"http:\/\/soriapasoapaso.es\/wp-content\/uploads\/2023\/05\/20230527_124109-300x139.jpg\" alt=\"\" width=\"300\" height=\"139\" srcset=\"https:\/\/soriapasoapaso.es\/wp-content\/uploads\/2023\/05\/20230527_124109-300x139.jpg 300w, https:\/\/soriapasoapaso.es\/wp-content\/uploads\/2023\/05\/20230527_124109-1024x473.jpg 1024w, https:\/\/soriapasoapaso.es\/wp-content\/uploads\/2023\/05\/20230527_124109-768x355.jpg 768w, https:\/\/soriapasoapaso.es\/wp-content\/uploads\/2023\/05\/20230527_124109-1536x710.jpg 1536w, https:\/\/soriapasoapaso.es\/wp-content\/uploads\/2023\/05\/20230527_124109-2048x946.jpg 2048w\" sizes=\"auto, (max-width: 300px) 100vw, 300px\" \/><\/p>\n<p>Apenas un par de km. y volveremos a encontrarnos en el lugar de partida. Sin sorpresas, hemos llegado al aparcamiento de los veh\u00edculos. Ahora ya solo toca elegir el lugar donde tomar la cerveza o el vinito post ruta. Y decidimos que, como en otras ocasiones que hemos andado por estas tierras,\u00a0 sea en la gasolinera de Abejar. Y hacia all\u00ed enfilamos, con la sensaci\u00f3n de haber cubierto otra jornada colmada de deseos cumplidos.<\/p>\n<p>Y ah\u00ed, en la gasolinera de Abejar, hacemos nuestra \u00faltima y ritual parada que celebra el fin de otra ruta intensa, gratificante y plet\u00f3rica de satisfacciones compartidas.<\/p>\n<p>&nbsp;<\/p>\n<p><strong>Agnelo Yubero \u00a0\u00a0\u00a0\u00a0<\/strong><\/p>\n<p>&nbsp;<\/p>\n<p>&nbsp;<\/p>\n<p>&nbsp;<\/p>\n<p>&nbsp;<\/p>\n<p>&nbsp;<\/p>\n<p>&nbsp;<\/p>\n<p>&nbsp;<\/p>\n<p>&nbsp;<\/p>\n<p>&nbsp;<\/p>\n<p>&nbsp;<\/p>\n<p>&nbsp;<\/p>\n<p>&nbsp;<\/p>\n<p>&nbsp;<\/p>\n<p>&nbsp;<\/p>\n<p>&nbsp;<\/p>\n<p>&nbsp;<\/p>\n<p>&nbsp;<\/p>\n<p>&nbsp;<\/p>\n<p>&nbsp;<\/p>\n<p>&nbsp;<\/p>\n<p>&nbsp;<\/p>\n<p>&nbsp;<\/p>\n<p>&nbsp;<\/p>\n","protected":false},"excerpt":{"rendered":"<p>&nbsp; \u00a0 \u00a0\u00a0\u00a0\u00a0\u00a0\u00a0\u00a0\u00a0\u00a0\u00a0\u00a0\u00a0\u00a0\u00a0\u00a0\u00a0\u00a0\u00a0\u00a0\u00a0\u00a0\u00a0\u00a0\u00a0\u00a0\u00a0\u00a0\u00a0\u00a0\u00a0\u00a0\u00a0\u00a0\u00a0\u00a0\u00a0\u00a0\u00a0\u00a0\u00a0\u00a0\u00a0\u00a0\u00a0\u00a0\u00a0\u00a0\u00a0\u00a0\u00a0\u00a0\u00a0\u00a0\u00a0\u00a0\u00a0\u00a0\u00a0 SORIA, 27 Mayo 2023 &nbsp; Hemos regresado de nuevo a \u00a0tierra de pinares. La ruta del s\u00e1bado pasado fue por el t\u00e9rmino del tur\u00edstico pueblo de Navaleno, donde, adem\u00e1s de la belleza de su variado pinar, pudimos conocer la conservaci\u00f3n, explotaci\u00f3n y sostenibilidad de la masa arb\u00f3rea <\/p>\n<p><a class=\"read-more\" href=\"https:\/\/soriapasoapaso.es\/?p=13356\">Read More<\/a><\/p>\n","protected":false},"author":1,"featured_media":13377,"comment_status":"open","ping_status":"open","sticky":false,"template":"","format":"standard","meta":{"footnotes":""},"categories":[21],"tags":[],"class_list":["post-13356","post","type-post","status-publish","format-standard","has-post-thumbnail","hentry","category-rutas"],"_links":{"self":[{"href":"https:\/\/soriapasoapaso.es\/index.php?rest_route=\/wp\/v2\/posts\/13356","targetHints":{"allow":["GET"]}}],"collection":[{"href":"https:\/\/soriapasoapaso.es\/index.php?rest_route=\/wp\/v2\/posts"}],"about":[{"href":"https:\/\/soriapasoapaso.es\/index.php?rest_route=\/wp\/v2\/types\/post"}],"author":[{"embeddable":true,"href":"https:\/\/soriapasoapaso.es\/index.php?rest_route=\/wp\/v2\/users\/1"}],"replies":[{"embeddable":true,"href":"https:\/\/soriapasoapaso.es\/index.php?rest_route=%2Fwp%2Fv2%2Fcomments&post=13356"}],"version-history":[{"count":1,"href":"https:\/\/soriapasoapaso.es\/index.php?rest_route=\/wp\/v2\/posts\/13356\/revisions"}],"predecessor-version":[{"id":13378,"href":"https:\/\/soriapasoapaso.es\/index.php?rest_route=\/wp\/v2\/posts\/13356\/revisions\/13378"}],"wp:featuredmedia":[{"embeddable":true,"href":"https:\/\/soriapasoapaso.es\/index.php?rest_route=\/wp\/v2\/media\/13377"}],"wp:attachment":[{"href":"https:\/\/soriapasoapaso.es\/index.php?rest_route=%2Fwp%2Fv2%2Fmedia&parent=13356"}],"wp:term":[{"taxonomy":"category","embeddable":true,"href":"https:\/\/soriapasoapaso.es\/index.php?rest_route=%2Fwp%2Fv2%2Fcategories&post=13356"},{"taxonomy":"post_tag","embeddable":true,"href":"https:\/\/soriapasoapaso.es\/index.php?rest_route=%2Fwp%2Fv2%2Ftags&post=13356"}],"curies":[{"name":"wp","href":"https:\/\/api.w.org\/{rel}","templated":true}]}}