{"id":10966,"date":"2022-10-25T17:51:40","date_gmt":"2022-10-25T15:51:40","guid":{"rendered":"http:\/\/soriapasoapaso.es\/?p=10966"},"modified":"2022-10-25T17:51:40","modified_gmt":"2022-10-25T15:51:40","slug":"aventura-por-san-roman-de-cameros-22-de-octubre-de-2022","status":"publish","type":"post","link":"https:\/\/soriapasoapaso.es\/?p=10966","title":{"rendered":"Aventura por San Rom\u00e1n de Cameros. 22 de Octubre de 2022."},"content":{"rendered":"<p>&nbsp;<\/p>\n<p>&nbsp;<\/p>\n<p>Hoy nuestras botas pasopaseras dan un gran salto desde el puerto de Piqueras hasta el \u201cCollado de Sancho Leza\u201d desde donde comenzamos la bajada al valle del R\u00edo Leza. Como ya nos imagin\u00e1bamos la LR 250 es angosta y curvil\u00ednea y nos va introduciendo en la serran\u00eda del Camero viejo hacia nuestro inicio de ruta que es uno de los pueblos m\u00e1s importantes de esta comarca cuyo nombre es San Rom\u00e1n de Cameros, ya que, entre otros servicios, cuenta con un Centro M\u00e9dico Comarcal. Ya circulando por el valle vamos cruzando peque\u00f1as localidades como Laguna de Cameros, Cabez\u00f3n de Cameros y Jal\u00f3n de Cameros y nos damos cuenta de que el ganado campa a sus anchas por estas carreteras poco transitadas.<\/p>\n<p><img loading=\"lazy\" decoding=\"async\" class=\"alignnone size-medium wp-image-10967\" src=\"http:\/\/soriapasoapaso.es\/wp-content\/uploads\/2022\/10\/20221015_094013-300x139.jpg\" alt=\"\" width=\"300\" height=\"139\" srcset=\"https:\/\/soriapasoapaso.es\/wp-content\/uploads\/2022\/10\/20221015_094013-300x139.jpg 300w, https:\/\/soriapasoapaso.es\/wp-content\/uploads\/2022\/10\/20221015_094013-1024x473.jpg 1024w, https:\/\/soriapasoapaso.es\/wp-content\/uploads\/2022\/10\/20221015_094013-768x355.jpg 768w, https:\/\/soriapasoapaso.es\/wp-content\/uploads\/2022\/10\/20221015_094013-1536x710.jpg 1536w, https:\/\/soriapasoapaso.es\/wp-content\/uploads\/2022\/10\/20221015_094013-2048x946.jpg 2048w\" sizes=\"auto, (max-width: 300px) 100vw, 300px\" \/> <img loading=\"lazy\" decoding=\"async\" class=\"alignnone size-medium wp-image-10968\" src=\"http:\/\/soriapasoapaso.es\/wp-content\/uploads\/2022\/10\/20221015_095947-300x139.jpg\" alt=\"\" width=\"300\" height=\"139\" srcset=\"https:\/\/soriapasoapaso.es\/wp-content\/uploads\/2022\/10\/20221015_095947-300x139.jpg 300w, https:\/\/soriapasoapaso.es\/wp-content\/uploads\/2022\/10\/20221015_095947-1024x473.jpg 1024w, https:\/\/soriapasoapaso.es\/wp-content\/uploads\/2022\/10\/20221015_095947-768x355.jpg 768w, https:\/\/soriapasoapaso.es\/wp-content\/uploads\/2022\/10\/20221015_095947-1536x710.jpg 1536w, https:\/\/soriapasoapaso.es\/wp-content\/uploads\/2022\/10\/20221015_095947-2048x946.jpg 2048w\" sizes=\"auto, (max-width: 300px) 100vw, 300px\" \/><\/p>\n<p>San Rom\u00e1n nos sorprende: Como buen pueblo de monta\u00f1a tiene una c\u00faspide que es la torre de la iglesia de \u201cLa Asunci\u00f3n\u201d. A partir de aqu\u00ed una vistosa falda hecha de calles escalonadas, desciende por una pronunciada pendiente y ya, al primer vistazo, nos llama la atenci\u00f3n la arquitectura t\u00edpica camerana, que se caracteriza por grandes casas con tres o cuatro pisos coronados por las solanas cuya funci\u00f3n era la conservaci\u00f3n y secado de diferentes tipos de alimentos de la huerta, tales como pimientos, ciruelas o nueces.<\/p>\n<p>Por lo pronto nos tomamos un riqu\u00edsimo caf\u00e9 en el centro social del pueblo que ya est\u00e1 abierto y con clientela y aqu\u00ed Esther y Maribel encuentran un acogedor rinc\u00f3n para leer un rato.<\/p>\n<p><img loading=\"lazy\" decoding=\"async\" class=\"alignnone size-medium wp-image-10969\" src=\"http:\/\/soriapasoapaso.es\/wp-content\/uploads\/2022\/10\/IMG_20221015_092130-300x225.jpg\" alt=\"\" width=\"300\" height=\"225\" srcset=\"https:\/\/soriapasoapaso.es\/wp-content\/uploads\/2022\/10\/IMG_20221015_092130-300x225.jpg 300w, https:\/\/soriapasoapaso.es\/wp-content\/uploads\/2022\/10\/IMG_20221015_092130-1024x768.jpg 1024w, https:\/\/soriapasoapaso.es\/wp-content\/uploads\/2022\/10\/IMG_20221015_092130-768x576.jpg 768w, https:\/\/soriapasoapaso.es\/wp-content\/uploads\/2022\/10\/IMG_20221015_092130-1536x1152.jpg 1536w, https:\/\/soriapasoapaso.es\/wp-content\/uploads\/2022\/10\/IMG_20221015_092130-2048x1536.jpg 2048w\" sizes=\"auto, (max-width: 300px) 100vw, 300px\" \/> <img loading=\"lazy\" decoding=\"async\" class=\"alignnone size-medium wp-image-10970\" src=\"http:\/\/soriapasoapaso.es\/wp-content\/uploads\/2022\/10\/IMG_20221015_095346-300x225.jpg\" alt=\"\" width=\"300\" height=\"225\" srcset=\"https:\/\/soriapasoapaso.es\/wp-content\/uploads\/2022\/10\/IMG_20221015_095346-300x225.jpg 300w, https:\/\/soriapasoapaso.es\/wp-content\/uploads\/2022\/10\/IMG_20221015_095346-1024x768.jpg 1024w, https:\/\/soriapasoapaso.es\/wp-content\/uploads\/2022\/10\/IMG_20221015_095346-768x576.jpg 768w, https:\/\/soriapasoapaso.es\/wp-content\/uploads\/2022\/10\/IMG_20221015_095346-1536x1152.jpg 1536w, https:\/\/soriapasoapaso.es\/wp-content\/uploads\/2022\/10\/IMG_20221015_095346-2048x1536.jpg 2048w\" sizes=\"auto, (max-width: 300px) 100vw, 300px\" \/><\/p>\n<p>Guiados por nuestro compa\u00f1ero Jes\u00fas que es natural de aqu\u00ed, iniciamos la ruta subiendo por el pueblo y pisando calles empedradas, pero no de forma aleatoria si no haciendo formas y dibujos, parecen mosaicos.<\/p>\n<p>Vemos murales adornando calles y callejones y el monumento al emigrante con el que se quiere rendir homenaje a las personas que se fueron a Am\u00e9rica, pero no se olvidaron de su tierra y la favorecieron en muchos aspectos, como fue el caso de los hermanos Diego y Sim\u00f3n de Agreda, que fueron mecenas de la escuela de S. Rom\u00e1n y que proclamaron ya en el siglo XVIII que la escuela es un lugar de aprendizaje, de descubrimiento y de libertad. \u00a0La plaza dedicada a D. Sim\u00f3n de Agreda es el antiguo patio de la escuela, que hoy es un lugar destacado en el pueblo, con la estatua del homenajeado y con otro mural que representa uno de los medios de vida de la zona que es el ganado. Esta persona notable, nos cuenta Jes\u00fas, fundo \u00a0\u00a0esta escuela GRATUITA en 1789 y fue naviero, economista, escritor y pol\u00edtico.<\/p>\n<p><img loading=\"lazy\" decoding=\"async\" class=\"alignnone size-medium wp-image-10971\" src=\"http:\/\/soriapasoapaso.es\/wp-content\/uploads\/2022\/10\/20221015_105338-300x139.jpg\" alt=\"\" width=\"300\" height=\"139\" srcset=\"https:\/\/soriapasoapaso.es\/wp-content\/uploads\/2022\/10\/20221015_105338-300x139.jpg 300w, https:\/\/soriapasoapaso.es\/wp-content\/uploads\/2022\/10\/20221015_105338-1024x473.jpg 1024w, https:\/\/soriapasoapaso.es\/wp-content\/uploads\/2022\/10\/20221015_105338-768x355.jpg 768w, https:\/\/soriapasoapaso.es\/wp-content\/uploads\/2022\/10\/20221015_105338-1536x710.jpg 1536w, https:\/\/soriapasoapaso.es\/wp-content\/uploads\/2022\/10\/20221015_105338-2048x946.jpg 2048w\" sizes=\"auto, (max-width: 300px) 100vw, 300px\" \/> <img loading=\"lazy\" decoding=\"async\" class=\"alignnone size-medium wp-image-10972\" src=\"http:\/\/soriapasoapaso.es\/wp-content\/uploads\/2022\/10\/20221015_110413-300x139.jpg\" alt=\"\" width=\"300\" height=\"139\" srcset=\"https:\/\/soriapasoapaso.es\/wp-content\/uploads\/2022\/10\/20221015_110413-300x139.jpg 300w, https:\/\/soriapasoapaso.es\/wp-content\/uploads\/2022\/10\/20221015_110413-1024x473.jpg 1024w, https:\/\/soriapasoapaso.es\/wp-content\/uploads\/2022\/10\/20221015_110413-768x355.jpg 768w, https:\/\/soriapasoapaso.es\/wp-content\/uploads\/2022\/10\/20221015_110413-1536x710.jpg 1536w, https:\/\/soriapasoapaso.es\/wp-content\/uploads\/2022\/10\/20221015_110413-2048x946.jpg 2048w\" sizes=\"auto, (max-width: 300px) 100vw, 300px\" \/><\/p>\n<p>Un vistazo al pueblo desde el mirador de \u201cEl Solano\u201d y llegamos a un lavadero al que se accede por un jard\u00edn con un olivo, llamado \u201cdel Chorrote\u201d, cuya restauraci\u00f3n dice ser un homenaje a las abuelas, madres y hermanas, ya que era un lugar de reuni\u00f3n \u00fanicamente femenino.<\/p>\n<p>Nos dirigimos hacia el cementerio y a lo lejos, en la monta\u00f1a, distinguimos la Torre de la iglesia del pueblo de Santa Mar\u00eda, abandonado y posteriormente afectado por un incendio; vamos rodeando S Rom\u00e1n por la parte de arriba y en la vaguada, desde el mirador del antiguo \u201cJuego de Pelota\u201d, vemos nuestro siguiente destino, que es el pueblo de Velilla. Para llegar, transitamos las empedradas y empinadas calles y tras pasar por zonas de huertas y frutales llegamos a un paraje de paseo llamado \u201cEl Tinte\u201d, porque aqu\u00ed se tintaban tejidos de la lana de las ovejas trashumantes que llegaban hasta este valle antiguamente.<\/p>\n<p><img loading=\"lazy\" decoding=\"async\" class=\"alignnone size-medium wp-image-10973\" src=\"http:\/\/soriapasoapaso.es\/wp-content\/uploads\/2022\/10\/20221015_112511-300x139.jpg\" alt=\"\" width=\"300\" height=\"139\" srcset=\"https:\/\/soriapasoapaso.es\/wp-content\/uploads\/2022\/10\/20221015_112511-300x139.jpg 300w, https:\/\/soriapasoapaso.es\/wp-content\/uploads\/2022\/10\/20221015_112511-1024x473.jpg 1024w, https:\/\/soriapasoapaso.es\/wp-content\/uploads\/2022\/10\/20221015_112511-768x355.jpg 768w, https:\/\/soriapasoapaso.es\/wp-content\/uploads\/2022\/10\/20221015_112511-1536x710.jpg 1536w, https:\/\/soriapasoapaso.es\/wp-content\/uploads\/2022\/10\/20221015_112511-2048x946.jpg 2048w\" sizes=\"auto, (max-width: 300px) 100vw, 300px\" \/> <img loading=\"lazy\" decoding=\"async\" class=\"alignnone size-medium wp-image-10974\" src=\"http:\/\/soriapasoapaso.es\/wp-content\/uploads\/2022\/10\/20221015_113826-300x139.jpg\" alt=\"\" width=\"300\" height=\"139\" srcset=\"https:\/\/soriapasoapaso.es\/wp-content\/uploads\/2022\/10\/20221015_113826-300x139.jpg 300w, https:\/\/soriapasoapaso.es\/wp-content\/uploads\/2022\/10\/20221015_113826-1024x473.jpg 1024w, https:\/\/soriapasoapaso.es\/wp-content\/uploads\/2022\/10\/20221015_113826-768x355.jpg 768w, https:\/\/soriapasoapaso.es\/wp-content\/uploads\/2022\/10\/20221015_113826-1536x710.jpg 1536w, https:\/\/soriapasoapaso.es\/wp-content\/uploads\/2022\/10\/20221015_113826-2048x946.jpg 2048w\" sizes=\"auto, (max-width: 300px) 100vw, 300px\" \/><\/p>\n<p>Atravesamos por un puente con el cauce del Leza totalmente seco para llegar a Velilla, que es un pueblo casi deshabitado, que en su d\u00eda fue municipio aut\u00f3nomo, pero que ahora pertenece a San Rom\u00e1n. Una cantidad considerable de sus casas est\u00e1n restauradas en forma de casa rural para disfrute de la tranquilidad y la relajaci\u00f3n que ofrece este lugar.<\/p>\n<p>Sin embargo, esta ma\u00f1ana Velilla est\u00e1 muy poblado, no somos los \u00fanicos que quieren recorrer el pueblo y sus rincones, entre los que se encuentra otro lavadero restaurado, ya que un gran n\u00famero de fot\u00f3grafos, c\u00e1mara en pecho est\u00e1n en plena acci\u00f3n y de lo que estamos seguros es de que van a conseguir unas instant\u00e1neas preciosas.<\/p>\n<p><img loading=\"lazy\" decoding=\"async\" class=\"alignnone size-medium wp-image-10975\" src=\"http:\/\/soriapasoapaso.es\/wp-content\/uploads\/2022\/10\/20221015_125750-300x139.jpg\" alt=\"\" width=\"300\" height=\"139\" srcset=\"https:\/\/soriapasoapaso.es\/wp-content\/uploads\/2022\/10\/20221015_125750-300x139.jpg 300w, https:\/\/soriapasoapaso.es\/wp-content\/uploads\/2022\/10\/20221015_125750-1024x473.jpg 1024w, https:\/\/soriapasoapaso.es\/wp-content\/uploads\/2022\/10\/20221015_125750-768x355.jpg 768w, https:\/\/soriapasoapaso.es\/wp-content\/uploads\/2022\/10\/20221015_125750-1536x710.jpg 1536w, https:\/\/soriapasoapaso.es\/wp-content\/uploads\/2022\/10\/20221015_125750-2048x946.jpg 2048w\" sizes=\"auto, (max-width: 300px) 100vw, 300px\" \/> <img loading=\"lazy\" decoding=\"async\" class=\"alignnone size-medium wp-image-10976\" src=\"http:\/\/soriapasoapaso.es\/wp-content\/uploads\/2022\/10\/20221015_130038-300x139.jpg\" alt=\"\" width=\"300\" height=\"139\" srcset=\"https:\/\/soriapasoapaso.es\/wp-content\/uploads\/2022\/10\/20221015_130038-300x139.jpg 300w, https:\/\/soriapasoapaso.es\/wp-content\/uploads\/2022\/10\/20221015_130038-1024x473.jpg 1024w, https:\/\/soriapasoapaso.es\/wp-content\/uploads\/2022\/10\/20221015_130038-768x355.jpg 768w, https:\/\/soriapasoapaso.es\/wp-content\/uploads\/2022\/10\/20221015_130038-1536x710.jpg 1536w, https:\/\/soriapasoapaso.es\/wp-content\/uploads\/2022\/10\/20221015_130038-2048x946.jpg 2048w\" sizes=\"auto, (max-width: 300px) 100vw, 300px\" \/><\/p>\n<p>Cada loco con su tema y a los senderistas nos llega el momento de subir la ladera del cerro de Santa B\u00e1rbara, es una senda exigente que va ascendiendo paralela a un arroyo, subimos rodeados de un maravilloso arbolado oto\u00f1al, al fondo o\u00edmos un poco el r\u00edo, hay alg\u00fan caballo en la ladera contraria. Este camino est\u00e1 balizado por tejas numeradas que preludian lo que vamos a ver en el top, una tejera antigua.<\/p>\n<p>Dos ojos negros y vac\u00edos que hace siglos estuvieron llenos de fuego para calentar el horno donde se terminaban de solidificar las tejas, nos hacen pensar en el duro trabajo que supon\u00eda transportar la arcilla hasta aqu\u00ed en caballer\u00edas, amasarla y cocerla, en una \u00e9poca en la que eran aprovechados al m\u00e1ximo los recursos naturales pr\u00f3ximos, en este caso para construir sus viviendas.<\/p>\n<p>Otro punto importante en esta cumbre es una gran encina que sobresale de entre el resto de arbolado, as\u00ed como un roble quemado que no distinguimos.<\/p>\n<p><img loading=\"lazy\" decoding=\"async\" class=\"alignnone size-medium wp-image-10977\" src=\"http:\/\/soriapasoapaso.es\/wp-content\/uploads\/2022\/10\/IMG_20221015_110834-300x225.jpg\" alt=\"\" width=\"300\" height=\"225\" srcset=\"https:\/\/soriapasoapaso.es\/wp-content\/uploads\/2022\/10\/IMG_20221015_110834-300x225.jpg 300w, https:\/\/soriapasoapaso.es\/wp-content\/uploads\/2022\/10\/IMG_20221015_110834-1024x768.jpg 1024w, https:\/\/soriapasoapaso.es\/wp-content\/uploads\/2022\/10\/IMG_20221015_110834-768x576.jpg 768w, https:\/\/soriapasoapaso.es\/wp-content\/uploads\/2022\/10\/IMG_20221015_110834-1536x1152.jpg 1536w, https:\/\/soriapasoapaso.es\/wp-content\/uploads\/2022\/10\/IMG_20221015_110834-2048x1536.jpg 2048w\" sizes=\"auto, (max-width: 300px) 100vw, 300px\" \/> <img loading=\"lazy\" decoding=\"async\" class=\"alignnone size-medium wp-image-10978\" src=\"http:\/\/soriapasoapaso.es\/wp-content\/uploads\/2022\/10\/IMG_20221015_110841-300x225.jpg\" alt=\"\" width=\"300\" height=\"225\" srcset=\"https:\/\/soriapasoapaso.es\/wp-content\/uploads\/2022\/10\/IMG_20221015_110841-300x225.jpg 300w, https:\/\/soriapasoapaso.es\/wp-content\/uploads\/2022\/10\/IMG_20221015_110841-1024x768.jpg 1024w, https:\/\/soriapasoapaso.es\/wp-content\/uploads\/2022\/10\/IMG_20221015_110841-768x576.jpg 768w, https:\/\/soriapasoapaso.es\/wp-content\/uploads\/2022\/10\/IMG_20221015_110841-1536x1152.jpg 1536w, https:\/\/soriapasoapaso.es\/wp-content\/uploads\/2022\/10\/IMG_20221015_110841-2048x1536.jpg 2048w\" sizes=\"auto, (max-width: 300px) 100vw, 300px\" \/><\/p>\n<p>Ya en el mirador del cerro de Santa B\u00e1rbara extendemos nuestra visi\u00f3n hasta La Rioja, vemos todo el relieve interno del valle con monta\u00f1as bajas de formas suaves y homog\u00e9neas. \u00a0A nuestros pies el pueblo que protagoniza la ruta de hoy alzado entre los barrancos de Santa Mar\u00eda y Vallejuelo con la Iglesia de la Asunci\u00f3n guardando el caser\u00edo; vemos las laderas monta\u00f1osas peladas donde a\u00fan se distinguen bancales donde anta\u00f1o se cultivaba. Lejos, pueblos entre las monta\u00f1as, cuyos nombres Jes\u00fas nos va explicando. Este mirador es la zona escogida para descansar porque a los pasopaseros nos gusta almorzar con buenas vistas<\/p>\n<p>Deshacemos el camino y bajamos por el ascenso anterior para encontrar las gafas de sol que Julia ha perdido y de nuevo en Velilla nos recreamos un poco m\u00e1s paseando, viendo otras perspectivas y esta vez nos fijamos en su puente de piedra con un solo arco y en el patio de la derruida iglesia de la Pur\u00edsima Concepci\u00f3n.<\/p>\n<p><img loading=\"lazy\" decoding=\"async\" class=\"alignnone size-medium wp-image-10979\" src=\"http:\/\/soriapasoapaso.es\/wp-content\/uploads\/2022\/10\/20221015_120142-300x139.jpg\" alt=\"\" width=\"300\" height=\"139\" srcset=\"https:\/\/soriapasoapaso.es\/wp-content\/uploads\/2022\/10\/20221015_120142-300x139.jpg 300w, https:\/\/soriapasoapaso.es\/wp-content\/uploads\/2022\/10\/20221015_120142-1024x473.jpg 1024w, https:\/\/soriapasoapaso.es\/wp-content\/uploads\/2022\/10\/20221015_120142-768x355.jpg 768w, https:\/\/soriapasoapaso.es\/wp-content\/uploads\/2022\/10\/20221015_120142-1536x710.jpg 1536w, https:\/\/soriapasoapaso.es\/wp-content\/uploads\/2022\/10\/20221015_120142-2048x946.jpg 2048w\" sizes=\"auto, (max-width: 300px) 100vw, 300px\" \/> <img loading=\"lazy\" decoding=\"async\" class=\"alignnone size-medium wp-image-10980\" src=\"http:\/\/soriapasoapaso.es\/wp-content\/uploads\/2022\/10\/20221015_121032-300x139.jpg\" alt=\"\" width=\"300\" height=\"139\" srcset=\"https:\/\/soriapasoapaso.es\/wp-content\/uploads\/2022\/10\/20221015_121032-300x139.jpg 300w, https:\/\/soriapasoapaso.es\/wp-content\/uploads\/2022\/10\/20221015_121032-1024x473.jpg 1024w, https:\/\/soriapasoapaso.es\/wp-content\/uploads\/2022\/10\/20221015_121032-768x355.jpg 768w, https:\/\/soriapasoapaso.es\/wp-content\/uploads\/2022\/10\/20221015_121032-1536x710.jpg 1536w, https:\/\/soriapasoapaso.es\/wp-content\/uploads\/2022\/10\/20221015_121032-2048x946.jpg 2048w\" sizes=\"auto, (max-width: 300px) 100vw, 300px\" \/><\/p>\n<p>Una lluvia de hojas nos cae al abandonar el pueblo, miramos orgullosos desde el llano la cumbre donde hemos almorzado y entramos de nuevo en S. Rom\u00e1n de Cameros donde nos espera Primitivo Santolaya (t\u00edo de Jes\u00fas) que nos recibe con una gran sonrisa y con una llave grande y pesada que custodia la iglesia parroquial de la Asunci\u00f3n y que nos va a mostrar con mucho orgullo.<\/p>\n<p>Es un templo del S. XVI con una \u00fanica nave con cuatro capillas laterales decoradas con retablos, algunos de ellos tra\u00eddos de las iglesias de los pueblos de alrededor hoy deshabitados como el de la Virgen del Rosario trasladado desde Velilla. En el centro destaca el retablo Mayor esculpido e en madera de nogal y recubierto en dorado cuyo autor es el escultor Juan Jos\u00e9 Ortega. El altar hospeda a la Virgen del Val que procede de una antigua ermita y que es la patrona del pueblo, tambi\u00e9n est\u00e1 San Sebasti\u00e1n, patrono del pueblo y la Asunci\u00f3n de nuestra Se\u00f1ora a la que est\u00e1 dedicada la parroquia.<\/p>\n<p><img loading=\"lazy\" decoding=\"async\" class=\"alignnone size-medium wp-image-10981\" src=\"http:\/\/soriapasoapaso.es\/wp-content\/uploads\/2022\/10\/IMG_20221015_131902-300x135.jpg\" alt=\"\" width=\"300\" height=\"135\" srcset=\"https:\/\/soriapasoapaso.es\/wp-content\/uploads\/2022\/10\/IMG_20221015_131902-300x135.jpg 300w, https:\/\/soriapasoapaso.es\/wp-content\/uploads\/2022\/10\/IMG_20221015_131902-1024x461.jpg 1024w, https:\/\/soriapasoapaso.es\/wp-content\/uploads\/2022\/10\/IMG_20221015_131902-768x346.jpg 768w, https:\/\/soriapasoapaso.es\/wp-content\/uploads\/2022\/10\/IMG_20221015_131902-1536x691.jpg 1536w, https:\/\/soriapasoapaso.es\/wp-content\/uploads\/2022\/10\/IMG_20221015_131902-2048x922.jpg 2048w\" sizes=\"auto, (max-width: 300px) 100vw, 300px\" \/> <img loading=\"lazy\" decoding=\"async\" class=\"alignnone size-medium wp-image-10982\" src=\"http:\/\/soriapasoapaso.es\/wp-content\/uploads\/2022\/10\/IMG_20221015_132710-300x135.jpg\" alt=\"\" width=\"300\" height=\"135\" srcset=\"https:\/\/soriapasoapaso.es\/wp-content\/uploads\/2022\/10\/IMG_20221015_132710-300x135.jpg 300w, https:\/\/soriapasoapaso.es\/wp-content\/uploads\/2022\/10\/IMG_20221015_132710-1024x462.jpg 1024w, https:\/\/soriapasoapaso.es\/wp-content\/uploads\/2022\/10\/IMG_20221015_132710-768x346.jpg 768w, https:\/\/soriapasoapaso.es\/wp-content\/uploads\/2022\/10\/IMG_20221015_132710-1536x693.jpg 1536w, https:\/\/soriapasoapaso.es\/wp-content\/uploads\/2022\/10\/IMG_20221015_132710-2048x924.jpg 2048w\" sizes=\"auto, (max-width: 300px) 100vw, 300px\" \/><\/p>\n<p>A los pies de la nave, se encuentra el coro que cuenta con una siller\u00eda tambi\u00e9n de nogal de estilo neocl\u00e1sico, cada asiento tiene labrado un s\u00edmbolo de la Virgen y en el centro de la siller\u00eda vemos un relieve policromado de la Inmaculada. La parte central del coro es un facistol tambi\u00e9n de madera de nogal y como joya ac\u00fastica un arm\u00f3nium de 1891 que Primitivo hace sonar para nosotros. La barandilla frontal del coro es de forja muy elaborada y tampoco nos deja indiferentes.<\/p>\n<p>Nos despedimos de nuestro anfitri\u00f3n que no acepta nuestra invitaci\u00f3n de tomar un vermut porque se encuentra algo acatarrado para seguir empap\u00e1ndonos de S. Rom\u00e1n con sus casonas como una del siglo XVIII que perteneci\u00f3 a una familia de escribanos famosos los S\u00e1enz de Gaona a cuyos pies se encuentra una fuente donada por D. Diego de Agreda.<\/p>\n<p>Muchas de las fachadas est\u00e1n blasonadas con escudos y Jes\u00fas nos muestra la casa donde naci\u00f3 otra persona prestigiosa que fue D. Manuel-Antonio Garc\u00eda Herreros y S\u00e1enz de Tejada que entre otros cargos importantes fue procurador general del Reino y diputado de las Cortes de C\u00e1diz. En este pueblo hay un archivo del muy noble y antiguo solar, se\u00f1or\u00edo y villa de Valdeosera, que junto al solar de Tejada son unas de las instituciones nobiliarias m\u00e1s antiguas vigentes en la actualidad. Su antiqu\u00edsimo origen se remonta a los privilegios de noblezas concedidos en el siglo IX por el rey Ramiro I de Le\u00f3n a don Sancho Fern\u00e1ndez de Tejada para \u00e9l y sus descendientes por l\u00ednea de var\u00f3n o de mujer, en reconocimiento de su fidelidad y sus gestas en la Batalla de Clavijo (a\u00f1o 844), nuevamente concedidos y confirmados por los monarcas desde el s. XV hasta la actualidad.<\/p>\n<p>Otra tradici\u00f3n de nuestro grupo es tomarnos la cerveza post ruta y para ello volvemos al centro social, pero est\u00e1 vez no a la sala de lectura si no a la terraza donde nos refrescamos y charlamos.<\/p>\n<p><img loading=\"lazy\" decoding=\"async\" class=\"alignnone size-medium wp-image-10983\" src=\"http:\/\/soriapasoapaso.es\/wp-content\/uploads\/2022\/10\/IMG_20221015_093120-300x225.jpg\" alt=\"\" width=\"300\" height=\"225\" srcset=\"https:\/\/soriapasoapaso.es\/wp-content\/uploads\/2022\/10\/IMG_20221015_093120-300x225.jpg 300w, https:\/\/soriapasoapaso.es\/wp-content\/uploads\/2022\/10\/IMG_20221015_093120-1024x768.jpg 1024w, https:\/\/soriapasoapaso.es\/wp-content\/uploads\/2022\/10\/IMG_20221015_093120-768x576.jpg 768w, https:\/\/soriapasoapaso.es\/wp-content\/uploads\/2022\/10\/IMG_20221015_093120-1536x1152.jpg 1536w, https:\/\/soriapasoapaso.es\/wp-content\/uploads\/2022\/10\/IMG_20221015_093120-2048x1536.jpg 2048w\" sizes=\"auto, (max-width: 300px) 100vw, 300px\" \/> <img loading=\"lazy\" decoding=\"async\" class=\"alignnone size-medium wp-image-10984\" src=\"http:\/\/soriapasoapaso.es\/wp-content\/uploads\/2022\/10\/IMG_20221015_093154-300x225.jpg\" alt=\"\" width=\"300\" height=\"225\" srcset=\"https:\/\/soriapasoapaso.es\/wp-content\/uploads\/2022\/10\/IMG_20221015_093154-300x225.jpg 300w, https:\/\/soriapasoapaso.es\/wp-content\/uploads\/2022\/10\/IMG_20221015_093154-1024x768.jpg 1024w, https:\/\/soriapasoapaso.es\/wp-content\/uploads\/2022\/10\/IMG_20221015_093154-768x576.jpg 768w, https:\/\/soriapasoapaso.es\/wp-content\/uploads\/2022\/10\/IMG_20221015_093154-1536x1152.jpg 1536w, https:\/\/soriapasoapaso.es\/wp-content\/uploads\/2022\/10\/IMG_20221015_093154-2048x1536.jpg 2048w\" sizes=\"auto, (max-width: 300px) 100vw, 300px\" \/><\/p>\n<p>Circulamos de nuevo hacia el centro del valle para asomarnos a la vertiginosa garganta que forma el r\u00edo Leza, junto al Torrej\u00f3n que es un gran pe\u00f1\u00f3n al filo de la carretera que marca la entrada a los miradores. Pasamos un buen rato asom\u00e1ndonos aqu\u00ed y all\u00e1, sin descubrir el fondo del ca\u00f1\u00f3n, pero disfrutando de sus paredones calizos que parecen que descienden a un mundo sin fin en el que no hay agua tampoco.<\/p>\n<p>De regreso, pasamos por Soto de Cameros donde se hacen unos mazapanes de soto exclusivos y riqu\u00edsimos, pasamos por Terroba y nos despedimos de San Rom\u00e1n, para seguir conduciendo un buen rato camino de Hornillos para subir al yacimiento de icnitas de \u201cLa Pellejera\u201d donde se encuentra el rastro mas largo encontrado en La Rioja de estas huellas p\u00e9treas. Hay gran diversidad de formas, se han registrado pisadas tanto de herb\u00edvoros como de carn\u00edvoros. Un dinosaurio marca el lugar donde se puede ver la gran losa donde se encuentran las pisadas y las fotos con \u00e9l son obligadas.<\/p>\n<p>Salta la alarma en el grupo porque Agnelo comunica que su coche va escaso de gasolina ya que no contaba con estos recorridos extras, por lo que hay que pensar en alguna soluci\u00f3n ya que no hay gasolineras por la zona. De momento la decisi\u00f3n es dirigirnos a comer a \u201cPradito Gil\u201d.<\/p>\n<p>Pradito Gil es un rec\u00f3ndito lugar dentro del hayedo de Monterreal y para llegar all\u00ed cogemos una pista desde el pueblo de Ajamil, cuyo recorrido se nos hace muy, muy largo; pasamos por lugares donde es probable que no se cuele un rayo de sol nunca. Comemos el segundo bocata sobre las cuatro de la tarde en este pradito entre hayas junto al refugio llamado\u201d la caseta del t\u00edo Acisclo\u201d. Aunque el d\u00eda es caluroso el ambiente bajo hayas es \u00a0fresco y sin posibilidad de siesta nos vamos de paseo por el hayedo. La excursi\u00f3n es corta porque ya estamos algo cansados y sobre todo porque tenemos la preocupaci\u00f3n de la escasez de gasolina del coche de nuestro compa\u00f1ero, a pesar de todo este \u00faltimo ba\u00f1o de bosque es un remate maravilloso de ruta.<\/p>\n<p><img loading=\"lazy\" decoding=\"async\" class=\"alignnone size-medium wp-image-10985\" src=\"http:\/\/soriapasoapaso.es\/wp-content\/uploads\/2022\/10\/20221015_145319-300x139.jpg\" alt=\"\" width=\"300\" height=\"139\" srcset=\"https:\/\/soriapasoapaso.es\/wp-content\/uploads\/2022\/10\/20221015_145319-300x139.jpg 300w, https:\/\/soriapasoapaso.es\/wp-content\/uploads\/2022\/10\/20221015_145319-1024x473.jpg 1024w, https:\/\/soriapasoapaso.es\/wp-content\/uploads\/2022\/10\/20221015_145319-768x355.jpg 768w, https:\/\/soriapasoapaso.es\/wp-content\/uploads\/2022\/10\/20221015_145319-1536x710.jpg 1536w, https:\/\/soriapasoapaso.es\/wp-content\/uploads\/2022\/10\/20221015_145319-2048x946.jpg 2048w\" sizes=\"auto, (max-width: 300px) 100vw, 300px\" \/> <img loading=\"lazy\" decoding=\"async\" class=\"alignnone size-medium wp-image-10986\" src=\"http:\/\/soriapasoapaso.es\/wp-content\/uploads\/2022\/10\/20221015_145749-300x139.jpg\" alt=\"\" width=\"300\" height=\"139\" srcset=\"https:\/\/soriapasoapaso.es\/wp-content\/uploads\/2022\/10\/20221015_145749-300x139.jpg 300w, https:\/\/soriapasoapaso.es\/wp-content\/uploads\/2022\/10\/20221015_145749-1024x473.jpg 1024w, https:\/\/soriapasoapaso.es\/wp-content\/uploads\/2022\/10\/20221015_145749-768x355.jpg 768w, https:\/\/soriapasoapaso.es\/wp-content\/uploads\/2022\/10\/20221015_145749-1536x710.jpg 1536w, https:\/\/soriapasoapaso.es\/wp-content\/uploads\/2022\/10\/20221015_145749-2048x946.jpg 2048w\" sizes=\"auto, (max-width: 300px) 100vw, 300px\" \/><\/p>\n<p>El sherpa toma la decisi\u00f3n de conducirnos hacia la gasolinera m\u00e1s cercana y para ello nos ponemos en marcha por\u201d rutas de moteros\u201d hacia Muro de Cameros, atravesamos el Puerto de la Rasa y pasamos al valle del Iregua para descender hasta la N111, cerca de Villanueva de Cameros donde la gasolinera est\u00e1 abierta seg\u00fan Google. Afortunadamente es as\u00ed, la urgencia es resuelta y la tranquilidad llega al grupo.<\/p>\n<p>Nuestro deseo era tomar un caf\u00e9 en el bar de este pueblo, pero no hay ni un huequecillo donde aparcar nuestros coches por lo que seguimos camino a casa.<\/p>\n<p>Ha sido un d\u00eda completo y fant\u00e1stico con senderismo, paisajes, historia, arte y arquitectura, bosques, monta\u00f1as, abismos, amistad, buen humor y sobre todo gratitud para nuestro nuevo compa\u00f1ero que nos ha llevado a conocer su cuna de la que se siente orgulloso. Ciertamente solo hemos echado de menos el agua en el paisaje camerano.<\/p>\n<p>&nbsp;<\/p>\n<p>Emi<\/p>\n","protected":false},"excerpt":{"rendered":"<p>&nbsp; &nbsp; Hoy nuestras botas pasopaseras dan un gran salto desde el puerto de Piqueras hasta el \u201cCollado de Sancho Leza\u201d desde donde comenzamos la bajada al valle del R\u00edo Leza. Como ya nos imagin\u00e1bamos la LR 250 es angosta y curvil\u00ednea y nos va introduciendo en la serran\u00eda del <\/p>\n<p><a class=\"read-more\" href=\"https:\/\/soriapasoapaso.es\/?p=10966\">Read More<\/a><\/p>\n","protected":false},"author":1,"featured_media":10987,"comment_status":"open","ping_status":"open","sticky":false,"template":"","format":"standard","meta":{"footnotes":""},"categories":[21],"tags":[],"class_list":["post-10966","post","type-post","status-publish","format-standard","has-post-thumbnail","hentry","category-rutas"],"_links":{"self":[{"href":"https:\/\/soriapasoapaso.es\/index.php?rest_route=\/wp\/v2\/posts\/10966","targetHints":{"allow":["GET"]}}],"collection":[{"href":"https:\/\/soriapasoapaso.es\/index.php?rest_route=\/wp\/v2\/posts"}],"about":[{"href":"https:\/\/soriapasoapaso.es\/index.php?rest_route=\/wp\/v2\/types\/post"}],"author":[{"embeddable":true,"href":"https:\/\/soriapasoapaso.es\/index.php?rest_route=\/wp\/v2\/users\/1"}],"replies":[{"embeddable":true,"href":"https:\/\/soriapasoapaso.es\/index.php?rest_route=%2Fwp%2Fv2%2Fcomments&post=10966"}],"version-history":[{"count":1,"href":"https:\/\/soriapasoapaso.es\/index.php?rest_route=\/wp\/v2\/posts\/10966\/revisions"}],"predecessor-version":[{"id":10988,"href":"https:\/\/soriapasoapaso.es\/index.php?rest_route=\/wp\/v2\/posts\/10966\/revisions\/10988"}],"wp:featuredmedia":[{"embeddable":true,"href":"https:\/\/soriapasoapaso.es\/index.php?rest_route=\/wp\/v2\/media\/10987"}],"wp:attachment":[{"href":"https:\/\/soriapasoapaso.es\/index.php?rest_route=%2Fwp%2Fv2%2Fmedia&parent=10966"}],"wp:term":[{"taxonomy":"category","embeddable":true,"href":"https:\/\/soriapasoapaso.es\/index.php?rest_route=%2Fwp%2Fv2%2Fcategories&post=10966"},{"taxonomy":"post_tag","embeddable":true,"href":"https:\/\/soriapasoapaso.es\/index.php?rest_route=%2Fwp%2Fv2%2Ftags&post=10966"}],"curies":[{"name":"wp","href":"https:\/\/api.w.org\/{rel}","templated":true}]}}