{"id":10725,"date":"2022-09-25T21:21:21","date_gmt":"2022-09-25T19:21:21","guid":{"rendered":"http:\/\/soriapasoapaso.es\/?p=10725"},"modified":"2022-09-25T21:21:21","modified_gmt":"2022-09-25T19:21:21","slug":"de-calatanazor-a-blacos-paisaje-historia-perfiles","status":"publish","type":"post","link":"https:\/\/soriapasoapaso.es\/?p=10725","title":{"rendered":"DE CALATA\u00d1AZOR A BLACOS: PAISAJE, HISTORIA, PERFILES\u2026"},"content":{"rendered":"<p>&nbsp;<\/p>\n<p><strong>\u00a0\u00a0\u00a0\u00a0\u00a0\u00a0\u00a0\u00a0\u00a0\u00a0\u00a0\u00a0\u00a0\u00a0\u00a0\u00a0\u00a0\u00a0\u00a0\u00a0\u00a0\u00a0\u00a0\u00a0\u00a0\u00a0\u00a0\u00a0\u00a0\u00a0\u00a0\u00a0\u00a0\u00a0\u00a0\u00a0\u00a0\u00a0\u00a0\u00a0\u00a0\u00a0\u00a0\u00a0\u00a0\u00a0\u00a0\u00a0\u00a0\u00a0\u00a0\u00a0\u00a0\u00a0\u00a0\u00a0\u00a0\u00a0\u00a0\u00a0\u00a0\u00a0\u00a0\u00a0\u00a0\u00a0\u00a0\u00a0\u00a0\u00a0 <\/strong>Soria, 24 Septiembre, 2022<\/p>\n<p>&nbsp;<\/p>\n<p>\u00a1Estrenamos nueva temporada senderista! Primer d\u00eda de actividad andarina del curso 2022-2023, con una ruta dise\u00f1ada por nuestros sherpas para poner a tono nuestras energ\u00edas de experimentados caminantes, tras la prolongada pausa de los meses de verano, lo que se traduce en un recorrido corto en la distancia (escasos\u00a0 13 Km.), pero intenso en\u00a0 belleza paisaj\u00edstica, la sinfon\u00eda crom\u00e1tica del paisaje que se ofrece a nuestra vista y las resonancias hist\u00f3ricas que el\u00a0 entorno nos trae.<\/p>\n<p>Estamos en las inmediaciones de Calata\u00f1azor. Hemos aparcado los coches\u00a0 en la parte autorizada para su estacionamiento que no entra en el pueblo e iniciamos nuestra andadura contemplado esta fortaleza medieval desde su vertiente sur-oriental, cuna de gestas heroicas \u00a0por parte de las \u00a0gentes cristianas contra \u00a0las tropas musulmanas acaudilladas por\u00a0 Al-Mansur, aunque hay historiadores que ponen en duda que dicho caudillo \u00e1rabe estuviera presente en las batallas que se libraron en este espacio geogr\u00e1fico. Sea como fuere, Calata\u00f1azor ha pasado a la historia como s\u00edmbolo de\u00a0 resistencia (y victoria final) frente a las pretensiones anexionistas de la entonces poderosa civilizaci\u00f3n musulmana de la \u00e9poca.<\/p>\n<p><img loading=\"lazy\" decoding=\"async\" class=\"alignnone size-medium wp-image-10726\" src=\"http:\/\/soriapasoapaso.es\/wp-content\/uploads\/2022\/09\/DSC08778-300x169.jpg\" alt=\"\" width=\"300\" height=\"169\" srcset=\"https:\/\/soriapasoapaso.es\/wp-content\/uploads\/2022\/09\/DSC08778-300x169.jpg 300w, https:\/\/soriapasoapaso.es\/wp-content\/uploads\/2022\/09\/DSC08778-1024x576.jpg 1024w, https:\/\/soriapasoapaso.es\/wp-content\/uploads\/2022\/09\/DSC08778-768x432.jpg 768w, https:\/\/soriapasoapaso.es\/wp-content\/uploads\/2022\/09\/DSC08778-1536x864.jpg 1536w, https:\/\/soriapasoapaso.es\/wp-content\/uploads\/2022\/09\/DSC08778.jpg 1920w\" sizes=\"auto, (max-width: 300px) 100vw, 300px\" \/><img loading=\"lazy\" decoding=\"async\" class=\"alignnone size-medium wp-image-10727\" src=\"http:\/\/soriapasoapaso.es\/wp-content\/uploads\/2022\/09\/DSC08780-300x169.jpg\" alt=\"\" width=\"300\" height=\"169\" srcset=\"https:\/\/soriapasoapaso.es\/wp-content\/uploads\/2022\/09\/DSC08780-300x169.jpg 300w, https:\/\/soriapasoapaso.es\/wp-content\/uploads\/2022\/09\/DSC08780-1024x576.jpg 1024w, https:\/\/soriapasoapaso.es\/wp-content\/uploads\/2022\/09\/DSC08780-768x432.jpg 768w, https:\/\/soriapasoapaso.es\/wp-content\/uploads\/2022\/09\/DSC08780-1536x864.jpg 1536w, https:\/\/soriapasoapaso.es\/wp-content\/uploads\/2022\/09\/DSC08780.jpg 1920w\" sizes=\"auto, (max-width: 300px) 100vw, 300px\" \/><\/p>\n<p>El entusiasta y reducido grupo de compa\u00f1eros de \u201cexpedici\u00f3n\u201d de hoy, inicia la ruta frente a un cartel orientativo que dirige hacia \u201cCastro de los Castejones\u201d. Pero no es esa nuestra direcci\u00f3n. Tendremos ocasi\u00f3n de conocer este enclave a nuestro regreso. El objetivo se centra en el cauce del r\u00edo Milanos, y siguiendo su curso, echamos a andar en direcci\u00f3n sur-oeste, mientras admiramos a nuestra espalda, cuando volvemos la vista atr\u00e1s, la defensa natural que proporcionan a Calata\u00f1azor las paredes roquedas que protegen esta localidad de corte medieval, y las caprichosas formas que presentan algunas de sus moles p\u00e9treas, simulando cabezas de animales imaginarios (\u00bfes la cabeza de un cocodrilo? \u00bfes la imagen de un simio?) o, como algunos compa\u00f1eros del grupo me recuerdan, alguna de ellas emula la famosa, visitada y admirada \u201cPiedra andadera\u201d en el t\u00e9rmino municipal de Covaleda. El parecido en estructura, mole y posici\u00f3n de dif\u00edcil equilibrio, es evidente.<\/p>\n<p><img loading=\"lazy\" decoding=\"async\" class=\"alignnone size-medium wp-image-10728\" src=\"http:\/\/soriapasoapaso.es\/wp-content\/uploads\/2022\/09\/DSC08781-300x169.jpg\" alt=\"\" width=\"300\" height=\"169\" srcset=\"https:\/\/soriapasoapaso.es\/wp-content\/uploads\/2022\/09\/DSC08781-300x169.jpg 300w, https:\/\/soriapasoapaso.es\/wp-content\/uploads\/2022\/09\/DSC08781-1024x576.jpg 1024w, https:\/\/soriapasoapaso.es\/wp-content\/uploads\/2022\/09\/DSC08781-768x432.jpg 768w, https:\/\/soriapasoapaso.es\/wp-content\/uploads\/2022\/09\/DSC08781-1536x864.jpg 1536w, https:\/\/soriapasoapaso.es\/wp-content\/uploads\/2022\/09\/DSC08781.jpg 1920w\" sizes=\"auto, (max-width: 300px) 100vw, 300px\" \/> <img loading=\"lazy\" decoding=\"async\" class=\"alignnone size-medium wp-image-10729\" src=\"http:\/\/soriapasoapaso.es\/wp-content\/uploads\/2022\/09\/IMG20220924084323-300x169.jpg\" alt=\"\" width=\"300\" height=\"169\" srcset=\"https:\/\/soriapasoapaso.es\/wp-content\/uploads\/2022\/09\/IMG20220924084323-300x169.jpg 300w, https:\/\/soriapasoapaso.es\/wp-content\/uploads\/2022\/09\/IMG20220924084323-1024x576.jpg 1024w, https:\/\/soriapasoapaso.es\/wp-content\/uploads\/2022\/09\/IMG20220924084323-768x432.jpg 768w, https:\/\/soriapasoapaso.es\/wp-content\/uploads\/2022\/09\/IMG20220924084323-1536x864.jpg 1536w, https:\/\/soriapasoapaso.es\/wp-content\/uploads\/2022\/09\/IMG20220924084323-2048x1152.jpg 2048w\" sizes=\"auto, (max-width: 300px) 100vw, 300px\" \/><\/p>\n<p>Otra curiosidad que nos llama la atenci\u00f3n\u00a0 es la forma de evitar el desprendimiento de una gruesa\u00a0 lasca de su piedra matriz, mediante el uso de robustos troncos de encina, firmemente anclados en el suelo que sujetan la mole rocosa que amenaza su formaci\u00f3n compacta.<\/p>\n<p>El camino inicial est\u00e1 esculpido con todo tipo de vegetaci\u00f3n y, sobre todo, nos sorprende la cantidad de nogales que, a los pies de la fortaleza p\u00e9trea que amuralla esta localidad, vamos observando.<\/p>\n<p>Estamos de suerte con la climatolog\u00eda: un\u00a0 agradable sol ma\u00f1anero que dejamos a nuestra espalda\u00a0 acompa\u00f1a \u00a0nuestros pasos, mientras\u00a0 desde el mirador del castillo de Calata\u00f1azor un reducido grupo de turistas ha madrugado y tiene ocasi\u00f3n de ver desde su privilegiada atalaya el azul dominante que viste el peque\u00f1o grupo\u00a0 de senderistas que se alejan de la localidad. \u00a0\u00a0\u00a0\u00a0\u00a0 Y si sorprendentes son las imaginarias figuras talladas de forma natural en las piedras que hemos dejado atr\u00e1s, nos encontramos ahora con otra sorprendente\u00a0 novedad esculpida, c\u00f3mo no, sobre una peque\u00f1a elevaci\u00f3n rocosa: se trata de una necr\u00f3polis medieval, datada en los siglos XI-XII. El cartel explicativo que se asienta en las proximidades de la misma\u00a0 nos dice que \u201cestas tumbas posiblemente pertenecieron a un grupo familiar\u201d (podemos observar no m\u00e1s de tres cavidades funerarias) y \u201cformar\u00edan parte del cementerio exterior de la desaparecida iglesia de Santa Coloma\u201d. Otra informaci\u00f3n proporcionada es su orientaci\u00f3n noroeste-sureste, como \u201cparte de un ritual religioso cuya finalidad era colocar al difunto mirando al Este, hacia Tierra Santa.<\/p>\n<p><img loading=\"lazy\" decoding=\"async\" class=\"alignnone size-medium wp-image-10730\" src=\"http:\/\/soriapasoapaso.es\/wp-content\/uploads\/2022\/09\/DSC08788-300x169.jpg\" alt=\"\" width=\"300\" height=\"169\" srcset=\"https:\/\/soriapasoapaso.es\/wp-content\/uploads\/2022\/09\/DSC08788-300x169.jpg 300w, https:\/\/soriapasoapaso.es\/wp-content\/uploads\/2022\/09\/DSC08788-1024x576.jpg 1024w, https:\/\/soriapasoapaso.es\/wp-content\/uploads\/2022\/09\/DSC08788-768x432.jpg 768w, https:\/\/soriapasoapaso.es\/wp-content\/uploads\/2022\/09\/DSC08788-1536x864.jpg 1536w, https:\/\/soriapasoapaso.es\/wp-content\/uploads\/2022\/09\/DSC08788.jpg 1920w\" sizes=\"auto, (max-width: 300px) 100vw, 300px\" \/> <img loading=\"lazy\" decoding=\"async\" class=\"alignnone size-medium wp-image-10731\" src=\"http:\/\/soriapasoapaso.es\/wp-content\/uploads\/2022\/09\/DSC08790-300x169.jpg\" alt=\"\" width=\"300\" height=\"169\" srcset=\"https:\/\/soriapasoapaso.es\/wp-content\/uploads\/2022\/09\/DSC08790-300x169.jpg 300w, https:\/\/soriapasoapaso.es\/wp-content\/uploads\/2022\/09\/DSC08790-1024x576.jpg 1024w, https:\/\/soriapasoapaso.es\/wp-content\/uploads\/2022\/09\/DSC08790-768x432.jpg 768w, https:\/\/soriapasoapaso.es\/wp-content\/uploads\/2022\/09\/DSC08790-1536x864.jpg 1536w, https:\/\/soriapasoapaso.es\/wp-content\/uploads\/2022\/09\/DSC08790.jpg 1920w\" sizes=\"auto, (max-width: 300px) 100vw, 300px\" \/><\/p>\n<p>Y antes de perder de vista la fortaleza que dejamos a nuestra espalda, no nos resistimos a plasmar en nuestra c\u00e1mara fotogr\u00e1fica el perfil altivo y se\u00f1orial que muestra el hist\u00f3rico castillo de esta hist\u00f3rica localidad, flanqueado por sus torres de vigilancia y el macizo rocoso que daba protecci\u00f3n y seguridad a su defensa.<\/p>\n<p>Hemos dejado el cauce del Milanos y nos adentramos en las llanuras cerealistas que dominan el campo de esta comarca. El contraste de colores que \u00a0apreciamos es evidente: frente al tono amarillo pajizo que ofrecen las parcelas ya recolectadas, encontramos el tono ocre de otras que han sido labradas para su posterior cultivo y el cromatismo m\u00e1s negruzco del girasol, todav\u00eda en ciernes para su inminente recolecci\u00f3n. No faltan franjas de terreno que destacan por el tono verde de cultivos en reproducci\u00f3n. Es el campo de la agricultura de secano, su vida, su riqueza y tambi\u00e9n su incertidumbre ante \u00a0las contingencias que, cada a\u00f1o y por distintas causas, amenazan la producci\u00f3n esperada de las entra\u00f1as de esta recia tierra castellana.<\/p>\n<p><img loading=\"lazy\" decoding=\"async\" class=\"alignnone size-medium wp-image-10732\" src=\"http:\/\/soriapasoapaso.es\/wp-content\/uploads\/2022\/09\/IMG20220924085532-300x169.jpg\" alt=\"\" width=\"300\" height=\"169\" srcset=\"https:\/\/soriapasoapaso.es\/wp-content\/uploads\/2022\/09\/IMG20220924085532-300x169.jpg 300w, https:\/\/soriapasoapaso.es\/wp-content\/uploads\/2022\/09\/IMG20220924085532-1024x576.jpg 1024w, https:\/\/soriapasoapaso.es\/wp-content\/uploads\/2022\/09\/IMG20220924085532-768x432.jpg 768w, https:\/\/soriapasoapaso.es\/wp-content\/uploads\/2022\/09\/IMG20220924085532-1536x864.jpg 1536w, https:\/\/soriapasoapaso.es\/wp-content\/uploads\/2022\/09\/IMG20220924085532-2048x1152.jpg 2048w\" sizes=\"auto, (max-width: 300px) 100vw, 300px\" \/> <img loading=\"lazy\" decoding=\"async\" class=\"alignnone size-medium wp-image-10733\" src=\"http:\/\/soriapasoapaso.es\/wp-content\/uploads\/2022\/09\/IMG20220924085739-300x169.jpg\" alt=\"\" width=\"300\" height=\"169\" srcset=\"https:\/\/soriapasoapaso.es\/wp-content\/uploads\/2022\/09\/IMG20220924085739-300x169.jpg 300w, https:\/\/soriapasoapaso.es\/wp-content\/uploads\/2022\/09\/IMG20220924085739-1024x576.jpg 1024w, https:\/\/soriapasoapaso.es\/wp-content\/uploads\/2022\/09\/IMG20220924085739-768x432.jpg 768w, https:\/\/soriapasoapaso.es\/wp-content\/uploads\/2022\/09\/IMG20220924085739-1536x864.jpg 1536w, https:\/\/soriapasoapaso.es\/wp-content\/uploads\/2022\/09\/IMG20220924085739-2048x1152.jpg 2048w\" sizes=\"auto, (max-width: 300px) 100vw, 300px\" \/><\/p>\n<p>El perfil de la ruta es c\u00f3modo y agradable: terreno \u00a0llano y caminos por sendas bien marcadas, mientras\u00a0 consumimos kil\u00f3metros por tierras de labranza, santo y se\u00f1a del paisaje dominante de nuestra querida provincia soriana.<\/p>\n<p>Y\u00a0 en nuestro caminar accedemos a una carretera agr\u00edcola que nos lleva directamente a nuestro objetivo intermedio, que no es otro que la localidad de Blacos. \u00a0Ahora transitamos por una m\u00e1s que confortable v\u00eda de comunicaci\u00f3n agropecuaria que sirve a los usos agr\u00edcolas y conecta localidades pr\u00f3ximas entre s\u00ed.<\/p>\n<p>Apenas 1 Km recorrido por esta v\u00eda, divisamos Blacos, donde haremos la parada obligada para reponer fuerzas (aunque, a decir verdad, en esta ocasi\u00f3n y dado el trazado y el esfuerzo exigido, poco hay que reparar, pero es obligado el descanso).<\/p>\n<p><img loading=\"lazy\" decoding=\"async\" class=\"alignnone size-medium wp-image-10734\" src=\"http:\/\/soriapasoapaso.es\/wp-content\/uploads\/2022\/09\/IMG20220924101646-300x169.jpg\" alt=\"\" width=\"300\" height=\"169\" srcset=\"https:\/\/soriapasoapaso.es\/wp-content\/uploads\/2022\/09\/IMG20220924101646-300x169.jpg 300w, https:\/\/soriapasoapaso.es\/wp-content\/uploads\/2022\/09\/IMG20220924101646-1024x576.jpg 1024w, https:\/\/soriapasoapaso.es\/wp-content\/uploads\/2022\/09\/IMG20220924101646-768x432.jpg 768w, https:\/\/soriapasoapaso.es\/wp-content\/uploads\/2022\/09\/IMG20220924101646-1536x864.jpg 1536w, https:\/\/soriapasoapaso.es\/wp-content\/uploads\/2022\/09\/IMG20220924101646-2048x1152.jpg 2048w\" sizes=\"auto, (max-width: 300px) 100vw, 300px\" \/><img loading=\"lazy\" decoding=\"async\" class=\"alignnone size-medium wp-image-10735\" src=\"http:\/\/soriapasoapaso.es\/wp-content\/uploads\/2022\/09\/DSC08801-300x169.jpg\" alt=\"\" width=\"300\" height=\"169\" srcset=\"https:\/\/soriapasoapaso.es\/wp-content\/uploads\/2022\/09\/DSC08801-300x169.jpg 300w, https:\/\/soriapasoapaso.es\/wp-content\/uploads\/2022\/09\/DSC08801-1024x576.jpg 1024w, https:\/\/soriapasoapaso.es\/wp-content\/uploads\/2022\/09\/DSC08801-768x432.jpg 768w, https:\/\/soriapasoapaso.es\/wp-content\/uploads\/2022\/09\/DSC08801-1536x864.jpg 1536w, https:\/\/soriapasoapaso.es\/wp-content\/uploads\/2022\/09\/DSC08801.jpg 1920w\" sizes=\"auto, (max-width: 300px) 100vw, 300px\" \/><\/p>\n<p>Accedemos a Blacos, ubicado en la v\u00eda pecuaria de la Ca\u00f1ada Real y conocida esta localidad, tiempo atr\u00e1s, por la producci\u00f3n de carb\u00f3n vegetal. Como muchos de los pueblos que visitamos en nuestro camino, apenas vemos gente por las calles, aunque siempre hay\u00a0 \u00a0alg\u00fan paisano (en este caso paisana y conocida de alguno de nuestros compa\u00f1eros) que sale a darnos la bienvenida. Y como toda localidad que visitamos, encontramos gente amable, puntos de inter\u00e9s social, art\u00edstico o urban\u00edstico y, en general, cualquier detalle de ese peque\u00f1o y casi deshabitado pueblito, que en alg\u00fan sitio muestra su encanto singular y su momento para el recuerdo, la fotograf\u00eda o el conocimiento de un valor que nos muestra. Y Blacos no es una excepci\u00f3n. Apenas recorremos unos metros por el interior del pueblo encontramos un interesante\u00a0 y sugerente grafiti, sobre la pared de un almac\u00e9n municipal, dedicada a las mujeres que lavaban la ropa en el r\u00edo o en lavadero del pueblo. Y un texto expl\u00edcito: \u201cAl esfuerzo, c\u00f3mplice, de tantas mujeres que lavaron la ropa tendida\u201d. Se acompa\u00f1a con multitud de huellas de manos pintadas (se supone que de mujeres) que han querido dejar impresa su huella en apoyo de este documento gr\u00e1fico.<\/p>\n<p><img loading=\"lazy\" decoding=\"async\" class=\"alignnone size-medium wp-image-10736\" src=\"http:\/\/soriapasoapaso.es\/wp-content\/uploads\/2022\/09\/DSC08804-300x169.jpg\" alt=\"\" width=\"300\" height=\"169\" srcset=\"https:\/\/soriapasoapaso.es\/wp-content\/uploads\/2022\/09\/DSC08804-300x169.jpg 300w, https:\/\/soriapasoapaso.es\/wp-content\/uploads\/2022\/09\/DSC08804-1024x576.jpg 1024w, https:\/\/soriapasoapaso.es\/wp-content\/uploads\/2022\/09\/DSC08804-768x432.jpg 768w, https:\/\/soriapasoapaso.es\/wp-content\/uploads\/2022\/09\/DSC08804-1536x864.jpg 1536w, https:\/\/soriapasoapaso.es\/wp-content\/uploads\/2022\/09\/DSC08804.jpg 1920w\" sizes=\"auto, (max-width: 300px) 100vw, 300px\" \/> <img loading=\"lazy\" decoding=\"async\" class=\"alignnone size-medium wp-image-10737\" src=\"http:\/\/soriapasoapaso.es\/wp-content\/uploads\/2022\/09\/DSC08806-300x169.jpg\" alt=\"\" width=\"300\" height=\"169\" srcset=\"https:\/\/soriapasoapaso.es\/wp-content\/uploads\/2022\/09\/DSC08806-300x169.jpg 300w, https:\/\/soriapasoapaso.es\/wp-content\/uploads\/2022\/09\/DSC08806-1024x576.jpg 1024w, https:\/\/soriapasoapaso.es\/wp-content\/uploads\/2022\/09\/DSC08806-768x432.jpg 768w, https:\/\/soriapasoapaso.es\/wp-content\/uploads\/2022\/09\/DSC08806-1536x864.jpg 1536w, https:\/\/soriapasoapaso.es\/wp-content\/uploads\/2022\/09\/DSC08806.jpg 1920w\" sizes=\"auto, (max-width: 300px) 100vw, 300px\" \/><\/p>\n<p>Y visita obligada a la Iglesia, siempre centro de inter\u00e9s de nuestros pueblos por lo que han representado en la vida comunitaria (y siguen representando), am\u00e9n de que algunas ocultan tesoros art\u00edsticos dignos de conocer.\u00a0 En este caso, la iglesia parroquial, bajo la advocaci\u00f3n de Santa Mar\u00eda la Mayor, est\u00e1 cerrada. \u00a0As\u00ed que nos limitamos a una perif\u00e9rica observaci\u00f3n exterior sin m\u00e1s pretensiones que encontrar alg\u00fan elemento de inter\u00e9s art\u00edstico. Y a nuestra vista de profanos, no se nos ofrece ninguno.<\/p>\n<p>Y llega la hora del deseado descanso y bocadillo adjunto. Y nada mejor que en uno de los rincones porticados de la plaza del pueblo que, adem\u00e1s, est\u00e1 dotado de una c\u00f3moda mesa y dos bancos adjuntos, para hacer m\u00e1s c\u00f3modo nuestro receso. Como de costumbre, cada cual extrae de sus mochilas las cautivas viandas que han esperado este momento para liberarse de la oscuridad que han soportado en nuestras dom\u00e9sticas alforjas y agradar el tr\u00e1nsito digestivo por el que transcurren con m\u00e1s diligencia. Y, sobre todo, quien da el toque alegre es el trasiego de la bota de vino entre todos los comensales, que hace m\u00e1s liviano el esfuerzo digestivo individual.<\/p>\n<p><img loading=\"lazy\" decoding=\"async\" class=\"alignnone size-medium wp-image-10738\" src=\"http:\/\/soriapasoapaso.es\/wp-content\/uploads\/2022\/09\/DSC08809-300x169.jpg\" alt=\"\" width=\"300\" height=\"169\" srcset=\"https:\/\/soriapasoapaso.es\/wp-content\/uploads\/2022\/09\/DSC08809-300x169.jpg 300w, https:\/\/soriapasoapaso.es\/wp-content\/uploads\/2022\/09\/DSC08809-1024x576.jpg 1024w, https:\/\/soriapasoapaso.es\/wp-content\/uploads\/2022\/09\/DSC08809-768x432.jpg 768w, https:\/\/soriapasoapaso.es\/wp-content\/uploads\/2022\/09\/DSC08809-1536x864.jpg 1536w, https:\/\/soriapasoapaso.es\/wp-content\/uploads\/2022\/09\/DSC08809.jpg 1920w\" sizes=\"auto, (max-width: 300px) 100vw, 300px\" \/> <img loading=\"lazy\" decoding=\"async\" class=\"alignnone size-medium wp-image-10739\" src=\"http:\/\/soriapasoapaso.es\/wp-content\/uploads\/2022\/09\/DSC08810-300x169.jpg\" alt=\"\" width=\"300\" height=\"169\" srcset=\"https:\/\/soriapasoapaso.es\/wp-content\/uploads\/2022\/09\/DSC08810-300x169.jpg 300w, https:\/\/soriapasoapaso.es\/wp-content\/uploads\/2022\/09\/DSC08810-1024x576.jpg 1024w, https:\/\/soriapasoapaso.es\/wp-content\/uploads\/2022\/09\/DSC08810-768x432.jpg 768w, https:\/\/soriapasoapaso.es\/wp-content\/uploads\/2022\/09\/DSC08810-1536x864.jpg 1536w, https:\/\/soriapasoapaso.es\/wp-content\/uploads\/2022\/09\/DSC08810.jpg 1920w\" sizes=\"auto, (max-width: 300px) 100vw, 300px\" \/><\/p>\n<p>Cubiertas las necesidades gastron\u00f3micas, emprendemos el regreso hacia el punto de partida, no sin antes girar visita por alg\u00fan rinc\u00f3n del pueblo que nos queda por descubrir. Y como \u00faltima sorpresa, nos encontramos sobre la tapia de una vivienda particular una frondosa parra, que rebosa racimos de uva negra de excelente sabor. All\u00ed mismo se encuentra su propietario, a quien pedimos permiso para probar las tentadoras uvas que se arraciman generosamente a lo largo y ancho de la parra. El propietario nos ofrece el producto para que lo disfrutemos a nuestra discreci\u00f3n, lo que merece, como no pod\u00eda ser de otra forma, el un\u00e1nime agradecimiento del grupo.<\/p>\n<p>De nuevo tomamos un camino inicial por tierras de labrant\u00edo, que pronto abandonamos para adentrarnos por las inmediaciones de las hoces del Milano. Y en nuestro caminar vamos descubriendo y admirando la riqueza natural que ofrece este desfiladero, donde apreciamos por igual espinos de endrinas, plantas zarzamoras o matas espinosas\u00a0 cargadas de escaramujos. Pero hay una que nos llama especialmente la atenci\u00f3n. Se trata de la planta donde crece el sa\u00faco menor, tambi\u00e9n conocido como mora del perro, \u00e9bulo o yezgo (Gema me repite varias veces este \u00faltimo nombre para que lo retenga), entre los muchos nombres populares con que se conoce esta planta. Produce una baya de color negro, peque\u00f1a y globosa, que en su desarrollo anterior, todav\u00eda inmadura, es altamente t\u00f3xica. Y sus hojas desprenden un aroma f\u00e9tido, que ha sido utilizado para ahuyentar roedores o topos de los espacios habitados.<\/p>\n<p><img loading=\"lazy\" decoding=\"async\" class=\"alignnone size-medium wp-image-10740\" src=\"http:\/\/soriapasoapaso.es\/wp-content\/uploads\/2022\/09\/IMG20220924111713-300x169.jpg\" alt=\"\" width=\"300\" height=\"169\" srcset=\"https:\/\/soriapasoapaso.es\/wp-content\/uploads\/2022\/09\/IMG20220924111713-300x169.jpg 300w, https:\/\/soriapasoapaso.es\/wp-content\/uploads\/2022\/09\/IMG20220924111713-1024x576.jpg 1024w, https:\/\/soriapasoapaso.es\/wp-content\/uploads\/2022\/09\/IMG20220924111713-768x432.jpg 768w, https:\/\/soriapasoapaso.es\/wp-content\/uploads\/2022\/09\/IMG20220924111713-1536x864.jpg 1536w, https:\/\/soriapasoapaso.es\/wp-content\/uploads\/2022\/09\/IMG20220924111713-2048x1152.jpg 2048w\" sizes=\"auto, (max-width: 300px) 100vw, 300px\" \/> <img loading=\"lazy\" decoding=\"async\" class=\"alignnone size-medium wp-image-10741\" src=\"http:\/\/soriapasoapaso.es\/wp-content\/uploads\/2022\/09\/IMG20220924112045-300x169.jpg\" alt=\"\" width=\"300\" height=\"169\" srcset=\"https:\/\/soriapasoapaso.es\/wp-content\/uploads\/2022\/09\/IMG20220924112045-300x169.jpg 300w, https:\/\/soriapasoapaso.es\/wp-content\/uploads\/2022\/09\/IMG20220924112045-1024x576.jpg 1024w, https:\/\/soriapasoapaso.es\/wp-content\/uploads\/2022\/09\/IMG20220924112045-768x432.jpg 768w, https:\/\/soriapasoapaso.es\/wp-content\/uploads\/2022\/09\/IMG20220924112045-1536x864.jpg 1536w, https:\/\/soriapasoapaso.es\/wp-content\/uploads\/2022\/09\/IMG20220924112045-2048x1152.jpg 2048w\" sizes=\"auto, (max-width: 300px) 100vw, 300px\" \/><\/p>\n<p>Enseguida nos adentramos en el cauce seco del r\u00edo Milanos. Para el caminante es una ventaja disfrutar del paisaje desde la l\u00ednea m\u00e1s profunda que nos ofrece el ca\u00f1\u00f3n, donde podemos contemplar el macizo rocoso \u00a0que flanquea este cauce fluvial y apreciar detalles como el nivel m\u00e1ximo que han alcanzado las aguas del r\u00edo en su \u00e9poca de torrentera m\u00e1s fecunda. Sin embargo, el cauce seco de un r\u00edo no deja de ser una carencia de la naturaleza, que ha mermado su\u00a0 capacidad de admiraci\u00f3n por causas \u00a0tanto naturales, como creemos que es este el caso, cuando no\u00a0 por la acci\u00f3n humana. De cualquier forma, nos encontramos en un espacio de indudable belleza paisaj\u00edstica que tenemos ocasi\u00f3n de recorrer desde la \u201cocupaci\u00f3n\u201d de la corriente fluvial y que en otras circunstancias ser\u00eda m\u00e1s dif\u00edcil apreciar por la dificultad de adaptarnos a las exigencias del terreno que transitamos.<\/p>\n<p><img loading=\"lazy\" decoding=\"async\" class=\"alignnone size-medium wp-image-10742\" src=\"http:\/\/soriapasoapaso.es\/wp-content\/uploads\/2022\/09\/DSC08817-300x169.jpg\" alt=\"\" width=\"300\" height=\"169\" srcset=\"https:\/\/soriapasoapaso.es\/wp-content\/uploads\/2022\/09\/DSC08817-300x169.jpg 300w, https:\/\/soriapasoapaso.es\/wp-content\/uploads\/2022\/09\/DSC08817-1024x576.jpg 1024w, https:\/\/soriapasoapaso.es\/wp-content\/uploads\/2022\/09\/DSC08817-768x432.jpg 768w, https:\/\/soriapasoapaso.es\/wp-content\/uploads\/2022\/09\/DSC08817-1536x864.jpg 1536w, https:\/\/soriapasoapaso.es\/wp-content\/uploads\/2022\/09\/DSC08817.jpg 1920w\" sizes=\"auto, (max-width: 300px) 100vw, 300px\" \/> <img loading=\"lazy\" decoding=\"async\" class=\"alignnone size-medium wp-image-10743\" src=\"http:\/\/soriapasoapaso.es\/wp-content\/uploads\/2022\/09\/DSC08818-300x169.jpg\" alt=\"\" width=\"300\" height=\"169\" srcset=\"https:\/\/soriapasoapaso.es\/wp-content\/uploads\/2022\/09\/DSC08818-300x169.jpg 300w, https:\/\/soriapasoapaso.es\/wp-content\/uploads\/2022\/09\/DSC08818-1024x576.jpg 1024w, https:\/\/soriapasoapaso.es\/wp-content\/uploads\/2022\/09\/DSC08818-768x432.jpg 768w, https:\/\/soriapasoapaso.es\/wp-content\/uploads\/2022\/09\/DSC08818-1536x864.jpg 1536w, https:\/\/soriapasoapaso.es\/wp-content\/uploads\/2022\/09\/DSC08818.jpg 1920w\" sizes=\"auto, (max-width: 300px) 100vw, 300px\" \/><\/p>\n<p>Y sobre este suelo, seco y pedregoso, propiedad de las aguas del Milanos que por unos momentos hemos usurpado, vamos haciendo camino, mientras sorteamos los pasos m\u00e1s abruptos para alternar el camino por la orilla del hoy imaginado r\u00edo. Y cuando elevamos la vista sobre la altivez de las rocas verticales que conforman el barranco, no pod\u00eda faltar la presencia de los alados habituales de este tipo de h\u00e1bitat: los buitres. Una pareja de esta especie nos ha observado y tras un breve y majestuoso vuelo sobre nuestras cabezas, ha posado suavemente sobre una elevaci\u00f3n que garantiza su protecci\u00f3n y reposo natural.<\/p>\n<p>El ca\u00f1\u00f3n que recorremos va formando algunas inclinaciones del perfil rocoso, como si quisiera ofrecer\u00a0 imaginarias cuevas al agua que, m\u00e1s pronto o tarde, acompa\u00f1ar\u00e1 su s\u00f3lida y eterna quietud, para hermanarse con su protector y vigilante natural de esta espl\u00e9ndida sociedad que ha conformado la naturaleza.<\/p>\n<p><img loading=\"lazy\" decoding=\"async\" class=\"alignnone size-medium wp-image-10744\" src=\"http:\/\/soriapasoapaso.es\/wp-content\/uploads\/2022\/09\/IMG20220924120446-300x169.jpg\" alt=\"\" width=\"300\" height=\"169\" srcset=\"https:\/\/soriapasoapaso.es\/wp-content\/uploads\/2022\/09\/IMG20220924120446-300x169.jpg 300w, https:\/\/soriapasoapaso.es\/wp-content\/uploads\/2022\/09\/IMG20220924120446-1024x576.jpg 1024w, https:\/\/soriapasoapaso.es\/wp-content\/uploads\/2022\/09\/IMG20220924120446-768x432.jpg 768w, https:\/\/soriapasoapaso.es\/wp-content\/uploads\/2022\/09\/IMG20220924120446-1536x864.jpg 1536w, https:\/\/soriapasoapaso.es\/wp-content\/uploads\/2022\/09\/IMG20220924120446-2048x1152.jpg 2048w\" sizes=\"auto, (max-width: 300px) 100vw, 300px\" \/><img loading=\"lazy\" decoding=\"async\" class=\"alignnone size-medium wp-image-10745\" src=\"http:\/\/soriapasoapaso.es\/wp-content\/uploads\/2022\/09\/DSC08829-300x169.jpg\" alt=\"\" width=\"300\" height=\"169\" srcset=\"https:\/\/soriapasoapaso.es\/wp-content\/uploads\/2022\/09\/DSC08829-300x169.jpg 300w, https:\/\/soriapasoapaso.es\/wp-content\/uploads\/2022\/09\/DSC08829-1024x576.jpg 1024w, https:\/\/soriapasoapaso.es\/wp-content\/uploads\/2022\/09\/DSC08829-768x432.jpg 768w, https:\/\/soriapasoapaso.es\/wp-content\/uploads\/2022\/09\/DSC08829-1536x864.jpg 1536w, https:\/\/soriapasoapaso.es\/wp-content\/uploads\/2022\/09\/DSC08829.jpg 1920w\" sizes=\"auto, (max-width: 300px) 100vw, 300px\" \/><\/p>\n<p>Y nosotros nos vamos acercando al final de nuestro recorrido, no sin antes realizar el esfuerzo hasta ahora in\u00e9dito en la frecuencia de nuestras de la ruta\u00a0 y hemos obviado, ahora podemos conocer su significado rutas: una prolongada subida para hacer m\u00e1s atractiva la ruta perge\u00f1ada por nuestros sherpas. En honor\u00a0 a la verdad, tampoco es un ascenso de dif\u00edcil ejecuci\u00f3n. M\u00e1s bien dir\u00edamos que es una \u201ccuestecita\u201d que nos aproxima a la cara sur de la localidad medieval\u00a0 que hoy no visitaremos, pero que tendremos ocasi\u00f3n de contemplar, una vez m\u00e1s,\u00a0 desde otra perspectiva exterior y conocer alg\u00fan detalle que alberga su entorno. En este caso, llegamos hasta el indicador que hemos encontrado al principio hist\u00f3rico. Me refiero al \u201cCastro de los Castejones,\u201d donde \u201cse localizan los restos de un asentamiento de \u00e9poca celtib\u00e9rica datado entre los siglos III-I a.C.\u201d, seg\u00fan reza el cartel explicativo que acompa\u00f1a a estos puntos de inter\u00e9s arqueol\u00f3gico.<\/p>\n<p><img loading=\"lazy\" decoding=\"async\" class=\"alignnone size-medium wp-image-10746\" src=\"http:\/\/soriapasoapaso.es\/wp-content\/uploads\/2022\/09\/DSC08830-300x169.jpg\" alt=\"\" width=\"300\" height=\"169\" srcset=\"https:\/\/soriapasoapaso.es\/wp-content\/uploads\/2022\/09\/DSC08830-300x169.jpg 300w, https:\/\/soriapasoapaso.es\/wp-content\/uploads\/2022\/09\/DSC08830-1024x576.jpg 1024w, https:\/\/soriapasoapaso.es\/wp-content\/uploads\/2022\/09\/DSC08830-768x432.jpg 768w, https:\/\/soriapasoapaso.es\/wp-content\/uploads\/2022\/09\/DSC08830-1536x864.jpg 1536w, https:\/\/soriapasoapaso.es\/wp-content\/uploads\/2022\/09\/DSC08830.jpg 1920w\" sizes=\"auto, (max-width: 300px) 100vw, 300px\" \/> <img loading=\"lazy\" decoding=\"async\" class=\"alignnone size-medium wp-image-10747\" src=\"http:\/\/soriapasoapaso.es\/wp-content\/uploads\/2022\/09\/DSC08832-300x169.jpg\" alt=\"\" width=\"300\" height=\"169\" srcset=\"https:\/\/soriapasoapaso.es\/wp-content\/uploads\/2022\/09\/DSC08832-300x169.jpg 300w, https:\/\/soriapasoapaso.es\/wp-content\/uploads\/2022\/09\/DSC08832-1024x576.jpg 1024w, https:\/\/soriapasoapaso.es\/wp-content\/uploads\/2022\/09\/DSC08832-768x432.jpg 768w, https:\/\/soriapasoapaso.es\/wp-content\/uploads\/2022\/09\/DSC08832-1536x864.jpg 1536w, https:\/\/soriapasoapaso.es\/wp-content\/uploads\/2022\/09\/DSC08832.jpg 1920w\" sizes=\"auto, (max-width: 300px) 100vw, 300px\" \/><\/p>\n<p>No solamente el castro descrito tiene su importancia hist\u00f3rica. Transitamos ahora por el conocido como \u201cCamino empedrado\u201d, antiguamente la salida de Calata\u00f1azor hacia el p\u00e1ramo, que conectaba con otras localidades pr\u00f3ximas y a la ca\u00f1ada Real de Soria. \u201cLa pendiente que presenta este tramo \u2013 se puede leer en el cartel informativo-\u00a0\u00a0 provocaba que los d\u00edas de lluvia se formaran peque\u00f1as<\/p>\n<p><img loading=\"lazy\" decoding=\"async\" class=\"alignnone size-medium wp-image-10750\" src=\"http:\/\/soriapasoapaso.es\/wp-content\/uploads\/2022\/09\/1664038476550-300x135.jpg\" alt=\"\" width=\"300\" height=\"135\" srcset=\"https:\/\/soriapasoapaso.es\/wp-content\/uploads\/2022\/09\/1664038476550-300x135.jpg 300w, https:\/\/soriapasoapaso.es\/wp-content\/uploads\/2022\/09\/1664038476550-1024x461.jpg 1024w, https:\/\/soriapasoapaso.es\/wp-content\/uploads\/2022\/09\/1664038476550-768x345.jpg 768w, https:\/\/soriapasoapaso.es\/wp-content\/uploads\/2022\/09\/1664038476550-1536x691.jpg 1536w, https:\/\/soriapasoapaso.es\/wp-content\/uploads\/2022\/09\/1664038476550-2048x921.jpg 2048w\" sizes=\"auto, (max-width: 300px) 100vw, 300px\" \/><img loading=\"lazy\" decoding=\"async\" class=\"alignnone size-medium wp-image-10751\" src=\"http:\/\/soriapasoapaso.es\/wp-content\/uploads\/2022\/09\/IMG20220924121906-300x169.jpg\" alt=\"\" width=\"300\" height=\"169\" srcset=\"https:\/\/soriapasoapaso.es\/wp-content\/uploads\/2022\/09\/IMG20220924121906-300x169.jpg 300w, https:\/\/soriapasoapaso.es\/wp-content\/uploads\/2022\/09\/IMG20220924121906-1024x576.jpg 1024w, https:\/\/soriapasoapaso.es\/wp-content\/uploads\/2022\/09\/IMG20220924121906-768x432.jpg 768w, https:\/\/soriapasoapaso.es\/wp-content\/uploads\/2022\/09\/IMG20220924121906-1536x864.jpg 1536w, https:\/\/soriapasoapaso.es\/wp-content\/uploads\/2022\/09\/IMG20220924121906-2048x1152.jpg 2048w\" sizes=\"auto, (max-width: 300px) 100vw, 300px\" \/><\/p>\n<p>torrenteras que pod\u00edan da\u00f1arlo. Como soluci\u00f3n a este problema se construyeron a modo de dique varios canales transversales al camino que dirig\u00edan el agua al lateral y as\u00ed desaguar el barranco\u201d. Como hubi\u00e9ramos proclamado en los 60: \u00a1imaginaci\u00f3n al poder!<\/p>\n<p>Desde aqu\u00ed tenemos otra vista frontal del perfil de Calata\u00f1azor. No desaprovechamos la oportunidad para dejar testimonio de esta estampa en nuestras\u00a0 c\u00e1maras fotogr\u00e1ficas.<\/p>\n<p><img loading=\"lazy\" decoding=\"async\" class=\"alignnone size-medium wp-image-10748\" src=\"http:\/\/soriapasoapaso.es\/wp-content\/uploads\/2022\/09\/DSC08835-300x169.jpg\" alt=\"\" width=\"300\" height=\"169\" srcset=\"https:\/\/soriapasoapaso.es\/wp-content\/uploads\/2022\/09\/DSC08835-300x169.jpg 300w, https:\/\/soriapasoapaso.es\/wp-content\/uploads\/2022\/09\/DSC08835-1024x576.jpg 1024w, https:\/\/soriapasoapaso.es\/wp-content\/uploads\/2022\/09\/DSC08835-768x432.jpg 768w, https:\/\/soriapasoapaso.es\/wp-content\/uploads\/2022\/09\/DSC08835-1536x864.jpg 1536w, https:\/\/soriapasoapaso.es\/wp-content\/uploads\/2022\/09\/DSC08835.jpg 1920w\" sizes=\"auto, (max-width: 300px) 100vw, 300px\" \/> <img loading=\"lazy\" decoding=\"async\" class=\"alignnone size-medium wp-image-10749\" src=\"http:\/\/soriapasoapaso.es\/wp-content\/uploads\/2022\/09\/DSC08836-300x169.jpg\" alt=\"\" width=\"300\" height=\"169\" srcset=\"https:\/\/soriapasoapaso.es\/wp-content\/uploads\/2022\/09\/DSC08836-300x169.jpg 300w, https:\/\/soriapasoapaso.es\/wp-content\/uploads\/2022\/09\/DSC08836-1024x576.jpg 1024w, https:\/\/soriapasoapaso.es\/wp-content\/uploads\/2022\/09\/DSC08836-768x432.jpg 768w, https:\/\/soriapasoapaso.es\/wp-content\/uploads\/2022\/09\/DSC08836-1536x864.jpg 1536w, https:\/\/soriapasoapaso.es\/wp-content\/uploads\/2022\/09\/DSC08836.jpg 1920w\" sizes=\"auto, (max-width: 300px) 100vw, 300px\" \/><\/p>\n<p>Y ya casi al final del camino encontramos una fuente y lavadero \u00a0que hoy d\u00eda se encuentran\u00a0 faltos de agua que los sustenten.<\/p>\n<p>Nos aproximamos al lugar de aparcamiento. Hemos completado la ruta que inaugura el curso. Satisfacci\u00f3n, relax y, sobre todo, compromiso para seguir haciendo caminos por nuestra provincia y\u2026un poco m\u00e1s lejos, cuando nuestros sherpas nos quieran sorprender con otras rutas alternativas, allende nuestro terru\u00f1o.<\/p>\n<p><strong>Agnelo Yubero<\/strong><\/p>\n<p>&nbsp;<\/p>\n","protected":false},"excerpt":{"rendered":"<p>&nbsp; \u00a0\u00a0\u00a0\u00a0\u00a0\u00a0\u00a0\u00a0\u00a0\u00a0\u00a0\u00a0\u00a0\u00a0\u00a0\u00a0\u00a0\u00a0\u00a0\u00a0\u00a0\u00a0\u00a0\u00a0\u00a0\u00a0\u00a0\u00a0\u00a0\u00a0\u00a0\u00a0\u00a0\u00a0\u00a0\u00a0\u00a0\u00a0\u00a0\u00a0\u00a0\u00a0\u00a0\u00a0\u00a0\u00a0\u00a0\u00a0\u00a0\u00a0\u00a0\u00a0\u00a0\u00a0\u00a0\u00a0\u00a0\u00a0\u00a0\u00a0\u00a0\u00a0\u00a0\u00a0\u00a0\u00a0\u00a0\u00a0\u00a0\u00a0 Soria, 24 Septiembre, 2022 &nbsp; \u00a1Estrenamos nueva temporada senderista! Primer d\u00eda de actividad andarina del curso 2022-2023, con una ruta dise\u00f1ada por nuestros sherpas para poner a tono nuestras energ\u00edas de experimentados caminantes, tras la prolongada pausa de los meses de verano, lo que se traduce en un <\/p>\n<p><a class=\"read-more\" href=\"https:\/\/soriapasoapaso.es\/?p=10725\">Read More<\/a><\/p>\n","protected":false},"author":1,"featured_media":10752,"comment_status":"open","ping_status":"open","sticky":false,"template":"","format":"standard","meta":{"footnotes":""},"categories":[21],"tags":[],"class_list":["post-10725","post","type-post","status-publish","format-standard","has-post-thumbnail","hentry","category-rutas"],"_links":{"self":[{"href":"https:\/\/soriapasoapaso.es\/index.php?rest_route=\/wp\/v2\/posts\/10725","targetHints":{"allow":["GET"]}}],"collection":[{"href":"https:\/\/soriapasoapaso.es\/index.php?rest_route=\/wp\/v2\/posts"}],"about":[{"href":"https:\/\/soriapasoapaso.es\/index.php?rest_route=\/wp\/v2\/types\/post"}],"author":[{"embeddable":true,"href":"https:\/\/soriapasoapaso.es\/index.php?rest_route=\/wp\/v2\/users\/1"}],"replies":[{"embeddable":true,"href":"https:\/\/soriapasoapaso.es\/index.php?rest_route=%2Fwp%2Fv2%2Fcomments&post=10725"}],"version-history":[{"count":1,"href":"https:\/\/soriapasoapaso.es\/index.php?rest_route=\/wp\/v2\/posts\/10725\/revisions"}],"predecessor-version":[{"id":10753,"href":"https:\/\/soriapasoapaso.es\/index.php?rest_route=\/wp\/v2\/posts\/10725\/revisions\/10753"}],"wp:featuredmedia":[{"embeddable":true,"href":"https:\/\/soriapasoapaso.es\/index.php?rest_route=\/wp\/v2\/media\/10752"}],"wp:attachment":[{"href":"https:\/\/soriapasoapaso.es\/index.php?rest_route=%2Fwp%2Fv2%2Fmedia&parent=10725"}],"wp:term":[{"taxonomy":"category","embeddable":true,"href":"https:\/\/soriapasoapaso.es\/index.php?rest_route=%2Fwp%2Fv2%2Fcategories&post=10725"},{"taxonomy":"post_tag","embeddable":true,"href":"https:\/\/soriapasoapaso.es\/index.php?rest_route=%2Fwp%2Fv2%2Ftags&post=10725"}],"curies":[{"name":"wp","href":"https:\/\/api.w.org\/{rel}","templated":true}]}}